{"id":9740,"date":"2016-06-15T12:08:49","date_gmt":"2016-06-15T10:08:49","guid":{"rendered":"https:\/\/wp.muchomaas.com\/article-alberto-garzon-bras-gauche-d-unidos-podemos\/"},"modified":"2023-06-23T23:22:32","modified_gmt":"2023-06-23T21:22:32","slug":"article-alberto-garzon-bras-gauche-d-unidos-podemos","status":"publish","type":"post","link":"https:\/\/archives.regards.fr\/?p=9740","title":{"rendered":"Alberto Garzon, bras gauche d&#8217;Unidos Podemos"},"content":{"rendered":"<p class=\"post_excerpt\">Du haut de ses trente ans, Alberto Garzon est aujourd\u2019hui le plus jeune candidat des l\u00e9gislatives espagnoles. Le chef de file d\u2019Izquierda unida (IU) veut faire entendre les valeurs de la gauche \u00e0 l&#8217;Espagne\u2026 et \u00e0 son alli\u00e9 Podemos.<\/p>\n<p>N\u00e9 le 9 octobre 1985 \u00e0 Logro\u00f1o, fils d\u2019un professeur d\u2019histoire-g\u00e9ographie et d\u2019une pharmacienne, Alberto Garzon a deux passions : l\u2019informatique et le football \u2013 il essayera d\u2019int\u00e9grer le club du Deportivo Rincon, sans succ\u00e8s. Dans sa famille, on parle politique, on est de gauche sans s\u2019engager dans un parti. Berc\u00e9 par cet univers, par les jeux vid\u00e9o de strat\u00e9gie ou encore par <em>Le seigneur des anneaux<\/em>, tr\u00e8s jeune, Garzon rejoint l\u2019Union des jeunesses communistes, puis le Parti communiste espagnol. <\/p>\n<h2>Un \u00e9conomiste chez les Indign\u00e9s<\/h2>\n<p>Timide mais charismatique, <a href=\"http:\/\/www.diariosur.es\/malaga\/201411\/30\/lider-precoz-20141130231608.html\">comme le d\u00e9crivent ses parents<\/a>, Alberto Garzon a toujours eu l\u2019\u00e9toffe d\u2019un leader. \u00c0 l\u2019\u00e2ge de dix-huit ans, il int\u00e8gre Izquierda unida (IU). Contre toute attente, il d\u00e9cide de faire des \u00e9tudes d\u2019\u00e9conomie \u00e0 l\u2019universit\u00e9 de Malaga. Cette approche \u00e9conomique de la politique fera sa force. En 2004, il est pr\u00e9sident de l\u2019association des \u00e9tudiants pour une \u00e9conomie critique, avant de rejoindre le d\u00e9partement d\u2019\u00c9conomie de l\u2019universit\u00e9 Complutense de Madrid.<\/p>\n<p>Puis le 15-M est venu bouleverser l\u2019Espagne. Garzon est tr\u00e8s impliqu\u00e9 dans ce qui sera appel\u00e9 le mouvement des Indign\u00e9s. C\u2019est en son sein qu\u2019il se fait remarquer du public et de son parti. En octobre 2011, il est t\u00eate de liste aux l\u00e9gislatives, \u00e9lu \u00e0 Malaga avec 9% des voix. IU obtient alors onze d\u00e9put\u00e9s. En plus de figurer parmi les premiers \u00e9lus de l\u2019histoire du pays \u00e0 rendre publics leurs revenus et patrimoine, il refuse la pension r\u00e9serv\u00e9e aux parlementaires. En 2014, Garzon devient le secr\u00e9taire g\u00e9n\u00e9ral d\u2019IU. Pour les l\u00e9gislatives de d\u00e9cembre 2015, et leur &#8220;remake&#8221; le 26 juin, c\u2019est lui qui est choisi par son parti avec pr\u00e8s de 75% des voix.<\/p>\n<h2>Social-d\u00e9mocrate rouge<\/h2>\n<p>Economiste critique, il n\u2019en est pas moins accus\u00e9 d\u2019\u00eatre parfois <a href=\"http:\/\/www.rebelion.org\/docs\/165367.pdf\">trop &#8220;social-d\u00e9mocrate&#8221;<\/a>, lorsqu\u2019il affirme que le syst\u00e8me capitaliste peut \u00eatre r\u00e9form\u00e9 plut\u00f4t que d\u00e9truit. Garzon d\u00e9fend l\u2019id\u00e9e d\u2019un capitalisme \u00e9thique, encadr\u00e9 par un \u00c9tat tr\u00e8s interventionniste et relanc\u00e9 par une nationalisation des industries. Son ennemi, si l\u2019on peut dire, c\u2019est la finance, le n\u00e9olib\u00e9ralisme et son armada de sp\u00e9culateurs. En \u00e9tant si postkeyn\u00e9sien, Garzon symbolise bien cette \u00e9volution des gauches radicales europ\u00e9ennes vers la social-d\u00e9mocratie qui, simplement en remettant en question l&#8217;absence d&#8217;alternative, passent pour r\u00e9volutionnaires.<\/p>\n<p><img decoding=\"async\" src=\"IMG\/jpg\/garzon-02.jpg\" alt=\"garzon-02.jpg\" data-description=\"Avec Ada Colau et Pablo Iglesias\" align=\"center\" \/><\/p>\n<p>Et pourtant, \u00e0 c\u00f4t\u00e9 de Podemos, c\u2019est bien IU le &#8220;parti de gauche&#8221;. Souvent, Pablo Iglesias aura tent\u00e9 de d\u00e9passer le clivage gauche \/ droite, de jouer sur la centralit\u00e9 du discours et l\u2019opposition peuple \/ caste. Tout \u00e7a lui valant <a href=\"http:\/\/www.infolibre.es\/noticias\/politica\/2015\/10\/22\/alberto_garzon_podemos_hace_propuestas_economicas_que_cada_vez_son_mas_derechas_quot_39524_1012.html\">les critiques de Garzon<\/a>. Une anecdote pour percevoir leurs diff\u00e9rences : lors de l\u2019\u00e9chec d&#8217;Alexis Tsipras \u00e0 l\u2019\u00e9t\u00e9 2015, Podemos a soutenu Syriza quand IU a suivi la position de Yanis Varoufakis. Une vision d\u2019ensemble qui lui vaut d\u2019\u00eatre tout de m\u00eame <a href=\"http:\/\/www.humanite.fr\/blogs\/ce-bon-vent-qui-vient-despagne-606597\">la figure politique pr\u00e9f\u00e9r\u00e9e<\/a> des Espagnols. <\/p>\n<h2>L&#8217;h\u00e9ritage et le renouveau<\/h2>\n<p>Alors que Pablo Iglesias a tout fait pour que la gauche non-socialiste se range sagement sous sa banni\u00e8re violette, quelques t\u00eates ont jou\u00e9 les rebelles. Ada Colau \u00e0 Barcelone, mais aussi Alberto Garzon. Il a ainsi rappel\u00e9 \u00e0 Podemos qu\u2019ils ne sont pas seuls, les poussant \u00e0 <em>\u00ab l\u2019unit\u00e9 populaire \u00bb<\/em>. L\u00e0 o\u00f9 Podemos a voulu faire table rase du pass\u00e9 communiste, notamment en \u00e9liminant les symboles (le vocabulaire, le rouge, l\u2019Internationale, etc.), Garzon tente le grand \u00e9cart entre une gauche renouvel\u00e9e et son h\u00e9ritage. Ce qui lui donne une position bien plus radicale et tranch\u00e9e que Pablo Iglesias. Il est, par exemple, le seul leader politique national \u00e0 appeler de ses v\u0153ux la IIIe R\u00e9publique d\u2019Espagne. <\/p>\n<p>Il y a une forme de comp\u00e9tition entre ces deux enfants du 15-M. Pour s\u00fbr, sans Garzon, IU ne serait plus aujourd\u2019hui qu\u2019un souvenir. Par fid\u00e9lit\u00e9, le trentenaire aura permis \u00e0 son parti de r\u00e9sister \u00e0 Podemos, de lui survivre pour finalement devenir un alli\u00e9 indispensable. Car si le 20 d\u00e9cembre 2015, IU n\u2019avait obtenu que deux d\u00e9put\u00e9s (3,7% des voix), la formation \u00e9colo-communiste est d\u00e9sormais cr\u00e9dit\u00e9e de six \u00e0 sept si\u00e8ges au Congr\u00e8s espagnol. &#8220;Unidos Podemos&#8221; : dans <a href=\"https:\/\/wp.muchomaas.com\/web\/article\/espagne-podemos-et-iu-vers-une-alliance-de-la-gauche-radicale\">cette coalition des <em>\u00ab forces du changement \u00bb<\/em><\/a>, IU pourrait faire la diff\u00e9rence le 26 juin. Pour surpasser les socialistes ?<\/p>\n<p><a href=\"https:\/\/wp.muchomaas.com\/qui-sommes-nous\/article\/soutenez-regards\"><img loading=\"lazy\" decoding=\"async\" class=\" aligncenter size-full wp-image-23118\" src=\"https:\/\/wp.muchomaas.com\/wp-content\/uploads\/2016\/03\/don_insert-601.png\" alt=\"don_insert.png\" align=\"center\" width=\"460\" height=\"210\" \/><\/a><div id='gallery-1' class='gallery galleryid-9740 gallery-columns-3 gallery-size-thumbnail'><figure class='gallery-item'>\n\t\t\t<div class='gallery-icon landscape'>\n\t\t\t\t<a href='https:\/\/archives.regards.fr\/wp-content\/uploads\/2016\/05\/don_insert-393.png'><img loading=\"lazy\" decoding=\"async\" width=\"150\" height=\"150\" src=\"https:\/\/archives.regards.fr\/wp-content\/uploads\/2016\/05\/don_insert-393-150x150.png\" class=\"attachment-thumbnail size-thumbnail\" alt=\"don_insert.png\" \/><\/a>\n\t\t\t<\/div><\/figure><figure class='gallery-item'>\n\t\t\t<div class='gallery-icon landscape'>\n\t\t\t\t<a href='https:\/\/archives.regards.fr\/wp-content\/uploads\/2016\/06\/garzon-01-62a.jpg'><img loading=\"lazy\" decoding=\"async\" width=\"150\" height=\"150\" src=\"https:\/\/archives.regards.fr\/wp-content\/uploads\/2016\/06\/garzon-01-62a-150x150.jpg\" class=\"attachment-thumbnail size-thumbnail\" alt=\"garzon-01.jpg\" \/><\/a>\n\t\t\t<\/div><\/figure>\n\t\t<\/div>\n<\/p>\n","protected":false},"excerpt":{"rendered":"<p>Du haut de ses trente ans, Alberto Garzon est aujourd\u2019hui le plus jeune candidat des l\u00e9gislatives espagnoles. Le chef de file d\u2019Izquierda unida (IU) veut faire entendre les valeurs de la gauche \u00e0 l&#8217;Espagne\u2026 et \u00e0 son alli\u00e9 Podemos.<\/p>\n","protected":false},"author":1203,"featured_media":23118,"comment_status":"open","ping_status":"open","sticky":false,"template":"","format":"standard","meta":{"_themeisle_gutenberg_block_has_review":false,"footnotes":""},"categories":[157],"tags":[419,483],"class_list":["post-9740","post","type-post","status-publish","format-standard","has-post-thumbnail","hentry","category-web","tag-espagne","tag-podemos"],"_links":{"self":[{"href":"https:\/\/archives.regards.fr\/index.php?rest_route=\/wp\/v2\/posts\/9740","targetHints":{"allow":["GET"]}}],"collection":[{"href":"https:\/\/archives.regards.fr\/index.php?rest_route=\/wp\/v2\/posts"}],"about":[{"href":"https:\/\/archives.regards.fr\/index.php?rest_route=\/wp\/v2\/types\/post"}],"author":[{"embeddable":true,"href":"https:\/\/archives.regards.fr\/index.php?rest_route=\/wp\/v2\/users\/1203"}],"replies":[{"embeddable":true,"href":"https:\/\/archives.regards.fr\/index.php?rest_route=%2Fwp%2Fv2%2Fcomments&post=9740"}],"version-history":[{"count":0,"href":"https:\/\/archives.regards.fr\/index.php?rest_route=\/wp\/v2\/posts\/9740\/revisions"}],"wp:featuredmedia":[{"embeddable":true,"href":"https:\/\/archives.regards.fr\/index.php?rest_route=\/wp\/v2\/media\/23118"}],"wp:attachment":[{"href":"https:\/\/archives.regards.fr\/index.php?rest_route=%2Fwp%2Fv2%2Fmedia&parent=9740"}],"wp:term":[{"taxonomy":"category","embeddable":true,"href":"https:\/\/archives.regards.fr\/index.php?rest_route=%2Fwp%2Fv2%2Fcategories&post=9740"},{"taxonomy":"post_tag","embeddable":true,"href":"https:\/\/archives.regards.fr\/index.php?rest_route=%2Fwp%2Fv2%2Ftags&post=9740"}],"curies":[{"name":"wp","href":"https:\/\/api.w.org\/{rel}","templated":true}]}}