{"id":9723,"date":"2016-06-06T16:38:56","date_gmt":"2016-06-06T14:38:56","guid":{"rendered":"https:\/\/wp.muchomaas.com\/article-entre-le-pcf-et-melenchon-encore-quelques-degres-de-separation\/"},"modified":"2023-06-23T23:22:29","modified_gmt":"2023-06-23T21:22:29","slug":"article-entre-le-pcf-et-melenchon-encore-quelques-degres-de-separation","status":"publish","type":"post","link":"https:\/\/archives.regards.fr\/?p=9723","title":{"rendered":"Entre le PCF et M\u00e9lenchon, encore quelques degr\u00e9s de s\u00e9paration"},"content":{"rendered":"<p class=\"post_excerpt\">Congr\u00e8s du PCF, lancement pr\u00e9sidentiel de Jean-Luc M\u00e9lenchon : les rassemblements de ce dimanche ont permis de mesurer ce qui s\u00e9parait les deux principales composantes du Front de gauche sur la route de 2017. Rien d&#8217;insurmontable\u2026<\/p>\n<p>\u00c0 Paris, entre Stalingrad et Aubervilliers, il y a un canal. Ce dimanche sur la place, Jean-Luc M\u00e9lenchon tenait son premier meeting de la campagne 2017. \u00c0 l\u2019autre bout, Pierre Laurent mangeait des moules en l\u2019honneur du Front populaire. Que signifie cette \u00e9tendue d\u2019eau ? Une voie navigable, un lien possible ? Un foss\u00e9 infranchissable ? On y voit (un peu) plus clair \u00e0 l\u2019issue de ce dimanche o\u00f9 les fr\u00e8res ennemis du Front de gauche se sont tois\u00e9s \u00e0 distance. <\/p>\n<h2>L&#8217;autre solution de Pierre Laurent<\/h2>\n<p>Le PCF cl\u00f4turait de mani\u00e8re festive son congr\u00e8s. Pierre Laurent pouvait souffler avec ses camarades : il venait d\u2019\u00eatre largement r\u00e9\u00e9lu pour son dernier mandat de secr\u00e9taire national. La direction nationale \u00e9tait-elle m\u00eame valid\u00e9e par les congressistes au terme d\u2019une fusion des listes : celle de la majorit\u00e9 et celle affirmant l\u2019objectif de rassembler la gauche radicale \u2013 sans blanc-seing de cette derni\u00e8re. <\/p>\n<p><strong>Lire aussi <a href=\"https:\/\/wp.muchomaas.com\/web\/article\/le-pcf-entre-doutes-et-desirs-de\">&#8220;Le PCF entre doutes et d\u00e9sirs de radicalit\u00e9&#8221;<\/a><\/strong><\/p>\n<p>La direction du Parti communiste a donc l\u2019<em>imprimatur<\/em> des militants pour tenter de faire \u00e9merger l\u2019autre solution dont r\u00eave Pierre Laurent : un candidat rassemblant toute la gauche &#8220;non-hollandaise&#8221;. Officiellement, la porte n\u2019est donc pas ferm\u00e9e pour Jean-Luc M\u00e9lenchon. Mais le PCF veut le voir entrer dans un cadre collectif allant de la gauche de gauche jusqu\u2019aux &#8220;frondeurs&#8221; du Parti socialiste. <\/p>\n<p>Comme le reconna\u00eet lui-m\u00eame Pierre Laurent, le pari est audacieux tant la faisabilit\u00e9 para\u00eet al\u00e9atoire : les frondeurs, tr\u00e8s pr\u00e9sents au congr\u00e8s, continuent de plaider pour une primaire du PS \u2013 avec Hollande. C\u00e9cile Duflot affirme, elle, vouloir une candidature \u00e9cologiste autonome. Le choix du congr\u00e8s en faveur du vote &#8220;oui&#8221; \u00e0 l\u2019a\u00e9roport de Notre-Dame-des-Landes compliquant encore l\u2019objectif strat\u00e9gique \u00e9nonc\u00e9 par ailleurs\u2026 Pierre Laurent, dans un discours fleuve de plus d\u2019une heure, a conclu le congr\u00e8s par un vibrant appel aux \u00e9lecteurs socialistes pour qu\u2019ils refusent de faire de Hollande leur candidat. Solferino les entendra-t-il ? <\/p>\n<p><a href=\"https:\/\/wp.muchomaas.com\/qui-sommes-nous\/article\/soutenez-regards\"><img loading=\"lazy\" decoding=\"async\" class=\" aligncenter size-full wp-image-23118\" src=\"https:\/\/wp.muchomaas.com\/wp-content\/uploads\/2016\/03\/don_insert-601.png\" alt=\"don_insert.png\" align=\"center\" width=\"460\" height=\"210\" \/><\/a><\/p>\n<h2>La &#8220;r\u00e9volution citoyenne&#8221; de M\u00e9lenchon<\/h2>\n<p>\u00c0 une encablure de l\u00e0, Jean-Luc M\u00e9lenchon d\u00e9livrait une toute autre musique devant 10.000 personnes. Son axe central ne portait pas sur le ralliement des socialistes d\u00e9\u00e7us, mais sur la mobilisation des quatre millions d\u2019\u00e9lecteurs de 2012\u2026 fois deux ! Il en appelait aux lutteurs. Ceux des mouvements sociaux d\u2019abord. Les opposants \u00e0 la loi El Khomri, les Goodyear et les salari\u00e9s d\u2019Air France. Mais au-del\u00e0 de ces id\u00e9es partag\u00e9es par toute la gauche sociale, Jean-Luc M\u00e9lenchon a d\u00e9velopp\u00e9 un discours renouvel\u00e9 sur les transformations r\u00e9volutionnaires de l\u2019\u00e9poque. Rompant avec la tradition, il parla peut-\u00eatre davantage du travail que de l\u2019emploi, faisant une large place au contenu m\u00eame des m\u00e9tiers, \u00e0 la souffrance au travail, \u00e0 la bureaucratisation du travail. <\/p>\n<p><strong>Lire aussi <a href=\"https:\/\/wp.muchomaas.com\/web\/article\/jean-luc-melenchon-il-est-de-mon-de-devoir-d-avancer-sans-attendre-le-bon\">Jean-Luc M\u00e9lenchon : \u00ab Il est de mon devoir d\u2019avancer sans attendre le bon vouloir de qui que ce soit \u00bb<\/a><\/strong><\/p>\n<p>Il encha\u00eenait avec des id\u00e9es neuves sur la conqu\u00eate du temps, le temps long du bel ouvrage, du travail, de la cr\u00e9ation, de la d\u00e9mocratie et de la r\u00e9versibilit\u00e9. Il ne manquait pas d\u2019amplifier ce qui devient son marqueur : la mutation \u00e9cologique. Jean-Luc M\u00e9lenchon ass\u00e8che l\u2019espace d\u2019une candidature \u00e9cologiste autonome en ins\u00e9rant la perspective \u00e9colo dans une vision r\u00e9volutionnaire pacifiste et d\u00e9mocratique. Il donne un sens global et non seulement social \u00e0 sa vis\u00e9e, la r\u00e9volution citoyenne.<\/p>\n<p>Pierre Laurent cherche un candidat susceptible de faire pont entre tous les combats, qui ne clive pas et qui rassemble. Jean-Luc M\u00e9lenchon est toujours aussi bouillonnant, mais il b\u00e9n\u00e9ficie d\u2019une exp\u00e9rience partag\u00e9e depuis cinq ans. Crise de l\u2019Europe, crise d\u00e9mocratique, consciences nouvelles des transformations radicales du monde\u2026 il peut d\u00e9ployer son discours sans heurter son auditoire. D\u00e9termination et rassemblement : avec quelques coups de rame et vents favorables, le canal Saint-Denis prendrait r\u00e9trospectivement le sens d&#8217;un trait d&#8217;union.<br \/>\n<div id='gallery-1' class='gallery galleryid-9723 gallery-columns-3 gallery-size-thumbnail'><figure class='gallery-item'>\n\t\t\t<div class='gallery-icon landscape'>\n\t\t\t\t<a href='https:\/\/archives.regards.fr\/wp-content\/uploads\/2016\/05\/don_insert-393.png'><img loading=\"lazy\" decoding=\"async\" width=\"150\" height=\"150\" src=\"https:\/\/archives.regards.fr\/wp-content\/uploads\/2016\/05\/don_insert-393-150x150.png\" class=\"attachment-thumbnail size-thumbnail\" alt=\"don_insert.png\" \/><\/a>\n\t\t\t<\/div><\/figure><figure class='gallery-item'>\n\t\t\t<div class='gallery-icon landscape'>\n\t\t\t\t<a href='https:\/\/archives.regards.fr\/wp-content\/uploads\/2016\/06\/melenchon-pcf-2017-2-a6a.jpg'><img loading=\"lazy\" decoding=\"async\" width=\"150\" height=\"150\" src=\"https:\/\/archives.regards.fr\/wp-content\/uploads\/2016\/06\/melenchon-pcf-2017-2-a6a-150x150.jpg\" class=\"attachment-thumbnail size-thumbnail\" alt=\"melenchon-pcf-2017-2.jpg\" \/><\/a>\n\t\t\t<\/div><\/figure>\n\t\t<\/div>\n<\/p>\n","protected":false},"excerpt":{"rendered":"<p>Congr\u00e8s du PCF, lancement pr\u00e9sidentiel de Jean-Luc M\u00e9lenchon : les rassemblements de ce dimanche ont permis de mesurer ce qui s\u00e9parait les deux principales composantes du Front de gauche sur la route de 2017. Rien d&#8217;insurmontable\u2026<\/p>\n","protected":false},"author":464,"featured_media":23118,"comment_status":"open","ping_status":"open","sticky":false,"template":"","format":"standard","meta":{"_themeisle_gutenberg_block_has_review":false,"footnotes":""},"categories":[157],"tags":[383,406,497],"class_list":["post-9723","post","type-post","status-publish","format-standard","has-post-thumbnail","hentry","category-web","tag-jean-luc-melenchon","tag-pcf","tag-presidentielle-2017"],"_links":{"self":[{"href":"https:\/\/archives.regards.fr\/index.php?rest_route=\/wp\/v2\/posts\/9723","targetHints":{"allow":["GET"]}}],"collection":[{"href":"https:\/\/archives.regards.fr\/index.php?rest_route=\/wp\/v2\/posts"}],"about":[{"href":"https:\/\/archives.regards.fr\/index.php?rest_route=\/wp\/v2\/types\/post"}],"author":[{"embeddable":true,"href":"https:\/\/archives.regards.fr\/index.php?rest_route=\/wp\/v2\/users\/464"}],"replies":[{"embeddable":true,"href":"https:\/\/archives.regards.fr\/index.php?rest_route=%2Fwp%2Fv2%2Fcomments&post=9723"}],"version-history":[{"count":0,"href":"https:\/\/archives.regards.fr\/index.php?rest_route=\/wp\/v2\/posts\/9723\/revisions"}],"wp:featuredmedia":[{"embeddable":true,"href":"https:\/\/archives.regards.fr\/index.php?rest_route=\/wp\/v2\/media\/23118"}],"wp:attachment":[{"href":"https:\/\/archives.regards.fr\/index.php?rest_route=%2Fwp%2Fv2%2Fmedia&parent=9723"}],"wp:term":[{"taxonomy":"category","embeddable":true,"href":"https:\/\/archives.regards.fr\/index.php?rest_route=%2Fwp%2Fv2%2Fcategories&post=9723"},{"taxonomy":"post_tag","embeddable":true,"href":"https:\/\/archives.regards.fr\/index.php?rest_route=%2Fwp%2Fv2%2Ftags&post=9723"}],"curies":[{"name":"wp","href":"https:\/\/api.w.org\/{rel}","templated":true}]}}