{"id":9679,"date":"2016-05-19T18:29:03","date_gmt":"2016-05-19T16:29:03","guid":{"rendered":"https:\/\/wp.muchomaas.com\/article-sommaire-no67-l-ordre-par-la-forceviolences\/"},"modified":"2023-06-23T23:22:16","modified_gmt":"2023-06-23T21:22:16","slug":"article-sommaire-no67-l-ordre-par-la-forceviolences","status":"publish","type":"post","link":"https:\/\/archives.regards.fr\/?p=9679","title":{"rendered":"Num\u00e9ro de mai 2016 du e-mensuel"},"content":{"rendered":"<strong>Sommaire N\u00b067<br>\nL&#8217;ORDRE PAR LA FORCE<\/strong>\n\n<p>\n\n\n\n<strong>Violences polici\u00e8res : l\u2019ordre par la force<\/strong><br>\nL\u2019effervescence sociale actuelle se confronte \u00e0 des brutalit\u00e9s polici\u00e8res projet\u00e9es au devant du d\u00e9bat public. Changement de doctrine, r\u00e9pression des mobilisations, impunit\u00e9 : le maintien de l\u2019ordre ne masque plus ses finalit\u00e9s politiques.<br>\nP. 04 &#8211; Faut-il chanter \u00abTout le monde d\u00e9teste la police\u00bb ou \u00abCRS avec nous \u00bb ?<br>\nP. 10 &#8211; 1er mai : la d\u00e9route des forces de l\u2019ordre<br>\nP. 14 &#8211; Aline Daill\u00e8re : \u00ab On assiste \u00e0 un r\u00e9veil citoyen\nsur les violences polici\u00e8res \u00bb\n\n<p>\n\n<strong>Parti communiste : le congr\u00e8s de la d\u00e9croissance<\/strong><br>\nLe 37e congr\u00e8s du PCF se tiendra d\u00e9but juin dans un contexte de perte d\u2019influence qui alimente les divergences internes. \u00c0 un an d\u2019\u00e9ch\u00e9ances \u00e9lectorales majeures, le d\u00e9bat sur la strat\u00e9gie \u00e0 adopter n\u2019en sera que plus crucial.<br>\nP. 20 &#8211; PCF : l\u2019\u00e8re des incertitudes<br>\nP. 28 &#8211; Le PCF entre doutes et d\u00e9sirs de radicalit\u00e9\n\n<p>\n\n\n\n<strong>2017 : la majorit\u00e9 se raccroche aux branches<\/strong><br>\nInattendue, joyeuse, incertaine, la Nuit debout essaime et grandit en suscitant une s\u00e9rie d\u2019interrogations sur ses suites. Mais il ne fait pas doute que ce mouvement citoyen peut constituer un \u00e9lectrochoc politique.\n<br>\nP. 32 &#8211; L\u2019alliance avec la droite, c\u2019est maintenant !<br>\nP. 36 &#8211; Macron, l\u2019aspiration par le vide<br>\nP. 40 &#8211; Le Guen, phare de la pens\u00e9e\n\n<p>\n\n <iframe loading=\"lazy\" width=\"460\" height=\"327\" src=\"\/\/e.issuu.com\/embed.html#6130135\/35784872\" frameborder=\"0\" allowfullscreen><\/iframe> \n<h2 class=\"wp-block-heading\">Documents joints<\/h2>\n\n\n\n<div class=\"wp-block-file\"><a href=\"https:\/\/wp.muchomaas.com\/wp-content\/uploads\/2016\/05\/66_light-08c.pdf\">Version imprimable avec images<\/a><\/div>\n\n\n\n<div class=\"wp-block-file\"><a href=\"https:\/\/wp.muchomaas.com\/wp-content\/uploads\/2016\/05\/66_light_sansimages-72e.pdf\">Version imprimable sans images<\/a><\/div>\n\n\n","protected":false},"excerpt":{"rendered":"<p>Sommaire N\u00b067 L&#8217;ORDRE PAR LA FORCE Violences polici\u00e8res : l\u2019ordre par la force L\u2019effervescence sociale actuelle se confronte \u00e0 des brutalit\u00e9s polici\u00e8res projet\u00e9es au devant du d\u00e9bat public. Changement de doctrine, r\u00e9pression des mobilisations, impunit\u00e9 : le maintien de l\u2019ordre ne masque plus ses finalit\u00e9s politiques. P. 04 &#8211; Faut-il chanter \u00abTout le monde d\u00e9teste [&hellip;]<\/p>\n","protected":false},"author":1,"featured_media":0,"comment_status":"open","ping_status":"open","sticky":false,"template":"","format":"standard","meta":{"_themeisle_gutenberg_block_has_review":false,"footnotes":""},"categories":[1],"tags":[359],"class_list":["post-9679","post","type-post","status-publish","format-standard","hentry","category-non-classe","tag-exclure-de-la-home"],"_links":{"self":[{"href":"https:\/\/archives.regards.fr\/index.php?rest_route=\/wp\/v2\/posts\/9679","targetHints":{"allow":["GET"]}}],"collection":[{"href":"https:\/\/archives.regards.fr\/index.php?rest_route=\/wp\/v2\/posts"}],"about":[{"href":"https:\/\/archives.regards.fr\/index.php?rest_route=\/wp\/v2\/types\/post"}],"author":[{"embeddable":true,"href":"https:\/\/archives.regards.fr\/index.php?rest_route=\/wp\/v2\/users\/1"}],"replies":[{"embeddable":true,"href":"https:\/\/archives.regards.fr\/index.php?rest_route=%2Fwp%2Fv2%2Fcomments&post=9679"}],"version-history":[{"count":0,"href":"https:\/\/archives.regards.fr\/index.php?rest_route=\/wp\/v2\/posts\/9679\/revisions"}],"wp:attachment":[{"href":"https:\/\/archives.regards.fr\/index.php?rest_route=%2Fwp%2Fv2%2Fmedia&parent=9679"}],"wp:term":[{"taxonomy":"category","embeddable":true,"href":"https:\/\/archives.regards.fr\/index.php?rest_route=%2Fwp%2Fv2%2Fcategories&post=9679"},{"taxonomy":"post_tag","embeddable":true,"href":"https:\/\/archives.regards.fr\/index.php?rest_route=%2Fwp%2Fv2%2Ftags&post=9679"}],"curies":[{"name":"wp","href":"https:\/\/api.w.org\/{rel}","templated":true}]}}