{"id":9580,"date":"2016-04-15T01:19:17","date_gmt":"2016-04-14T23:19:17","guid":{"rendered":"https:\/\/wp.muchomaas.com\/article-l-alliance-avec-la-droite-c-est\/"},"modified":"2023-06-23T23:21:51","modified_gmt":"2023-06-23T21:21:51","slug":"article-l-alliance-avec-la-droite-c-est","status":"publish","type":"post","link":"https:\/\/archives.regards.fr\/?p=9580","title":{"rendered":"L&#8217;alliance avec la droite, c&#8217;est maintenant !"},"content":{"rendered":"<p class=\"post_excerpt\">De Valls \u00e0 Macron en passant par Le Guen et Cambad\u00e9lis, le PS et le gouvernement pr\u00e9parent le terrain au grand rapprochement \u00e0 venir. Appels du pied, lancements de bidules attrape-tout : pour survivre, cette gauche compte sur la droite.<\/p>\n<p>C&#8217;est Jean-Marie Le Guen, en \u00e9claireur des basses besognes, qui <a href=\"http:\/\/www.lefigaro.fr\/politique\/le-scan\/citations\/2016\/04\/10\/25002-20160410ARTFIG00148-2017-jean-marie-le-guen-plaide-pour-des-convergences-gauche-droite.php\">a balis\u00e9 le terrain<\/a> : <em>\u00ab \u00c7a ne me choquerait pas que demain, apr\u00e8s 2017, il y ait des personnalit\u00e9s d&#8217;horizons diff\u00e9rents qui travaillent ensemble \u00bb<\/em>. Le secr\u00e9taire d\u2019\u00c9tat charg\u00e9 des Relations avec le Parlement ajoute : <em>\u00ab Est-ce qu&#8217;on peut penser v\u00e9ritablement qu&#8217;on va gouverner la France demain avec 25% ou 30% avec les r\u00e9formes et les difficult\u00e9s li\u00e9es au terrorisme ? \u00bb<\/em><br \/>\n<a href=\"https:\/\/wp.muchomaas.com\/qui-sommes-nous\/article\/soutenez-regards\"><img loading=\"lazy\" decoding=\"async\" class=\" aligncenter size-full wp-image-23118\" src=\"https:\/\/wp.muchomaas.com\/wp-content\/uploads\/2016\/03\/don_insert-601.png\" alt=\"don_insert.png\" align=\"center\" width=\"460\" height=\"210\" \/><\/a><br \/>\nEt pour que cela soit tout \u00e0 fait clair, il pr\u00e9cise encore son propos au sujet des futures l\u00e9gislatives : <em>\u00ab Si demain, c&#8217;est le candidat de gauche qui est en t\u00eate au premier tour, enfin qui est qualifi\u00e9, il faudra qu&#8217;il aille chercher les \u00e9lecteurs de droite. Si c&#8217;est le candidat de droite, il faudra qu&#8217;il aille chercher les \u00e9lecteurs de gauche. Pas en les m\u00e9prisant, pas en ne passant pas des compromis avec leurs aspirations \u00bb.<\/em><\/p>\n<h2>&#8220;D\u00e9passement des clivages&#8221;, formation &#8220;non partisane&#8221; et &#8220;belle alliance&#8221;<\/h2>\n<p>Signe que les fameux \u00e9l\u00e9ments de langage sont bien en place, Manuel Valls ne d\u00e9clare pas autre chose dans <a href=\"http:\/\/www.liberation.fr\/france\/2016\/04\/12\/manuel-valls-la-bataille-de-l-egalite-ne-se-regle-pas-a-coups-de-milliards-seulement_1445737\">une r\u00e9cente interview \u00e0 <em>Lib\u00e9ration<\/em><\/a>. En vrac on y apprend que la prochaine \u00e9lection pr\u00e9sidentielle <em>\u00ab ne pourra pas \u00eatre une r\u00e9p\u00e9tition des pr\u00e9c\u00e9dentes avec l\u2019affrontement classique entre la droite et la gauche. Je ne vois pas non plus les gagnants gouverner seuls, et les perdants reprendre leur cycle de congr\u00e8s ou d\u2019assises \u00bb<\/em>, et qu&#8217;\u00e9videmment il <em>\u00ab continue \u00e0 penser que le d\u00e9passement des clivages partisans s\u2019impose \u00bb<\/em> et que tout naturellement droite et gauche peuvent <em>\u00ab parfaitement nouer des pactes \u00bb<\/em>.<\/p>\n<p>De son c\u00f4t\u00e9, la nouvelle formation En marche, lanc\u00e9e par le ministre de l&#8217;\u00c9conomie, ne sera <em>\u00ab ni \u00e0 gauche, ni \u00e0 droite \u00bb<\/em> et se revendique d&#8217;une <em>\u00ab d\u00e9marche non partisane \u00bb<\/em>. Adoub\u00e9e par le chef de l\u2019\u00c9tat, cette initiative a \u00e9t\u00e9 encens\u00e9e par Jean-Pierre Raffarin et qualifi\u00e9e de <em>\u00ab rafra\u00eechissante \u00bb<\/em> par Pierre Gattaz (lire <a href=\"https:\/\/wp.muchomaas.com\/web\/article\/macron-emballage-sous-vide\">&#8220;Macron, l&#8217;aspiration par le vide&#8221;<\/a>). Bref, rien que de tr\u00e8s normal.<\/p>\n<p>Pour que le tableau soit complet, il manquait la touche d&#8217;inventivit\u00e9 du premier secr\u00e9taire du Parti socialiste. C&#8217;est chose faite avec la Belle alliance populaire. Cette f\u00e9d\u00e9ration qui, selon Jean-Christophe Cambad\u00e9lis, vise \u00e0 <em>\u00ab la substitution au PS d&#8217;une formation politique rassemblant tous ceux qui auront particip\u00e9 \u00bb<\/em> \u00e0 la prochaine \u00e9lection de 2017. On ne peut pas dire que le casting \u2013 ni beau, ni populaire \u00e0 dire vrai \u2013 fasse bien envie : Jean-Luc Benhamias (ex EELV, ex Modem\u2026), l&#8217;in\u00e9vitable Jean-Vincent Plac\u00e9, la recrue de choix qu&#8217;est l&#8217;ancienne ministre de Sarkozy, Fadela Amara\u2026 Ajoutons un soup\u00e7on de Parti radical de gauche et la boucle et boucl\u00e9e. <\/p>\n<h2>Unir la gauche pour gouverner avec la droite<\/h2>\n<p>Pourtant, les m\u00eames enjoignent toute la gauche, sous peine de cataclysme ou d&#8217;apocalypse, \u00e0 se rassembler d\u00e8s le premier tour derri\u00e8re Fran\u00e7ois Hollande. Unir toute la gauche pour gouverner ensuite avec la droite rel\u00e8ve assur\u00e9ment d&#8217;une conception subtile de la dialectique. Mais le pari des fossoyeurs de l&#8217;\u00c9lys\u00e9e et Matignon peut se r\u00e9sumer ainsi :<\/p>\n<p><strong>1.<\/strong> D&#8217;abord essayer d&#8217;assurer une pr\u00e9sence au second tour de Fran\u00e7ois Hollande face \u00e0 Marine Le Pen, synonyme de r\u00e9\u00e9lection m\u00eame si le score risque d&#8217;\u00eatre \u00e9triqu\u00e9. C&#8217;est \u00e0 dire vrai, le plus compliqu\u00e9.<br \/>\n<strong>2.<\/strong> La r\u00e9\u00e9lection du pr\u00e9sident sortant devrait logiquement susciter une d\u00e9flagration au sein de la droite parlementaire face \u00e0 ce qui aurait d\u00fb \u00eatre une \u00e9lection imperdable. Une partition devrait alors s&#8217;op\u00e9rer entre le secteur le plus r\u00e9actionnaire qui se tournera vers le Front national et le secteur plus mod\u00e9r\u00e9 qui s&#8217;y refusera.<br \/>\n<strong>3.<\/strong> Fran\u00e7ois Hollande sait parfaitement que son \u00e9ventuelle r\u00e9\u00e9lection le serait par d\u00e9faut et qu&#8217;il ne b\u00e9n\u00e9ficierait d&#8217;aucune dynamique au moment des l\u00e9gislatives. En bref, il sait qu&#8217;il n&#8217;aura pas avec ses seuls soutiens de majorit\u00e9 parlementaire et qu&#8217;il lui faudra s&#8217;appuyer sur une partie de la droite mod\u00e9r\u00e9e.<\/p>\n<p>Hollande et sa clique ne sont pas seulement responsables d&#8217;un quinquennat calamiteux et d\u00e9shonorant. Ils ambitionnent d\u00e9sormais de parachever leur \u0153uvre par un gouvernement gauche\/droite qui est la norme au sein de l&#8217;Union europ\u00e9enne. Il ne s&#8217;agit pas l\u00e0 d&#8217;un quelconque proc\u00e8s d&#8217;intention, mais le constat d&#8217;une orientation pleinement assum\u00e9e et exprim\u00e9e comme telle.<\/p>\n<p>Face \u00e0 un tel projet, chacun \u00e0 gauche est d\u00e9sormais devant ses responsabilit\u00e9s et doit en tirer toutes les cons\u00e9quences. Le temps n&#8217;est plus aux arabesques et aux circonvolutions, mais \u00e0 l&#8217;affrontement. <div id='gallery-1' class='gallery galleryid-9580 gallery-columns-3 gallery-size-thumbnail'><figure class='gallery-item'>\n\t\t\t<div class='gallery-icon landscape'>\n\t\t\t\t<a href='https:\/\/archives.regards.fr\/wp-content\/uploads\/2016\/04\/belle-alliance-1-731.jpg'><img loading=\"lazy\" decoding=\"async\" width=\"150\" height=\"150\" src=\"https:\/\/archives.regards.fr\/wp-content\/uploads\/2016\/04\/belle-alliance-1-731-150x150.jpg\" class=\"attachment-thumbnail size-thumbnail\" alt=\"belle-alliance-1.jpg\" \/><\/a>\n\t\t\t<\/div><\/figure><figure class='gallery-item'>\n\t\t\t<div class='gallery-icon landscape'>\n\t\t\t\t<a href='https:\/\/archives.regards.fr\/wp-content\/uploads\/2016\/05\/don_insert-393.png'><img loading=\"lazy\" decoding=\"async\" width=\"150\" height=\"150\" src=\"https:\/\/archives.regards.fr\/wp-content\/uploads\/2016\/05\/don_insert-393-150x150.png\" class=\"attachment-thumbnail size-thumbnail\" alt=\"don_insert.png\" \/><\/a>\n\t\t\t<\/div><\/figure>\n\t\t<\/div>\n<\/p>\n","protected":false},"excerpt":{"rendered":"<p>De Valls \u00e0 Macron en passant par Le Guen et Cambad\u00e9lis, le PS et le gouvernement pr\u00e9parent le terrain au grand rapprochement \u00e0 venir. Appels du pied, lancements de bidules attrape-tout : pour survivre, cette gauche compte sur la droite.<\/p>\n","protected":false},"author":1097,"featured_media":23118,"comment_status":"open","ping_status":"open","sticky":false,"template":"","format":"standard","meta":{"_themeisle_gutenberg_block_has_review":false,"footnotes":""},"categories":[157],"tags":[390],"class_list":["post-9580","post","type-post","status-publish","format-standard","has-post-thumbnail","hentry","category-web","tag-parti-socialiste"],"_links":{"self":[{"href":"https:\/\/archives.regards.fr\/index.php?rest_route=\/wp\/v2\/posts\/9580","targetHints":{"allow":["GET"]}}],"collection":[{"href":"https:\/\/archives.regards.fr\/index.php?rest_route=\/wp\/v2\/posts"}],"about":[{"href":"https:\/\/archives.regards.fr\/index.php?rest_route=\/wp\/v2\/types\/post"}],"author":[{"embeddable":true,"href":"https:\/\/archives.regards.fr\/index.php?rest_route=\/wp\/v2\/users\/1097"}],"replies":[{"embeddable":true,"href":"https:\/\/archives.regards.fr\/index.php?rest_route=%2Fwp%2Fv2%2Fcomments&post=9580"}],"version-history":[{"count":0,"href":"https:\/\/archives.regards.fr\/index.php?rest_route=\/wp\/v2\/posts\/9580\/revisions"}],"wp:featuredmedia":[{"embeddable":true,"href":"https:\/\/archives.regards.fr\/index.php?rest_route=\/wp\/v2\/media\/23118"}],"wp:attachment":[{"href":"https:\/\/archives.regards.fr\/index.php?rest_route=%2Fwp%2Fv2%2Fmedia&parent=9580"}],"wp:term":[{"taxonomy":"category","embeddable":true,"href":"https:\/\/archives.regards.fr\/index.php?rest_route=%2Fwp%2Fv2%2Fcategories&post=9580"},{"taxonomy":"post_tag","embeddable":true,"href":"https:\/\/archives.regards.fr\/index.php?rest_route=%2Fwp%2Fv2%2Ftags&post=9580"}],"curies":[{"name":"wp","href":"https:\/\/api.w.org\/{rel}","templated":true}]}}