{"id":9576,"date":"2016-04-14T10:08:45","date_gmt":"2016-04-14T08:08:45","guid":{"rendered":"https:\/\/wp.muchomaas.com\/article-macron-l-aspiration-par-le-vide\/"},"modified":"2023-06-23T23:21:50","modified_gmt":"2023-06-23T21:21:50","slug":"article-macron-l-aspiration-par-le-vide","status":"publish","type":"post","link":"https:\/\/archives.regards.fr\/?p=9576","title":{"rendered":"Macron, l&#8217;aspiration par le vide"},"content":{"rendered":"<p class=\"post_excerpt\">En lan\u00e7ant son mouvement, Emmanuel Macron se pr\u00e9sente comme l&#8217;homme d&#8217;un renouveau trans-partisan. Vendu comme une marque, d\u00e9pourvu de substance, il est surtout le produit du marasme d\u00e9mocratique et de la pens\u00e9e qui gouverne.<\/p>\n<p>Baptis\u00e9 En marche, le &#8220;mouvement&#8221; politique d&#8217;Emmanuel Macron est d&#8217;embl\u00e9e d\u00e9clar\u00e9 &#8220;ni de droite, ni de gauche&#8221;. Pour se convaincre qu&#8217;en pareil cas, on est surtout &#8220;ni de gauche, ni de gauche&#8221;, il a suffi d&#8217;apprendre que son site \u00e9tait <a href=\"https:\/\/www.mediapart.fr\/journal\/france\/070416\/le-patronat-heberge-discretement-emmanuel-macron\">h\u00e9berg\u00e9 par l&#8217;Institut Montaigne<\/a> et qu&#8217;<a href=\"http:\/\/www.lejdd.fr\/Politique\/Emmanuel-Macron-Mon-mouvement-n-est-pas-fait-contre-Hollande-780587\">un cadre de Goldman Sachs<\/a> \u00e9tait missionn\u00e9 pour trouver des financements, puis de constater les r\u00e9actions bienveillantes de Jean-Pierre Raffarin, Nathalie Kosciusko-Morizet ou Pierre Gattaz. <\/p>\n<h2>Le fant\u00f4me de la gauche<\/h2>\n<p>Cette volont\u00e9 de faire dispara\u00eetre le &#8220;vieux clivage&#8221;[[Une recherche sur Internet indique que l&#8217;adjectif est presque automatiquement accol\u00e9 au nom.]] gauche-droite n&#8217;a rien de nouveau, et elle rec\u00e8le une volont\u00e9 d&#8217;abolir le d\u00e9bat politique en ent\u00e9rinant une (petite) fin de l&#8217;histoire : plus besoin de politique, l&#8217;\u00e9conomie impose &#8220;naturellement&#8221; un ordre de n\u00e9cessit\u00e9 indiscutable auquel il s&#8217;agit de s&#8217;adapter[[\u00c0 ce sujet, lire <a href=\"http:\/\/www.latribune.fr\/opinions\/tribunes\/emmanuel-macron-a-t-il-raison-de-vouloir-abolir-le-clivage-droite-gauche-563464.html\">l&#8217;analyse de Romaric Godin<\/a>.]]. Tout r\u00e9calcitrant n&#8217;a tout simplement pas pris la mesure de cette fatalit\u00e9 et, de ce fait, s&#8217;oppose vainement \u00e0 une &#8220;modernit\u00e9&#8221; qu&#8217;il faut embrasser : c&#8217;est lui qui &#8220;bloque&#8221; la soci\u00e9t\u00e9.<\/p>\n<p>La distinction droite-gauche a d&#8217;autant plus perdu sa consistance que les partis de gouvernement se sont attach\u00e9s \u00e0 l&#8217;effacer. Ils n&#8217;expriment plus que des nuances de postures ou des dosages diff\u00e9rents de la purge \u00e0 administrer (lire Roger Martelli : <a href=\"https:\/\/wp.muchomaas.com\/web\/article\/gauche-enquete-sur-une-disparition\">&#8220;Gauche : enqu\u00eate sur une disparition pr\u00e9sum\u00e9e&#8221;<\/a>). Puisqu&#8217;il n&#8217;y a plus de gauche qui vaille, il est possible d&#8217;\u00eatre de droite sans avoir \u00e0 (se) l&#8217;avouer. Macron, qui donne avec insistance des d\u00e9finitions de ce que signifie <em>\u00ab \u00eatre de gauche \u00bb<\/em>, n&#8217;accorde pas une grande importance \u00e0 cette appartenance : <em>\u00ab Je viens de la gauche, mais j&#8217;ai envie de travailler avec des hommes et des femmes de droite \u00bb<\/em>, d\u00e9clarait-il <a href=\"http:\/\/www.francetvinfo.fr\/societe\/debats\/emmanuel-macron-je-crois-dans-les-idees-que-je-defends_1399339.html\">au 20 heures de France 2<\/a> le 10 avril. En pr\u00f4nant <em>\u00ab des solutions beaucoup plus radicales, beaucoup plus en profondeur \u00bb<\/em> \u2013 un radicalisme \u00e9videmment plus lib\u00e9ral que social [[<em>\u00ab Notre syst\u00e8me est injuste et inadapt\u00e9 \u00bb<\/em>, disait le ministre de l&#8217;\u00c9conomie en une du JDD ? Il ne faut pas se tromper sur la nature de la r\u00e9ponse : le syst\u00e8me restera injuste, mais il va \u00eatre adapt\u00e9.]].<\/p>\n<p>Macron annonce beaucoup moins la recomposition du champ politique qu&#8217;il n&#8217;ach\u00e8ve sa d\u00e9composition. Il n&#8217;oppose au discr\u00e9dit des \u00e9lus que leur substitution par la caste post-technocratique des experts, des gardiens de l&#8217;orthodoxie lib\u00e9rale. Lui-m\u00eame affirme qu&#8217;il n&#8217;est <em>\u00ab pas du s\u00e9rail \u00bb<\/em>, d\u00e9nonce <em>\u00ab l&#8217;entre soi \u00bb<\/em>, alors que, \u00e9narque, il est pass\u00e9 par la haute fonction publique et par cette \u00e9lite financi\u00e8re qui a conquis l&#8217;h\u00e9g\u00e9monie id\u00e9ologique (et se d\u00e9guise sous les habits de la &#8220;soci\u00e9t\u00e9 civile&#8221;). <\/p>\n<h2>&#8220;Installer&#8221; la &#8220;marque&#8221; Macron<\/h2>\n<p>L&#8217;artefact Emmanuel Macron est parfaitement adapt\u00e9 au n\u00e9ant politique actuel, dont il est le r\u00e9sultat : une &#8220;image&#8221;, une cote de popularit\u00e9, un profil m\u00e9diag\u00e9nique et des ambitions qui lui permettent d&#8217;alimenter l&#8217;actualit\u00e9. Et un <a href=\"https:\/\/wp.muchomaas.com\/web\/article\/macron-la-collection\">discours fait de mots creux<\/a> qui, mis bout \u00e0 bout, r\u00e9sonnent comme des slogans de publicit\u00e9 institutionnelle pour une banque ou une compagnie d&#8217;assurance. M\u00eame les titres de presse \u00e0 son sujet ressemblent \u00e0 de tels slogans : <em>\u00ab Macron, l&#8217;ambition en mouvement \u00bb<\/em>, a affich\u00e9 la une du <em>Monde<\/em> lundi. Son clip <a href=\"http:\/\/www.arretsurimages.net\/articles\/2016-04-12\/Comment-sourcer-les-videos-du-clip-de-Macron-en-quelques-clics-id8644\">compile des extraits de banques d&#8217;images<\/a> : une iconographie factice et une esth\u00e9tique publicitaire qui font \u00e9cho \u00e0 <a href=\"https:\/\/wp.muchomaas.com\/web\/article\/macron-portrait-du-liquidateur\">la philosophie macronienne et ses psaumes<\/a>.<br \/>\n<br \/>\n<img loading=\"lazy\" decoding=\"async\" class=\" aligncenter size-full wp-image-23233\" src=\"https:\/\/wp.muchomaas.com\/wp-content\/uploads\/2016\/04\/macron-emballage-unes-cda.jpg\" alt=\"macron-emballage-unes.jpg\" align=\"center\" width=\"460\" height=\"610\" srcset=\"https:\/\/archives.regards.fr\/wp-content\/uploads\/2016\/04\/macron-emballage-unes-cda.jpg 460w, https:\/\/archives.regards.fr\/wp-content\/uploads\/2016\/04\/macron-emballage-unes-cda-226x300.jpg 226w\" sizes=\"auto, (max-width: 460px) 100vw, 460px\" \/><br \/>\n<br \/>\nDans un jargon caract\u00e9ristique, les <em>\u00ab communicants nouvelle g\u00e9n\u00e9ration \u00bb<\/em> derri\u00e8re le lancement de sa campagne indiquent aussi bien le caract\u00e8re factice du renouvellement que son inscription dans les codes du marketing : <a href=\"http:\/\/www.leparisien.fr\/politique\/en-marche-la-boite-a-com-d-emmanuel-macron-11-04-2016-5705053.php\">ils parlent<\/a> de <em>\u00ab produit \u00bb<\/em> et de <em>\u00ab marque Macron \u00bb<\/em> \u00e0 <em>\u00ab installer \u00bb<\/em>. Leur \u00e9g\u00e9rie serait un <em>\u00ab game changer \u00bb<\/em> qui <em>\u00ab change les r\u00e8gles du jeu \u00bb<\/em> quand elle se contente, en r\u00e9alit\u00e9, d&#8217;affirmer leur caract\u00e8re intangible et de les r\u00e9citer doctement. Le clip \u00e9gr\u00e8ne ainsi une litanie de mots consensuels [[En gras les termes prononc\u00e9s plusieurs fois. <strong>Id\u00e9es neuves<\/strong>, aller plus loin, oser, en finir avec l&#8217;immobilisme, mal fran\u00e7ais, pays scl\u00e9ros\u00e9, <strong>blocages<\/strong>, privil\u00e8ges, libert\u00e9, ascenseur social en panne, \u00e9galit\u00e9, sentiment d&#8217;abandon, fraternit\u00e9, potentiel, talent, repartir de l&#8217;avant, <strong>France de demain<\/strong>, audace, esprit d&#8217;invention, nouveau monde, opportunit\u00e9s, g\u00e9n\u00e9ration nouvelle, combative, entreprenante, audacieuse et belle.]] mais pas plus d\u00e9finis que le projet politique auquel Macron appelle \u00e0 se joindre une <em>\u00ab alliance de tous ceux qui font avancer le pays \u00bb<\/em>. En d\u00e9finitive, tout se r\u00e9sume \u00e0 filer la m\u00e9taphore du mouvement et de l&#8217;immobilit\u00e9 : <a href=\"https:\/\/www.en-marche.fr\/parcours\/#\/0\/1\">sur le site<\/a>, l&#8217;alternative propos\u00e9e au clic est <em>\u00ab Je marche \u00bb<\/em> ou <em>\u00ab Je reste assis sans rien faire \u00bb<\/em>.<\/p>\n<p>Il est tout \u00e0 fait possible que, dans un tel contexte et tout ectoplasmique qu&#8217;il soit, Macron fasse illusion, qu&#8217;il soit le mieux plac\u00e9 pour se pr\u00e9senter comme la solution au marasme et aux probl\u00e8mes tels que ses pairs les ont formul\u00e9s depuis des ann\u00e9es ; peut-\u00eatre sera-t-il l&#8217;agent du succ\u00e8s \u00e9ternellement report\u00e9 d&#8217;une offre politique au &#8220;centre&#8221; (fa\u00e7on <a href=\"https:\/\/avecuny.wordpress.com\/2016\/04\/13\/le-reve-humide-des-editorialistes-un-ciudadanos-francais\/\">Ciudadanos \u00e0 la fran\u00e7aise<\/a>). <\/p>\n<h2>Le vide sous l&#8217;emballage<\/h2>\n<p>Si l&#8217;on peut douter de l&#8217;assise \u00e9lectorale qu&#8217;offre une popularit\u00e9 sondagi\u00e8re [[Les instituts lui pr\u00eatent d&#8217;ailleurs <a href=\"http:\/\/www.lepoint.fr\/politique\/presidentielle-macron-serait-elimine-au-premier-tour-17-03-2016-2026058_20.php\">peu d&#8217;intentions de vote<\/a>]], il porte les habits de la nouveaut\u00e9 et b\u00e9n\u00e9ficie de la distance qu&#8217;il affiche avec la politique partisane. Au point que certains commentateurs, probablement gagn\u00e9s par la confusion ambiante, <a href=\"http:\/\/tempsreel.nouvelobs.com\/politique\/20160411.OBS8216\/emmanuel-macron-nuit-debout-meme-combat.html\">font un parall\u00e8le avec la Nuit debout<\/a> et ses aspirations en faveur d&#8217;un renouvellement d\u00e9mocratique. Il faut cependant \u00eatre s\u00e9rieusement intoxiqu\u00e9 pour voir en Macron l&#8217;homme du changement : il n&#8217;incarne que le parach\u00e8vement des conqu\u00eates id\u00e9ologiques lib\u00e9rales des trente derni\u00e8res ann\u00e9es et la liquidation du PS. Si la campagne de lancement de En marche ne pr\u00e9sente strictement aucune mesure concr\u00e8te, et ne formule aucune des <em>\u00ab id\u00e9es neuves \u00bb<\/em> invoqu\u00e9es, c&#8217;est principalement parce que le programme est connu, et n&#8217;a aucun caract\u00e8re de nouveaut\u00e9. <\/p>\n<p>L&#8217;enjeu n&#8217;est pas l\u00e0 : il s&#8217;agit plut\u00f4t de marketer le produit, de le mettre dans sa vitrine (les unes des journaux, en particulier). La suite ne rel\u00e8ve pas plus des id\u00e9es, des valeurs ou des principes, mais de ces strat\u00e9gies de conqu\u00eate du pouvoir dans lesquelles nos \u00e9lites investissent toute leur intelligence. Et dans lesquelles la mont\u00e9e de l&#8217;extr\u00eame droite, la crise d\u00e9mocratique, les millions de ch\u00f4meurs et de pr\u00e9caires, les crispations identitaires ne sont que des param\u00e8tres dont on s&#8217;accommode ou dont on joue. <\/p>\n<p>Pr\u00e9sent\u00e9 par les magazines sous des appellations exclamatives (&#8220;OVNI&#8221;, &#8220;coqueluche&#8221;, &#8220;\u00e9lectron libre&#8221;, &#8220;bombe&#8221;, &#8220;fus\u00e9e&#8221;, &#8220;dynamiteur&#8221; et m\u00eame &#8220;fantasme&#8221;), compar\u00e9 \u00e0 Mend\u00e8s-France par Christophe Barbier\u2026 Macron, c&#8217;est tout ce que l&#8217;on veut bien y mettre. L&#8217;emballage est pratique et s\u00e9duisant.<div id='gallery-1' class='gallery galleryid-9576 gallery-columns-3 gallery-size-thumbnail'><figure class='gallery-item'>\n\t\t\t<div class='gallery-icon portrait'>\n\t\t\t\t<a href='https:\/\/archives.regards.fr\/wp-content\/uploads\/2016\/04\/macron-emballage-unes-eed.jpg'><img loading=\"lazy\" decoding=\"async\" width=\"150\" height=\"150\" src=\"https:\/\/archives.regards.fr\/wp-content\/uploads\/2016\/04\/macron-emballage-unes-eed-150x150.jpg\" class=\"attachment-thumbnail size-thumbnail\" alt=\"macron-emballage-unes.jpg\" \/><\/a>\n\t\t\t<\/div><\/figure>\n\t\t<\/div>\n<\/p>\n","protected":false},"excerpt":{"rendered":"<p>En lan\u00e7ant son mouvement, Emmanuel Macron se pr\u00e9sente comme l&#8217;homme d&#8217;un renouveau trans-partisan. Vendu comme une marque, d\u00e9pourvu de substance, il est surtout le produit du marasme d\u00e9mocratique et de la pens\u00e9e qui gouverne.<\/p>\n","protected":false},"author":1188,"featured_media":23233,"comment_status":"open","ping_status":"open","sticky":false,"template":"","format":"standard","meta":{"_themeisle_gutenberg_block_has_review":false,"footnotes":""},"categories":[157],"tags":[487],"class_list":["post-9576","post","type-post","status-publish","format-standard","has-post-thumbnail","hentry","category-web","tag-emmanuel-macron"],"_links":{"self":[{"href":"https:\/\/archives.regards.fr\/index.php?rest_route=\/wp\/v2\/posts\/9576","targetHints":{"allow":["GET"]}}],"collection":[{"href":"https:\/\/archives.regards.fr\/index.php?rest_route=\/wp\/v2\/posts"}],"about":[{"href":"https:\/\/archives.regards.fr\/index.php?rest_route=\/wp\/v2\/types\/post"}],"author":[{"embeddable":true,"href":"https:\/\/archives.regards.fr\/index.php?rest_route=\/wp\/v2\/users\/1188"}],"replies":[{"embeddable":true,"href":"https:\/\/archives.regards.fr\/index.php?rest_route=%2Fwp%2Fv2%2Fcomments&post=9576"}],"version-history":[{"count":0,"href":"https:\/\/archives.regards.fr\/index.php?rest_route=\/wp\/v2\/posts\/9576\/revisions"}],"wp:featuredmedia":[{"embeddable":true,"href":"https:\/\/archives.regards.fr\/index.php?rest_route=\/wp\/v2\/media\/23233"}],"wp:attachment":[{"href":"https:\/\/archives.regards.fr\/index.php?rest_route=%2Fwp%2Fv2%2Fmedia&parent=9576"}],"wp:term":[{"taxonomy":"category","embeddable":true,"href":"https:\/\/archives.regards.fr\/index.php?rest_route=%2Fwp%2Fv2%2Fcategories&post=9576"},{"taxonomy":"post_tag","embeddable":true,"href":"https:\/\/archives.regards.fr\/index.php?rest_route=%2Fwp%2Fv2%2Ftags&post=9576"}],"curies":[{"name":"wp","href":"https:\/\/api.w.org\/{rel}","templated":true}]}}