{"id":9568,"date":"2016-04-12T08:48:37","date_gmt":"2016-04-12T06:48:37","guid":{"rendered":"https:\/\/wp.muchomaas.com\/article-numero-de-mars-avril-2016\/"},"modified":"2016-04-12T08:48:37","modified_gmt":"2016-04-12T06:48:37","slug":"article-numero-de-mars-avril-2016","status":"publish","type":"post","link":"https:\/\/archives.regards.fr\/?p=9568","title":{"rendered":"Num\u00e9ro de mars-avril 2016"},"content":{"rendered":"<p><a href=\"6090\">Pour acc\u00e9der \u00e0 ce num\u00e9ro, cliquez ici<\/a><\/p>\n<p><strong>Sommaire N\u00b065-66<br \/>\nLa Nuit se l\u00e8ve<\/strong><\/p>\n<p><strong>\u00c9dito<\/strong><br \/>\nP. 04 &#8211; \u00ab Manuel Valls, optez plut\u00f4t pour un sursaut de l\u2019\u00e9galit\u00e9 \u00bb<\/p>\n<p><strong>Cette \u00abgauche\u00bb de droite<\/strong><br \/>\nConversion aux \u00ablois\u00bb du march\u00e9, postures s\u00e9curitaires, abandon des libert\u00e9s individuelles et des protections collectives, obsession de l\u2019identit\u00e9 : la d\u00e9rive droiti\u00e8re de l\u2019ex\u00e9cutif et d\u2019une partie de la gauche se poursuit.<br \/>\nP. 08 &#8211; L\u2019extr\u00eame la\u00efcit\u00e9 du \u00abPrintemps r\u00e9publicain\u00bb<br \/>\nP. 12 &#8211; Rossignol raccroch\u00e9e \u00e0 sa branche<br \/>\nP. 16 &#8211; Logiques de l\u2019\u00c9tat policier<\/p>\n<p><strong>Loi travail, le feu aux poudres<\/strong><br \/>\nLe projet de loi El Khomri, aboutissement logique d\u2019une longue s\u00e9rie de reniements gouvernementaux, a remis le mouvement social dans la rue. C\u2019est bien l\u2019avenir du travail qui est en jeu.<br \/>\nP. 22 &#8211; Panique dans l\u2019\u00e9lite<br \/>\nP. 26 &#8211; Cl\u00e9ment S\u00e9n\u00e9chal : \u00ab Le projet de loi travail <br \/>\nprolonge la dislocation actuelle \u00bb<br \/>\nP. 32 &#8211; \u00c9loi Laurent : \u00ab Proposer un manuel<br \/>\nde d\u00e9sintoxication \u00e9conomique \u00bb<\/p>\n<p><strong>Nuit debout : un vent se l\u00e8ve<\/strong><br \/>\nInattendue, joyeuse, incertaine, la Nuit debout essaime et grandit en suscitant une s\u00e9rie d\u2019interrogations sur ses suites. Mais il ne fait pas doute que ce mouvement citoyen peut constituer un \u00e9lectrochoc politique.<br \/>\nP. 38 &#8211; Nuit debout : comment d\u00e9passer l\u2019exp\u00e9rience citoyenne dans un projet politique ?<br \/>\nP. 46 &#8211; Nuit debout : la r\u00e9volte qui vient sera antiautoritaire<br \/>\nP. 50 &#8211; Albert Ogien : \u00ab Il faut souhaiter que la Nuit debout transforme le rapport de la gauche et des citoyens \u00bb<\/p>\n","protected":false},"excerpt":{"rendered":"<p>Pour acc\u00e9der \u00e0 ce num\u00e9ro, cliquez ici Sommaire N\u00b065-66 La Nuit se l\u00e8ve \u00c9dito P. 04 &#8211; \u00ab Manuel Valls, optez plut\u00f4t pour un sursaut de l\u2019\u00e9galit\u00e9 \u00bb Cette \u00abgauche\u00bb de droite Conversion aux \u00ablois\u00bb du march\u00e9, postures s\u00e9curitaires, abandon des libert\u00e9s individuelles et des protections collectives, obsession de l\u2019identit\u00e9 : la d\u00e9rive droiti\u00e8re de [&hellip;]<\/p>\n","protected":false},"author":643,"featured_media":0,"comment_status":"open","ping_status":"open","sticky":false,"template":"","format":"standard","meta":{"_themeisle_gutenberg_block_has_review":false,"footnotes":""},"categories":[1],"tags":[359,371],"class_list":["post-9568","post","type-post","status-publish","format-standard","hentry","category-non-classe","tag-exclure-de-la-home","tag-sommaire"],"_links":{"self":[{"href":"https:\/\/archives.regards.fr\/index.php?rest_route=\/wp\/v2\/posts\/9568","targetHints":{"allow":["GET"]}}],"collection":[{"href":"https:\/\/archives.regards.fr\/index.php?rest_route=\/wp\/v2\/posts"}],"about":[{"href":"https:\/\/archives.regards.fr\/index.php?rest_route=\/wp\/v2\/types\/post"}],"author":[{"embeddable":true,"href":"https:\/\/archives.regards.fr\/index.php?rest_route=\/wp\/v2\/users\/643"}],"replies":[{"embeddable":true,"href":"https:\/\/archives.regards.fr\/index.php?rest_route=%2Fwp%2Fv2%2Fcomments&post=9568"}],"version-history":[{"count":0,"href":"https:\/\/archives.regards.fr\/index.php?rest_route=\/wp\/v2\/posts\/9568\/revisions"}],"wp:attachment":[{"href":"https:\/\/archives.regards.fr\/index.php?rest_route=%2Fwp%2Fv2%2Fmedia&parent=9568"}],"wp:term":[{"taxonomy":"category","embeddable":true,"href":"https:\/\/archives.regards.fr\/index.php?rest_route=%2Fwp%2Fv2%2Fcategories&post=9568"},{"taxonomy":"post_tag","embeddable":true,"href":"https:\/\/archives.regards.fr\/index.php?rest_route=%2Fwp%2Fv2%2Ftags&post=9568"}],"curies":[{"name":"wp","href":"https:\/\/api.w.org\/{rel}","templated":true}]}}