{"id":9526,"date":"2016-03-29T12:40:12","date_gmt":"2016-03-29T10:40:12","guid":{"rendered":"https:\/\/wp.muchomaas.com\/article-les-gauches-du-ps-victimes-du\/"},"modified":"2016-03-29T12:40:12","modified_gmt":"2016-03-29T10:40:12","slug":"article-les-gauches-du-ps-victimes-du","status":"publish","type":"post","link":"https:\/\/archives.regards.fr\/?p=9526","title":{"rendered":"Les gauches du PS victimes du poison pr\u00e9sidentiel ?"},"content":{"rendered":"<p class=\"post_excerpt\">Tout semblait r\u00e9ussir aux gauches du PS : participation remarqu\u00e9e \u00e0 l\u2019Alliance Against Austerity, contre-projet de r\u00e9forme du Code du travail\u2026 Mais deux d\u00e9clarations de candidature \u00e0 la primaire des gauches mettent au jour de profondes divergences.<\/p>\n<p><em>\u00ab Ils me font chier ! \u00bb<\/em> Le commentaire en dit long sur l\u2019\u00e9tat d\u2019esprit des militants et cadres interm\u00e9diaires des gauches du Parti socialiste. Il accueille les d\u00e9clarations de candidature <em>\u00ab probable \u00bb<\/em> pour Beno\u00eet Hamon et plut\u00f4t certaine du c\u00f4t\u00e9 de Marie-No\u00eblle Lienemann \u00e0 la primaire des gauches et des \u00e9cologistes. Cette primaire pourrait avoir lieu dans la premi\u00e8re quinzaine de d\u00e9cembre. Les actes pos\u00e9s par les deux personnalit\u00e9s des gauches du PS semblent percuter un processus marqu\u00e9, derni\u00e8rement, par la production d\u2019un &#8220;contre-projet de loi travail&#8221; et la participation de plusieurs responsables de haut rang des gauches socialistes \u00e0 une r\u00e9union de l\u2019Alliance Against Austerity \u00e0 Ath\u00e8nes.<\/p>\n<p>Depuis plusieurs mois, les d\u00e9put\u00e9s europ\u00e9ens des gauches du PS ont travaill\u00e9 \u00e0 revitaliser un lieu de rencontre entre europarlementaires des diff\u00e9rentes sensibilit\u00e9s de gauche, aussi bien au sein du groupe socialistes et d\u00e9mocrates qu\u2019\u00e9cologistes ou du parti de la gauche europ\u00e9enne (qui rassemble le PCF, Syriza et Podemos, entre autres). Ce <em>left caucus<\/em> est, notamment, anim\u00e9 par Guillaume Balas, le secr\u00e9taire g\u00e9n\u00e9ral du courant Un monde d\u2019avance. Dans la continuit\u00e9, ce dernier, qui est aussi d\u00e9put\u00e9 europ\u00e9en, Emmanuel Maurel, leader de Maintenant la gauche, et Pascal Cherkhi, entre autres, ont ralli\u00e9 Ath\u00e8nes pour participer, le week-end du 19 et 20 mars, \u00e0 une r\u00e9union de l\u2019Alliance Against Austerity.<\/p>\n<h2>Effervescence dans la social-d\u00e9mocratie europ\u00e9enne<\/h2>\n<p>R\u00e9pondant \u00e0 l\u2019invitation d\u2019Alexis Tsipras, les frondeurs du PS ont poursuivi l\u00e0 l\u2019intense travail de mise en commun avec les forces progressistes europ\u00e9ennes, qui les a vus renforcer leurs liens avec Syriza et Podemos, entre autres. <em>\u00ab Au sein de la social-d\u00e9mocratie, nous sommes les alli\u00e9s d\u2019Alexis Tsipras \u00bb<\/em>, confirme l\u2019eurod\u00e9put\u00e9 Emmanuel Maurel. Qui ne cache pas la proximit\u00e9 d\u2019analyse mais aussi de propositions avec l\u2019ex chouchou de la gauche radicale europ\u00e9enne. Lors de cette rencontre europ\u00e9enne, la d\u00e9l\u00e9gation frondeuse a c\u00f4toy\u00e9 des repr\u00e9sentants du Parti travailliste britannique. Signe des d\u00e9bats intenses qui traversent aujourd\u2019hui la social-d\u00e9mocratie europ\u00e9enne.<\/p>\n<p>Autant le PS fran\u00e7ais ne joue aucun r\u00f4le dans l\u2019animation de ces d\u00e9bats au sein du parti socialiste europ\u00e9en, autant les frondeurs font de l\u2019international un de leurs axes de bataille. \u00c0 croire que les \u00e9volutions au sein du Labour depuis l\u2019\u00e9lection de Jeremy Corbyn, la continuit\u00e9 assum\u00e9 par Elio Di Rupo et le Parti socialiste de Wallonie ou les boug\u00e9s observ\u00e9s au sein du PS portugais donnaient des ailes \u00e0 des Fran\u00e7ais qui refusent de jouer le r\u00f4le de &#8220;caution de gauche&#8221; d\u2019une rue de Solferino en pleine errance strat\u00e9gique. Alors que Fran\u00e7ois Hollande et les socialistes fran\u00e7ais semblent avoir int\u00e9rioris\u00e9 une position minoritaire et refusent donc le combat, <em>\u00ab nous ambitionnons de rassembler, \u00e0 l\u2019\u00e9chelle de l\u2019Europe, tous ceux qui s\u2019opposent \u00e0 l\u2019aust\u00e9rit\u00e9 : partis politiques, syndicats, organisations non-gouvernementales \u00bb<\/em>, r\u00e9sume Emmanuel Maurel. <\/p>\n<p>Concr\u00e8tement, en France, cela se traduit par la publication de <em>L\u2019Avenir du travail<\/em>\u00b8 la contre-r\u00e9forme du Code du travail r\u00e9dig\u00e9e par les gauches du PS le 23 mars dernier. Publi\u00e9 la veille de la pr\u00e9sentation de la loi travail en conseil des ministres, le texte des Frondeurs se propose de <em>\u00ab construire un march\u00e9 du travail plus efficace et un Code du travail plus protecteur \u00bb<\/em>, par la <em>\u00ab sur-cotisation \u00bb<\/em> des contrats de travail courts et pr\u00e9caires, et en <em>\u00ab relan\u00e7ant une dynamique de partage du temps de travail \u00bb<\/em>. En outre, les r\u00e9dacteurs souhaitent <em>\u00ab une v\u00e9ritable s\u00e9curit\u00e9 sociale professionnelle, dans le cadre d\u2019une protection sociale refond\u00e9e \u00bb, et \u00ab redynamiser le syndicalisme \u00bb<\/em>. Aux antipodes du projet de loi dont Myriam El Khomri a la responsabilit\u00e9.<\/p>\n<h2>Le poids des dissensions<\/h2>\n<p>C\u2019est dans ce contexte que les d\u00e9clarations successives de Beno\u00eet Hamon et Marie-No\u00eblle Lienemann prennent l\u2019air d\u2019objets politiques non identifi\u00e9s. Certes, la s\u00e9natrice de Paris, qui publie jeudi 31 mars, son nouveau livre <em>Merci pour ce changement !<\/em>, n\u2019a jamais cach\u00e9 son intention de se pr\u00e9senter en cas de primaire. Ne serait-ce que pour y faire vivre les positions de Maintenant la gauche, son courant co-dirig\u00e9 avec Emmanuel Maurel. La candidature de Beno\u00eet Hamon est moins ferme. Le d\u00e9put\u00e9 des Yvelines laisse entendre qu\u2019il pourrait se retirer de la course si quelqu\u2019un de plus rassembleur se pr\u00e9sentait. Le nom d\u2019Arnaud Montebourg revient de mani\u00e8re r\u00e9currente au sein des gauches du PS, sans que ce dernier ne confirme ni n\u2019infirme les rumeurs.<\/p>\n<p>Cette double d\u00e9claration de candidatures marque cependant un \u00e9chec pour les gauches socialistes. Malgr\u00e9 la dynamique frondeuse et le score honorable de la motion B, \u00c0 Gauche pour gagner, lors du dernier congr\u00e8s, les directions des courants Un monde d\u2019avance et Maintenant la gauche ne parviennent pas \u00e0 d\u00e9passer leurs diff\u00e9rences de culture et d\u2019organisation. Du c\u00f4t\u00e9 des bases militantes, ces clivages apparaissent moins importants que la recherche d\u2019une issue politique commune. La d\u00e9faite annonc\u00e9e \u2013 quand elle n\u2019est pas souhait\u00e9e \u2013 de Fran\u00e7ois Hollande s\u2019il venait \u00e0 se repr\u00e9senter fait grandir l\u2019exigence d\u2019une candidature alternative unique.<\/p>\n<p>Alors que la primaire des gauches et des \u00e9cologistes se profile pour la premi\u00e8re quinzaine de d\u00e9cembre, y aura-t-il une primaire des gauches du PS pour qu\u2019elles d\u00e9signent ainsi leur repr\u00e9sentant \u00e0 l\u2019\u00e9tape d\u2019apr\u00e8s ? On peut se poser la question. Ce qui est certain, c\u2019est les sensibilit\u00e9s de gauche au sein du PS ont toujours du mal avec la pr\u00e9sidentielle. Elles y sont tellement oppos\u00e9es qu\u2019elles semblent avoir du mal \u00e0 en saisir les possibles.<\/p>\n","protected":false},"excerpt":{"rendered":"<p>Tout semblait r\u00e9ussir aux gauches du PS : participation remarqu\u00e9e \u00e0 l\u2019Alliance Against Austerity, contre-projet de r\u00e9forme du Code du travail\u2026 Mais deux d\u00e9clarations de candidature \u00e0 la primaire des gauches mettent au jour de profondes divergences.<\/p>\n","protected":false},"author":1149,"featured_media":0,"comment_status":"open","ping_status":"open","sticky":false,"template":"","format":"standard","meta":{"_themeisle_gutenberg_block_has_review":false,"footnotes":""},"categories":[157],"tags":[295,390],"class_list":["post-9526","post","type-post","status-publish","format-standard","hentry","category-web","tag-nupes","tag-parti-socialiste"],"_links":{"self":[{"href":"https:\/\/archives.regards.fr\/index.php?rest_route=\/wp\/v2\/posts\/9526","targetHints":{"allow":["GET"]}}],"collection":[{"href":"https:\/\/archives.regards.fr\/index.php?rest_route=\/wp\/v2\/posts"}],"about":[{"href":"https:\/\/archives.regards.fr\/index.php?rest_route=\/wp\/v2\/types\/post"}],"author":[{"embeddable":true,"href":"https:\/\/archives.regards.fr\/index.php?rest_route=\/wp\/v2\/users\/1149"}],"replies":[{"embeddable":true,"href":"https:\/\/archives.regards.fr\/index.php?rest_route=%2Fwp%2Fv2%2Fcomments&post=9526"}],"version-history":[{"count":0,"href":"https:\/\/archives.regards.fr\/index.php?rest_route=\/wp\/v2\/posts\/9526\/revisions"}],"wp:attachment":[{"href":"https:\/\/archives.regards.fr\/index.php?rest_route=%2Fwp%2Fv2%2Fmedia&parent=9526"}],"wp:term":[{"taxonomy":"category","embeddable":true,"href":"https:\/\/archives.regards.fr\/index.php?rest_route=%2Fwp%2Fv2%2Fcategories&post=9526"},{"taxonomy":"post_tag","embeddable":true,"href":"https:\/\/archives.regards.fr\/index.php?rest_route=%2Fwp%2Fv2%2Ftags&post=9526"}],"curies":[{"name":"wp","href":"https:\/\/api.w.org\/{rel}","templated":true}]}}