{"id":9489,"date":"2016-03-14T10:32:13","date_gmt":"2016-03-14T09:32:13","guid":{"rendered":"https:\/\/wp.muchomaas.com\/article-fascisme-un-vent-europeen\/"},"modified":"2016-03-14T10:32:13","modified_gmt":"2016-03-14T09:32:13","slug":"article-fascisme-un-vent-europeen","status":"publish","type":"post","link":"https:\/\/archives.regards.fr\/?p=9489","title":{"rendered":"Fascisme, un vent europ\u00e9en"},"content":{"rendered":"<p class=\"post_excerpt\">La progression \u00e9lectorale de Alternative pour l&#8217;Allemagne (AfD), ce week-end le confirme : l&#8217;\u00e9mergence des extr\u00eames droites n&#8217;est pas un ph\u00e9nom\u00e8ne sp\u00e9cifiquement fran\u00e7ais. Mais, en France, elle prend appui sur une tradition fasciste longtemps minor\u00e9e.<\/p>\n<p>Il est des synchronisations politiques qui soulignent l&#8217;air du temps. 1968 vit la conjonction de trois \u00e9v\u00e9nements majeurs  : le printemps de Prague en Tch\u00e9coslovaquie, l&#8217;offensive du T\u00eat au Viet-Nam et le Mai 68 fran\u00e7ais. Le mouvement ouvrier et les forces progressistes semblaient alors accumuler les victoires. L&#8217;id\u00e9e que demain serait mieux qu&#8217;hier relevait de l&#8217;\u00e9vidence. Ce d\u00e9but de si\u00e8cle fait moins envie. L&#8217;ensemble de la plan\u00e8te appara\u00eet comme marqu\u00e9 d&#8217;une fi\u00e8vre identitaire qui s&#8217;\u00e9tend \u00e0 mesure que progresse l&#8217;uniformisation marchande. De la vieille alternative \u201csocialisme ou barbarie\u201d \u00e9nonc\u00e9e pour la premi\u00e8re fois en 1916 par Rosa Luxembourg, seule la seconde semble encore en course, chaque jour plus effrayante. <\/p>\n<h2>Fondamentalistes de tous pays<\/h2>\n<p>Les r\u00e9gressions identitaires, souvent adoss\u00e9es \u00e0 des courants politico-religieux, ont partout le vent en poupe  : de l\u2019Inde o\u00f9, apr\u00e8s la victoire du BJP, un homme impliqu\u00e9 dans des pogroms est nomm\u00e9 premier ministre, au Proche-Orient o\u00f9 des courants fondamentalistes religieux prosp\u00e8rent sur les ruines de la gauche arabe. En Europe, des organisations d&#8217;extr\u00eame droite ou national-x\u00e9nophobes accumulent les succ\u00e8s, \u00e9lections apr\u00e8s \u00e9lections. <\/p>\n<p>Chaque cas trouve ses ressorts dans une histoire nationale singuli\u00e8re, mais la concordance des ph\u00e9nom\u00e8nes est trop g\u00e9n\u00e9rale pour ne pas avoir, aussi, une explication de port\u00e9e plus large. Vainqueur par K.O., le capitalisme dans sa version n\u00e9olib\u00e9rale r\u00e8gne d\u00e9sormais sans partage sur l&#8217;ensemble de la plan\u00e8te. Le r\u00eave d&#8217;un march\u00e9 mondial aux r\u00e8gles unifi\u00e9es permettant de d\u00e9ployer les capitaux au gr\u00e9 des opportunit\u00e9s n&#8217;est pas seulement illusoire, il est profond\u00e9ment dangereux. Pour un nombre croissant de pays, ces politiques d\u00e9chirent le tissu social et g\u00e9n\u00e8rent instabilit\u00e9 et \u00e9tat de crise permanent : une soci\u00e9t\u00e9 ne peut \u00eatre durablement domin\u00e9e sans m\u00e9diation, sans compromis et sans l\u00e9gitimit\u00e9.<\/p>\n<p>Sur le Vieux Continent, l\u2019intensit\u00e9 de la crise \u00e9conomique et la mont\u00e9e des formations d&#8217;extr\u00eame droite ne sont pas strictement li\u00e9es. Les succ\u00e8s du FP\u00d6 en Autriche, de l&#8217;UDC en Suisse ou du parti des Vrais Finlandais rappellent qu&#8217;on peut conna\u00eetre la prosp\u00e9rit\u00e9 et verser dans la r\u00e9gression nationaliste identitaire. \u00c0 l\u2019inverse, l&#8217;Espagne, le Portugal, la Gr\u00e8ce, l&#8217;Irlande formulent des r\u00e9ponses progressistes. La Belgique est un cas d&#8217;\u00e9cole : la gauche r\u00e9alise ses meilleurs scores dans une Wallonie sinistr\u00e9e, quand le N-VA chauvin accumule les succ\u00e8s \u00e9lectoraux dans une Flandre en situation de quasi plein emploi. L\u2019effondrement du mouvement ouvrier et le recul de l\u2019Europe, dominante il n\u2019y a pas si longtemps, sont en v\u00e9rit\u00e9 les ingr\u00e9dients d\u2019un cocktail explosif.<\/p>\n<h2>Fascisme de souche<\/h2>\n<p>En France, ce contexte europ\u00e9en et international offre un espace nouveau \u00e0 l&#8217;extr\u00eame droite. Mais il n&#8217;explique pas totalement le succ\u00e8s du FN. Si cet air du temps rencontre un tel \u00e9cho, c&#8217;est qu&#8217;il s&#8217;enracine dans l\u2019histoire du pays. Le communisme en France n&#8217;a jamais \u00e9t\u00e9 la simple transposition nationale du souffle de la R\u00e9volution russe. Il puisa sa force de l\u2019alliage entre une tradition issue de la R\u00e9volution fran\u00e7aise et l&#8217;inspiration de la R\u00e9volution d&#8217;octobre[[Lire <em>Le rouge et le bleu<\/em>, par Roger Martelli, \u00e9ditions de l&#8217;Atelier 1995.]]. Il en va de m\u00eame pour l&#8217;extr\u00eame droite. Sa place dans la vie fran\u00e7aise est ancr\u00e9e depuis le XIXe si\u00e8cle. Car la France n&#8217;est pas seulement le pays de la R\u00e9volution fran\u00e7aise et du Front populaire, mais aussi celui de l&#8217;affaire Dreyfus et du r\u00e9gime de Vichy.<\/p>\n<p>Contrairement aux th\u00e8ses de Ren\u00e9 R\u00e9mond sur la quasi immunit\u00e9 de la France au fascisme, r\u00e9duit \u00e0 un produit d&#8217;importation passager, l\u2019historien isra\u00e9lien Zeev Sternhell a vu dans la France le berceau europ\u00e9en des id\u00e9es fascistes. Dans sa pr\u00e9face \u00e0 <em>Ni droite, ni gauche, l&#8217;id\u00e9ologie fasciste en France<\/em>, il souligne <em>\u00ab le poids du processus de fascisation de la droite intellectuelle dans la cr\u00e9ation d&#8217;un climat qui a permis l&#8217;emprise du fascisme \u00bb<\/em>. Sans m\u00eame aborder le r\u00f4le d&#8217;un Taine ou d&#8217;un Renan, de Barr\u00e8s et Drumont d\u00e8s la fin du XIXe si\u00e8cle, Maurras, C\u00e9line, Brasillach ou Drieu La Rochelle inventent au cours de la premi\u00e8re partie du XXe si\u00e8cle les mots et le corps d&#8217;un fascisme de souche, qu&#8217;il s&#8217;appuie ou non sur la vieille tradition de l&#8217;antilib\u00e9ralisme catholique.<\/p>\n<p>Battus, marginalis\u00e9s politiquement apr\u00e8s la seconde guerre mondiale, ces courants n&#8217;ont pas pour autant disparu. Tapis dans l&#8217;ombre, ils ont attendu leur heure. Pendant plusieurs d\u00e9cennies, les r\u00e9seaux catholiques int\u00e9gristes ont ainsi cach\u00e9 le milicien Paul Touvier. Dans la p\u00e9riode r\u00e9cente, ces courants, consid\u00e9r\u00e9s il y a peu encore comme la queue de com\u00e8te d&#8217;un catholicisme \u00e0 bout de souffle, ont trouv\u00e9 les moyens de ressurgir. La Manif pour tous a su mobiliser et entra\u00eener certaines couches de la jeunesse. Ces nouveaux militants sont l\u00e0 pour de nombreuses ann\u00e9es.<\/p>\n<h2>Nationalisme ethnique<\/h2>\n<p>Il y a un peu plus d&#8217;un an, le livre d&#8217;\u00c9ric Zemmour, <em>Un suicide fran\u00e7ais<\/em> connaissait un succ\u00e8s fulgurant en librairie malgr\u00e9 les \u00e9normit\u00e9s historiques qu&#8217;il contenait. Le climat id\u00e9ologique a pris une telle tournure que le site d&#8217;information <em>Slate<\/em> titrait r\u00e9cemment: \u201cQuand Zemmour et le <em>Fig Mag<\/em> sonnent le rappel du maurassisme\u201d. Autre sympt\u00f4me : Philippe de Villiers, qu&#8217;on imaginait disparu, conna\u00eet lui aussi un large succ\u00e8s avec ses m\u00e9moires parus cet automne, <em>Le moment est venu de dire ce que j\u2019ai vu<\/em>. Le chantre du souverainisme et du catholicisme traditionnel prolonge cette tradition qui fusionne nationalisme et principes contre-r\u00e9volutionnaires, dont le principal penseur est Charles Maurras. <\/p>\n<p>L&#8217;historien Laurent Joly, sp\u00e9cialiste de l&#8217;Action fran\u00e7aise, met en \u00e9vidence les liens de filiation entre une partie de la droite et de l&#8217;extr\u00eame droite avec Maurras[[<em>Naissance de l&#8217;Action fran\u00e7aise<\/em>, par Laurent Joly, Grasset 2015.]]. La th\u00e9orisation d&#8217;un \u201cnationalisme ethnique\u201d par les fondateurs de l&#8217;Action fran\u00e7aise a trouv\u00e9 de nouveaux \u00e9pigones, aujourd&#8217;hui, au sein du parti Les R\u00e9publicains. Les propos de Nadine Morano sur la <em>\u00ab France pays de race blanche \u00bb<\/em> ont \u00e9t\u00e9 jug\u00e9s outranciers, mais qui oserait pr\u00e9tendre qu&#8217;ils ne correspondent pas \u00e0 ce que pensent, \u00e0 bas bruits, beaucoup de militants et de cadres de la principale formation de la droite parlementaire ?<\/p>\n<p>Le fascisme est un hydre cam\u00e9l\u00e9on se m\u00e9tamorphosant sans cesse. Hier comme aujourd&#8217;hui, il a su polariser des couches sociales tr\u00e8s diff\u00e9renci\u00e9es, r\u00e9unir dans un m\u00eame mouvement des couches pl\u00e9b\u00e9iennes d\u00e9class\u00e9es et de grands noms de la vie intellectuelle. <em>\u00ab Le d\u00e9sespoir les a fait se dresser, le fascisme leur a donn\u00e9 un drapeau \u00bb<\/em>, analysait Trotsky apr\u00e8s la victoire d&#8217;Hitler en 1933. Pr\u00e9monitoire, l&#8217;\u00e9rudite introduction \u00e0 un recueil de textes sur le fascisme de Patrick le Tr\u00e9hondat, Robi Morder et Patrick Silberstein s&#8217;intitule <em>Derni\u00e8re station avant l&#8217;abattoir<\/em>[[<em>L\u00e9on Trotsky : Contre le fascisme. 1922-1940<\/em>, Syllepse 2015.]]. Il est encore temps de prendre la mesure de tout ce qui doit changer, \u00e0 condition de faire, et vite.<\/p>\n<p><em>Article extrait du dossier du num\u00e9ro d&#8217;hiver de<\/em> Regards, <em>&#8220;FN, pourquoi eux ?&#8221;<\/em>.<\/p>\n","protected":false},"excerpt":{"rendered":"<p>La progression \u00e9lectorale de Alternative pour l&#8217;Allemagne (AfD), ce week-end le confirme : l&#8217;\u00e9mergence des extr\u00eames droites n&#8217;est pas un ph\u00e9nom\u00e8ne sp\u00e9cifiquement fran\u00e7ais. Mais, en France, elle prend appui sur une tradition fasciste longtemps minor\u00e9e.<\/p>\n","protected":false},"author":1097,"featured_media":0,"comment_status":"open","ping_status":"open","sticky":false,"template":"","format":"standard","meta":{"_themeisle_gutenberg_block_has_review":false,"footnotes":""},"categories":[157],"tags":[355],"class_list":["post-9489","post","type-post","status-publish","format-standard","hentry","category-web","tag-extreme-droite"],"_links":{"self":[{"href":"https:\/\/archives.regards.fr\/index.php?rest_route=\/wp\/v2\/posts\/9489","targetHints":{"allow":["GET"]}}],"collection":[{"href":"https:\/\/archives.regards.fr\/index.php?rest_route=\/wp\/v2\/posts"}],"about":[{"href":"https:\/\/archives.regards.fr\/index.php?rest_route=\/wp\/v2\/types\/post"}],"author":[{"embeddable":true,"href":"https:\/\/archives.regards.fr\/index.php?rest_route=\/wp\/v2\/users\/1097"}],"replies":[{"embeddable":true,"href":"https:\/\/archives.regards.fr\/index.php?rest_route=%2Fwp%2Fv2%2Fcomments&post=9489"}],"version-history":[{"count":0,"href":"https:\/\/archives.regards.fr\/index.php?rest_route=\/wp\/v2\/posts\/9489\/revisions"}],"wp:attachment":[{"href":"https:\/\/archives.regards.fr\/index.php?rest_route=%2Fwp%2Fv2%2Fmedia&parent=9489"}],"wp:term":[{"taxonomy":"category","embeddable":true,"href":"https:\/\/archives.regards.fr\/index.php?rest_route=%2Fwp%2Fv2%2Fcategories&post=9489"},{"taxonomy":"post_tag","embeddable":true,"href":"https:\/\/archives.regards.fr\/index.php?rest_route=%2Fwp%2Fv2%2Ftags&post=9489"}],"curies":[{"name":"wp","href":"https:\/\/api.w.org\/{rel}","templated":true}]}}