{"id":9464,"date":"2016-03-04T15:58:38","date_gmt":"2016-03-04T14:58:38","guid":{"rendered":"https:\/\/wp.muchomaas.com\/article-pouria-amirshahi-socialiste-parti\/"},"modified":"2016-03-04T15:58:38","modified_gmt":"2016-03-04T14:58:38","slug":"article-pouria-amirshahi-socialiste-parti","status":"publish","type":"post","link":"https:\/\/archives.regards.fr\/?p=9464","title":{"rendered":"Pouria Amirshahi, socialiste parti"},"content":{"rendered":"<p class=\"post_excerpt\">Apr\u00e8s avoir vot\u00e9 contre le budget et multipli\u00e9 les critiques, le d\u00e9put\u00e9 Pouria Amirshahi quitte le PS, en r\u00e9cusant un &#8220;syst\u00e8me des partis, qui ne porterait plus de projet d\u2019avenir. Le fondateur du Mouvement commun entend pourtant continuer \u00e0 militer.<\/p>\n<p>Ce n\u2019est pas \u00e0 franchement parler une surprise. Le d\u00e9put\u00e9 Pouria Amirshahi a choisi <a href=\"http:\/\/www.lemonde.fr\/politique\/article\/2016\/03\/04\/pouria-amirshahi-je-quitte-le-ps-et-le-monde-des-partis-en-general_4876451_823448.html\">un entretien au quotidien <em>Le Monde<\/em><\/a> pour annoncer son d\u00e9part du Parti socialiste, ce 4 mars. Une semaine plus t\u00f4t, il \u00e9voquait en off cette d\u00e9cision avec <em>Regards. \u00ab Je pars sans ranc\u0153ur \u00bb<\/em>, confiait alors le d\u00e9put\u00e9 de la 9e circonscription des Fran\u00e7ais de l\u2019\u00e9tranger, en mal de parti depuis\u2026 son vote contre la loi de finances 2016 puis celui contre la d\u00e9ch\u00e9ance de la nationalit\u00e9, pour la partie la plus visible. Sa d\u00e9mission du Parti socialiste constitue finalement un aboutissement logique.<\/p>\n<h2>Divergence avec les autres responsables des gauches du PS<\/h2>\n<p>Au fil des entretiens plus ou moins formels, Pouria Amirshahi a fini par tirer un trait sur la possibilit\u00e9 de r\u00e9former le PS de l\u2019int\u00e9rieur. <em>\u00ab Il n\u2019y aura pas d\u2019\u00e9quivalent fran\u00e7ais de Jeremy Corbyn \u00bb<\/em>, nous glissait-il r\u00e9cemment, en ajoutant : <\/p>\n<blockquote><p>\u00ab Je respecte mes amis qui font un autre choix et je continuerai de partager, avec eux, comme avec les bonnes volont\u00e9s que j\u2019\u00e9voquais, des espaces de r\u00e9flexion et d\u2019action \u00bb.<\/p><\/blockquote>\n<p>Il salue le travail men\u00e9, notamment, par les d\u00e9put\u00e9s europ\u00e9ens Isabelle Thomas, Guillaume Balas et Emmanuel Maurel pour cr\u00e9er un <em>left caucus<\/em> qui \u00e9tablisse des passerelles entre les gauches sociales-d\u00e9mocrates europ\u00e9ennes et peut \u00eatre au-del\u00e0. Mais il ne croit plus \u00e0 la possibilit\u00e9 de reprendre le PS \u00e0 gauche. S&#8217;il ne renonce pas pour autant au militantisme, il estime que ce qui fut son parti pendant plusieurs d\u00e9cennies est marqu\u00e9 par <em>\u00ab l\u2019existence, comme ailleurs, d\u2019une caste de technocrates et de poss\u00e9dants de plus en plus puissants \u00bb.<\/em><\/p>\n<p>Le choix du d\u00e9part marque donc, pour l\u2019ancien syndicaliste \u00e9tudiant, mais aussi pour l\u2019ancien responsable d\u2019une circonscription d\u2019action sociale, une profonde divergence d\u2019analyse avec les autres responsables des gauches du PS. <em>\u00ab La France n\u2019est pas gouvern\u00e9e par l\u2019aile droite du PS, mais par des n\u00e9oconservateurs, dans tous les domaines, \u00e0 quelques exceptions pr\u00e8s \u00bb<\/em>, mart\u00e8le-t-il dans l\u2019entretien qu\u2019il a accord\u00e9 au <em>Monde<\/em>. Il avait, auparavant, \u00e9tay\u00e9 cette caract\u00e9risation par le d\u00e9bat sur la d\u00e9ch\u00e9ance de la nationalit\u00e9 : <\/p>\n<blockquote><p>\u00ab Tout le monde a bien compris que la d\u00e9ch\u00e9ance de nationalit\u00e9 est une mesure symbolique, pour marquer le coup. Mais quel symbole ! L\u2019ex\u00e9cutif a r\u00e9ussi le tour de force de nous replonger dans le d\u00e9bat d\u00e9l\u00e9t\u00e8re initi\u00e9 \u00e0 l\u2019\u00e9poque par Nicolas Sarkozy sur l\u2019identit\u00e9 nationale. \u00bb<\/p><\/blockquote>\n<h2>Des partis \u00e0 bout de souffle<\/h2>\n<p>Dans ce cadre, la publication de l\u2019avant-projet de loi sur le travail ne l\u2019a pas surpris. Son silence sur le sujet, alors qu\u2019on conna\u00eet un Pouria Amirshahi tr\u00e8s disert, en revanche \u00e9tonnait les observateurs. Le d\u00e9put\u00e9 ne masquait pourtant pas son soutien aux initiateurs de la p\u00e9tition #LoiTravailNonMerci. Une initiative qui, parmi tant d\u2019autres, t\u00e9moigne, selon lui, de la vitalit\u00e9 de la gauche. <em>\u00ab Ce qui est en ruine, ce sont les formes d\u2019organisation partisane que sont les partis politiques \u00bb<\/em>, <a href=\"https:\/\/wp.muchomaas.com\/web\/article\/pouria-amirshahi-il-faut-depasser\">qu\u2019il qualifiait, dans nos colonnes, de <em>\u00ab tribus \u00bb<\/em><\/a>. <\/p>\n<blockquote><p> \u00ab La gauche, quant \u00e0 elle, est debout et bien vivante, que ce soit dans les associations, sur le terrain, dans l\u2019action locale. Il faut l\u2019\u00e9couter cette gauche, entendre tous ceux qui irriguent notre soci\u00e9t\u00e9. Il faut recr\u00e9er les causes communes de la France dans un pays qui n\u2019en a plus, et o\u00f9 l\u2019on divise selon les groupes et les communaut\u00e9s. \u00bb <\/p><\/blockquote>\n<p>Cependant, la d\u00e9mission de Pouria Amirshahi n\u2019est pas un coup d\u2019\u00e9clat et surtout pas dirig\u00e9 contre le seul Parti socialiste. C\u2019est tout le syst\u00e8me des partis que r\u00e9cuse le fondateur du Mouvement commun. Consid\u00e9rant qu\u2019il <em>\u00ab m\u00e8ne \u00e0 l&#8217;ab\u00eeme d\u00e9mocratique \u00bb<\/em>, le toujours frondeur approfondit son analyse sur des partis <em>\u00ab rhizomes d\u2019un syst\u00e8me institutionnel \u00e0 bout de souffle. Ils sont devenus des machines \u00e9lectorales sans grande conviction, sans promesse d\u2019avenir heureux pour le pays. Ils sont au mieux incapables, au pire dangereux comme par exemple le Front national \u00bb<\/em>. \u00c9voquant le PS, il conclut : <em>\u00ab Le mien est sans ressort, sans id\u00e9es malgr\u00e9 de nombreuses bonnes volont\u00e9s \u00bb<\/em>. En coh\u00e9rence avec ses positions, le d\u00e9put\u00e9 annonce qu\u2019il ne se repr\u00e9sentera pas aux \u00e9lections l\u00e9gislatives de 2017. <\/p>\n<p>D\u00e9sormais libre de ses actes comme il avait d\u00e9cid\u00e9 d\u00e9j\u00e0 de l\u2019\u00eatre de sa parole, Pouria Amirshahi va d\u00e9sormais se consacrer au Mouvement commun, qui constitue <a href=\"https:\/\/wp.muchomaas.com\/web\/article\/un-mouvement-commun-pour-faire\">un lieu d\u2019\u00e9changes et d\u2019exp\u00e9rimentation politiques<\/a>] o\u00f9 membres de la gauche associative et sociale rencontrent et construisent avec des membres de la gauche politique, qu\u2019ils soient ou non, membres de parti. <\/p>\n<p>Reste l\u2019\u00e9pineuse question des pr\u00e9sidentielles 2017. Sollicit\u00e9 par ses amis du Mouvement commun d\u2019ouvrir le d\u00e9bat en se positionnant, Pouria Amirshahi ne se d\u00e9fausse pas, mais privil\u00e9gie le choix collectif. Le mois d\u2019avril devrait \u00eatre l\u2019occasion d\u2019un s\u00e9minaire du Mouvement commun, pour \u00e9laborer une position, de pr\u00e9f\u00e9rence commune. <\/p>\n","protected":false},"excerpt":{"rendered":"<p>Apr\u00e8s avoir vot\u00e9 contre le budget et multipli\u00e9 les critiques, le d\u00e9put\u00e9 Pouria Amirshahi quitte le PS, en r\u00e9cusant un &#8220;syst\u00e8me des partis, qui ne porterait plus de projet d\u2019avenir. Le fondateur du Mouvement commun entend pourtant continuer \u00e0 militer.<\/p>\n","protected":false},"author":1149,"featured_media":0,"comment_status":"open","ping_status":"open","sticky":false,"template":"","format":"standard","meta":{"_themeisle_gutenberg_block_has_review":false,"footnotes":""},"categories":[157],"tags":[390],"class_list":["post-9464","post","type-post","status-publish","format-standard","hentry","category-web","tag-parti-socialiste"],"_links":{"self":[{"href":"https:\/\/archives.regards.fr\/index.php?rest_route=\/wp\/v2\/posts\/9464","targetHints":{"allow":["GET"]}}],"collection":[{"href":"https:\/\/archives.regards.fr\/index.php?rest_route=\/wp\/v2\/posts"}],"about":[{"href":"https:\/\/archives.regards.fr\/index.php?rest_route=\/wp\/v2\/types\/post"}],"author":[{"embeddable":true,"href":"https:\/\/archives.regards.fr\/index.php?rest_route=\/wp\/v2\/users\/1149"}],"replies":[{"embeddable":true,"href":"https:\/\/archives.regards.fr\/index.php?rest_route=%2Fwp%2Fv2%2Fcomments&post=9464"}],"version-history":[{"count":0,"href":"https:\/\/archives.regards.fr\/index.php?rest_route=\/wp\/v2\/posts\/9464\/revisions"}],"wp:attachment":[{"href":"https:\/\/archives.regards.fr\/index.php?rest_route=%2Fwp%2Fv2%2Fmedia&parent=9464"}],"wp:term":[{"taxonomy":"category","embeddable":true,"href":"https:\/\/archives.regards.fr\/index.php?rest_route=%2Fwp%2Fv2%2Fcategories&post=9464"},{"taxonomy":"post_tag","embeddable":true,"href":"https:\/\/archives.regards.fr\/index.php?rest_route=%2Fwp%2Fv2%2Ftags&post=9464"}],"curies":[{"name":"wp","href":"https:\/\/api.w.org\/{rel}","templated":true}]}}