{"id":9420,"date":"2016-02-17T15:40:54","date_gmt":"2016-02-17T14:40:54","guid":{"rendered":"https:\/\/wp.muchomaas.com\/article-numero-de-fevrier-2016\/"},"modified":"2016-02-17T15:40:54","modified_gmt":"2016-02-17T14:40:54","slug":"article-numero-de-fevrier-2016","status":"publish","type":"post","link":"https:\/\/archives.regards.fr\/?p=9420","title":{"rendered":"Num\u00e9ro de f\u00e9vrier 2016"},"content":{"rendered":"<p><a href=\"6090\">Pour acc\u00e9der \u00e0 ce num\u00e9ro, cliquez ici<\/a><\/p>\n<p><strong>Sommaire N\u00b064<br \/>\n<\/strong><\/p>\n<p><strong>PRIMAIRES, PLAN B : LA GAUCHE EN QU\u00caTE DE REFONDATION<br \/>\n<\/strong><\/p>\n<p><strong>Primaire des gauches : la peur du pi\u00e8ge<br \/>\n<\/strong><\/p>\n<p>S\u00e9duisante au premier abord, l\u2019organisation d\u2019une primaire pour d\u00e9signer<br \/>\nle candidat de gauche \u00e0 la pr\u00e9sidentielle 2017 suscite une adh\u00e9sion mitig\u00e9e. Jean-Luc M\u00e9lenchon, lui, a pris les devants et repris le devant de la sc\u00e8ne pour<br \/>\nse poser en (seul) recours.<\/p>\n<p>P. 04 &#8211; Primaire \u00e0 gauche : c\u2019est pas gagn\u00e9<br \/>\nP. 08 &#8211; Primaire des gauches et des \u00e9colos : un appel bien lanc\u00e9<br \/>\nP. 12 &#8211; M\u00e9lenchon face au peuple et \u00e0 lui-m\u00eame<\/p>\n<p><strong>Une autre Europe est-elle encore possible ?<br \/>\n<\/strong><\/p>\n<p>Pour \u00e9chapper \u00e0 l\u2019alternative du \u00abrepli national\u00bb et de la poursuite d\u2019un projet europ\u00e9en de moins en moins soutenable, et  pour refonder l\u2019UE, Yanis Varoufakis et ses alli\u00e9s veulent amorcer un nouvel \u00e9lan d\u00e9mocratique.<\/p>\n<p>P. 14 &#8211; Plan B, \u00e9pisode 1<br \/>\nP. 18 &#8211; Avec DiEM25, Varoufakis veut refonder l\u2019utopie europ\u00e9enne<br \/>\nP. 22 &#8211; Yanis Varoufakis : \u00ab Nous voulons d\u00e9mocratiser l\u2019Union europ\u00e9enne \u00bb<br \/>\nP. 26 &#8211; Que faire de l\u2019Union europ\u00e9enne ?<\/p>\n<p><strong>La gauche l\u00e0 o\u00f9 on ne l\u2019attendait pas<br \/>\n<\/strong><\/p>\n<p>Jeremy Corbyn \u00e0 la t\u00eate des travaillistes au Royaume-Uni, Bernie Sanders<br \/>\nen pleine ascension dans les primaires am\u00e9ricaines : les anglo-saxons peuvent d\u00e9sormais nous donner des le\u00e7ons de radicalit\u00e9\u2026 et surtout nous inspirer.<\/p>\n<p>P. 36 &#8211; Quel \u00absocialiste\u00bb est Bernie Sanders ?<br \/>\nP. 40 &#8211; Jeremy Corbyn : premier bilan et perspectives<\/p>\n","protected":false},"excerpt":{"rendered":"<p>Pour acc\u00e9der \u00e0 ce num\u00e9ro, cliquez ici Sommaire N\u00b064 PRIMAIRES, PLAN B : LA GAUCHE EN QU\u00caTE DE REFONDATION Primaire des gauches : la peur du pi\u00e8ge S\u00e9duisante au premier abord, l\u2019organisation d\u2019une primaire pour d\u00e9signer le candidat de gauche \u00e0 la pr\u00e9sidentielle 2017 suscite une adh\u00e9sion mitig\u00e9e. Jean-Luc M\u00e9lenchon, lui, a pris les devants [&hellip;]<\/p>\n","protected":false},"author":643,"featured_media":0,"comment_status":"open","ping_status":"open","sticky":false,"template":"","format":"standard","meta":{"_themeisle_gutenberg_block_has_review":false,"footnotes":""},"categories":[1],"tags":[359,371],"class_list":["post-9420","post","type-post","status-publish","format-standard","hentry","category-non-classe","tag-exclure-de-la-home","tag-sommaire"],"_links":{"self":[{"href":"https:\/\/archives.regards.fr\/index.php?rest_route=\/wp\/v2\/posts\/9420","targetHints":{"allow":["GET"]}}],"collection":[{"href":"https:\/\/archives.regards.fr\/index.php?rest_route=\/wp\/v2\/posts"}],"about":[{"href":"https:\/\/archives.regards.fr\/index.php?rest_route=\/wp\/v2\/types\/post"}],"author":[{"embeddable":true,"href":"https:\/\/archives.regards.fr\/index.php?rest_route=\/wp\/v2\/users\/643"}],"replies":[{"embeddable":true,"href":"https:\/\/archives.regards.fr\/index.php?rest_route=%2Fwp%2Fv2%2Fcomments&post=9420"}],"version-history":[{"count":0,"href":"https:\/\/archives.regards.fr\/index.php?rest_route=\/wp\/v2\/posts\/9420\/revisions"}],"wp:attachment":[{"href":"https:\/\/archives.regards.fr\/index.php?rest_route=%2Fwp%2Fv2%2Fmedia&parent=9420"}],"wp:term":[{"taxonomy":"category","embeddable":true,"href":"https:\/\/archives.regards.fr\/index.php?rest_route=%2Fwp%2Fv2%2Fcategories&post=9420"},{"taxonomy":"post_tag","embeddable":true,"href":"https:\/\/archives.regards.fr\/index.php?rest_route=%2Fwp%2Fv2%2Ftags&post=9420"}],"curies":[{"name":"wp","href":"https:\/\/api.w.org\/{rel}","templated":true}]}}