{"id":9391,"date":"2016-02-08T15:18:16","date_gmt":"2016-02-08T14:18:16","guid":{"rendered":"https:\/\/wp.muchomaas.com\/article-parti-socialiste-ne-demandez-plus\/"},"modified":"2016-02-08T15:18:16","modified_gmt":"2016-02-08T14:18:16","slug":"article-parti-socialiste-ne-demandez-plus","status":"publish","type":"post","link":"https:\/\/archives.regards.fr\/?p=9391","title":{"rendered":"Parti socialiste : ne demandez plus le programme"},"content":{"rendered":"<p class=\"post_excerpt\">Samedi, le conseil national du PS a adopt\u00e9 le &#8220;d\u00e9passement&#8221; du parti, valid\u00e9 une &#8220;feuille de route&#8221; pour la pr\u00e9sidentielle et renonc\u00e9 \u00e0 avoir un programme. En bonne logique, les sujets qui f\u00e2chent ont \u00e9t\u00e9 \u00e9vacu\u00e9s du texte final. <\/p>\n<p>Pour maintenir une unit\u00e9 de plus en plus de fa\u00e7ade, le parti socialiste d\u00e9cide de ne rien trancher. Son conseil national, r\u00e9uni samedi 6 f\u00e9vrier, n\u2019a pas pris position sur la d\u00e9ch\u00e9ance de la nationalit\u00e9 et a escamot\u00e9 la question de la primaire. Pour donner \u00e0 croire qu\u2019elle a servi \u00e0 quelque chose, cette instance a vot\u00e9 sur le <em>\u00ab d\u00e9passement du parti socialiste \u00bb<\/em> et le d\u00e9placement de son universit\u00e9 d\u2019\u00e9t\u00e9 de La Rochelle \u00e0 Nantes. <\/p>\n<p>Les d\u00e9put\u00e9s PS pourront donc voter, sans aucune consigne de leur parti, la d\u00e9ch\u00e9ance de la nationalit\u00e9. Les frondeurs ne devraient donc encourir aucune sanction en votant contre. Surtout, la \u00ab feuille de route \u00bb adopt\u00e9e en vue de la pr\u00e9sidentielle sonne le glas du d\u00e9bat d\u2019id\u00e9es dans le scrutin pr\u00e9f\u00e9r\u00e9 des Fran\u00e7ais.<\/p>\n<h2>Le d\u00e9bat escamot\u00e9<\/h2>\n<p>Apr\u00e8s une r\u00e9union assez mouvement\u00e9e des responsables de f\u00e9d\u00e9rations le week-end pr\u00e9c\u00e9dent, la direction du PS a convoqu\u00e9 en urgence un conseil national \u00e0 l\u2019ordre du jour vague, hors d\u00e9lais et hors proc\u00e9dures. Normalement, seul le bureau national est autoris\u00e9 \u00e0 proc\u00e9der \u00e0 la convocation du &#8220;parlement&#8221; des socialistes. Pourtant, il y a eu du monde lors de ce conseil national, du monde mais une <em>\u00ab ambiance morne \u00bb<\/em>, rel\u00e8ve une participante. La pr\u00e9c\u00e9dente session s\u2019\u00e9tait d\u00e9roul\u00e9e trois mois et demi plus t\u00f4t, avant la d\u00e9faite du PS aux \u00e9lections r\u00e9gionales et bien avant la crise de valeurs g\u00e9n\u00e9r\u00e9e par l\u2019annonce d\u2019une l\u00e9gislation sur la d\u00e9ch\u00e9ance de la nationalit\u00e9.<\/p>\n<p>L\u2019aile gauche du PS a fait entendre sa petite musique devant les cadres socialistes, souhaitant que le d\u00e9bat ait lieu sur une s\u00e9quence de cinq d\u00e9faites cons\u00e9cutives : municipales, europ\u00e9ennes, d\u00e9partementales, s\u00e9natoriales et r\u00e9gionales. Emmanuel Maurel, leader de Maintenant la gauche, une des composantes de la gauche du PS, d\u00e9clenche le tir :<\/p>\n<blockquote><p>\u00ab On ne peut pas parler d\u2019o\u00f9 on va sans parler d\u2019o\u00f9 nous en sommes aujourd\u2019hui \u00bb. <\/p><\/blockquote>\n<p>Sit\u00f4t ouvert, le d\u00e9bat est enterr\u00e9. C\u2019est Didier Guillaume, pr\u00e9sident du groupe PS au s\u00e9nat, qui se charge de la besogne : <em>\u00ab Nous sommes le parti majoritaire \u00bb<\/em>. Comme <a href=\"https:\/\/wp.muchomaas.com\/web\/article\/ps-les-etats-generaux-du\">lors des \u00e9tats g\u00e9n\u00e9raux du PS<\/a> il y a un an, la r\u00e9flexion insuffl\u00e9e par Jean-Christophe Cambad\u00e9lis appara\u00eet totalement d\u00e9connect\u00e9e de la r\u00e9alit\u00e9. Val\u00e9rie Rabault, d\u00e9put\u00e9e peu frondeuse du Tarn-et-Garonne, t\u00e2che de ramener ses camarades \u00e0 la r\u00e9alit\u00e9 : <\/p>\n<blockquote><p>\u00ab Avant de parler du d\u00e9passement du PS, il faudrait d\u00e9j\u00e0 \u00e9viter le tr\u00e9passement \u00bb. <\/p><\/blockquote>\n<p>Alors que le patron des socialistes entend mettre en \u0153uvre, sous l\u2019autorit\u00e9 conjointe de Julien Dray et de Fran\u00e7ois Lamy, <a href=\"https:\/\/wp.muchomaas.com\/web\/article\/ps-cambadelis-escamote-les\">une alliance populaire qui ouvre le PS<\/a>, les frondeurs, eux, se moquent : <\/p>\n<blockquote><p>\u00ab Nous avons tellement ouvert les portes qu\u2019on ne compte plus les d\u00e9parts \u00bb. <\/p><\/blockquote>\n<h2>Le programme abandonn\u00e9<\/h2>\n<p>Mais chacune des interventions des t\u00e9nors des gauches du PS est suivie, imm\u00e9diatement, par le contrefeu d\u2019un poids-lourd de la majorit\u00e9 : Bruno Leroux apr\u00e8s Christian Paul, Didier Guillaume apr\u00e8s Marie-No\u00eblle Lienneman, Christophe Borgel apr\u00e8s Laurent Baumel. Cambad\u00e9lis a bien retenu les le\u00e7ons tactiques de son passage chez les lambertistes.<\/p>\n<p>Et si le premier secr\u00e9taire du PS fait dans l\u2019onctueux \u2013 <em>\u00ab Je n\u2019ai pas mis la d\u00e9ch\u00e9ance aux voix pour ne pas diviser le parti \u00bb<\/em> \u2013, d\u2019autres se chargent de cogner. Ainsi, Christophe Borgel avertit : <\/p>\n<blockquote><p>\u00ab Utiliser l\u2019argent du PS, la logistique du PS pour d\u00e9glinguer le PS, ce n\u2019est pas la solution \u00bb. <\/p><\/blockquote>\n<p>Une sentence qui vaut pour les frondeurs aujourd\u2019hui et, <a href=\"https:\/\/wp.muchomaas.com\/web\/article\/primaire-des-gauches-et-des-ecolos\">en raison de son succ\u00e8s<\/a>, la primaire demain. Une primaire dont chacun reconna\u00eet pourtant qu\u2019elle pourrait \u00eatre utile \u2013 en plus d\u2019\u00eatre inscrite dans les statuts du PS, comme l\u2019a rappel\u00e9 Christian Paul \u2013 si elle cimente l\u2019ensemble de la gauche autour du candidat des socialistes. Ce candidat, pour Cambad\u00e9lis et les siens, ne peut avoir de nom que Fran\u00e7ois Hollande.<\/p>\n<p>Ce dernier partira donc \u00e0 la bataille sans programme. \u00ab Notre parti n\u2019a aucun int\u00e9r\u00eat \u00e0 rejouer la pi\u00e8ce des \u00e9lections pr\u00e9c\u00e9dentes o\u00f9 le temps pass\u00e9 \u00e0 discuter et \u00e0 se disputer pour \u00e9laborer le programme est inversement proportionnel au temps que passe le candidat \u00e0 le lire \u00bb, pr\u00e9cise le texte adopt\u00e9 par 97 voix pour, 41 contre et 18 abstentions (les amis de Martine Aubry). \u00c0 tout le moins, Cambad\u00e9lis est pragmatique : \u00e0 quoi bon \u00e9laborer un programme, se faire \u00e9lire dessus si c\u2019est pour ne pas le tenir une fois \u00e9lu ?<\/p>\n","protected":false},"excerpt":{"rendered":"<p>Samedi, le conseil national du PS a adopt\u00e9 le &#8220;d\u00e9passement&#8221; du parti, valid\u00e9 une &#8220;feuille de route&#8221; pour la pr\u00e9sidentielle et renonc\u00e9 \u00e0 avoir un programme. En bonne logique, les sujets qui f\u00e2chent ont \u00e9t\u00e9 \u00e9vacu\u00e9s du texte final. <\/p>\n","protected":false},"author":1149,"featured_media":0,"comment_status":"open","ping_status":"open","sticky":false,"template":"","format":"standard","meta":{"_themeisle_gutenberg_block_has_review":false,"footnotes":""},"categories":[157],"tags":[390],"class_list":["post-9391","post","type-post","status-publish","format-standard","hentry","category-web","tag-parti-socialiste"],"_links":{"self":[{"href":"https:\/\/archives.regards.fr\/index.php?rest_route=\/wp\/v2\/posts\/9391","targetHints":{"allow":["GET"]}}],"collection":[{"href":"https:\/\/archives.regards.fr\/index.php?rest_route=\/wp\/v2\/posts"}],"about":[{"href":"https:\/\/archives.regards.fr\/index.php?rest_route=\/wp\/v2\/types\/post"}],"author":[{"embeddable":true,"href":"https:\/\/archives.regards.fr\/index.php?rest_route=\/wp\/v2\/users\/1149"}],"replies":[{"embeddable":true,"href":"https:\/\/archives.regards.fr\/index.php?rest_route=%2Fwp%2Fv2%2Fcomments&post=9391"}],"version-history":[{"count":0,"href":"https:\/\/archives.regards.fr\/index.php?rest_route=\/wp\/v2\/posts\/9391\/revisions"}],"wp:attachment":[{"href":"https:\/\/archives.regards.fr\/index.php?rest_route=%2Fwp%2Fv2%2Fmedia&parent=9391"}],"wp:term":[{"taxonomy":"category","embeddable":true,"href":"https:\/\/archives.regards.fr\/index.php?rest_route=%2Fwp%2Fv2%2Fcategories&post=9391"},{"taxonomy":"post_tag","embeddable":true,"href":"https:\/\/archives.regards.fr\/index.php?rest_route=%2Fwp%2Fv2%2Ftags&post=9391"}],"curies":[{"name":"wp","href":"https:\/\/api.w.org\/{rel}","templated":true}]}}