{"id":9376,"date":"2016-02-04T10:15:35","date_gmt":"2016-02-04T09:15:35","guid":{"rendered":"https:\/\/wp.muchomaas.com\/article-primaire-des-gauches-et-des-ecolos\/"},"modified":"2016-02-04T10:15:35","modified_gmt":"2016-02-04T09:15:35","slug":"article-primaire-des-gauches-et-des-ecolos","status":"publish","type":"post","link":"https:\/\/archives.regards.fr\/?p=9376","title":{"rendered":"Primaire des gauches et des \u00e9colos : un appel bien lanc\u00e9"},"content":{"rendered":"<p class=\"post_excerpt\">Au premier d\u00e9bat organis\u00e9 par l\u2019appel en faveur d\u2019une primaire des gauches, plusieurs centaines de citoyens ont exprim\u00e9 leur volont\u00e9 de s\u2019engager dans l\u2019aventure. En affirmant la priorit\u00e9 \u00e0 l&#8217;\u00e9laboration d&#8217;un programme et au respect des engagements.<\/p>\n<p><em>\u00ab Je suis l\u00e0 parce qu\u2019il n\u2019y a pas le choix ! \u00bb<\/em> Le propos d\u2019Herv\u00e9 Hamon, romancier, r\u00e9sume l\u2019\u00e9tat d\u2019esprit d\u2019une Bellevilloise (Paris 20e) pleine \u00e0 craquer, ce mercredi 3 f\u00e9vrier. Pour ce qui est de l\u2019assistance, les initiateurs de l\u2019appel &#8220;Notre primaire&#8221; ont r\u00e9ussi leur pari. Outre pas loin de six cents personnes, une bonne part de la gauche politique et des \u00e9colos a tenu \u00e0 \u00eatre pr\u00e9sente pour le premier d\u00e9bat public organis\u00e9 \u00e0 la suite du lancement d\u2019un appel \u00e0 une primaire des gauches et des \u00e9cologistes dans Lib\u00e9ration. <\/p>\n<p>Bien s\u00fbr, certains arrivent avec des arri\u00e8re-pens\u00e9es, mais le public, lui, ne veut pas entendre parler d\u2019individus, beaucoup plus de projet et d\u2019engagements. Des engagements qu\u2019il faudra tenir, la prochaine fois.<\/p>\n<p><em> <\/p>\n<h2>Conjurer le &#8220;crash d\u00e9mocratique&#8221;<\/h2>\n<p> <\/em><\/p>\n<p>S\u2019il y a une prochaine fois. Les r\u00e9sultats du premier tour de l\u2019\u00e9lection r\u00e9gionale de d\u00e9cembre 2015 dessinent la perspective d\u2019un <em>\u00ab crash d\u00e9mocratique \u00bb<\/em>, selon l\u2019expression de l\u2019eurod\u00e9put\u00e9 EELV Yannick Jadot, un des initiateurs de l\u2019appel #notreprimaire. Comme si, apr\u00e8s s\u2019\u00eatre voil\u00e9 les yeux, une bonne partie de la gauche voyait d\u00e9sormais se profiler sa nouvelle absence du second tour de la pr\u00e9sidentielle, avec un duel entre Sarkozy et Marine Le Pen en mai 2017. Mais ce n\u2019est pas que cette perspective qui rassemble autant de monde, <em>\u00ab les alcooliques anonymes qui ont vot\u00e9 Fran\u00e7ois Hollande en 2012 \u00bb<\/em>, r\u00e9sume Rapha\u00ebl pour caract\u00e9riser celles, nombreuses, et ceux venus \u00e9couter ou tenter de <em>\u00ab retrouver une place \u00bb<\/em>. <\/p>\n<p>Militante socialiste <em>\u00ab depuis quinze ans \u00bb<\/em>, Corinne se dit <em>\u00ab d\u00e9sempar\u00e9e \u00bb<\/em>, <em>\u00ab perdue \u00bb<\/em>, surtout depuis l\u2019annonce par le couple ex\u00e9cutif de la d\u00e9ch\u00e9ance de la nationalit\u00e9 pour les binationaux. <em>\u00ab J\u2019ai besoin de \u00e7a,<\/em> dit-elle, sobrement. <em>J\u2019ai besoin de la primaire. \u00bb<\/em> Son propos r\u00e9pond \u00e0 l\u2019interpellation d\u2019un jeune homme, assistant parlementaire, qui confie : <\/p>\n<blockquote><p>\u00ab J&#8217;ai peur de la primaire car si Hollande perd, c\u2019est le PS et donc toute la gauche qui dispara\u00eet de l\u2019imaginaire. \u00bb <\/p><\/blockquote>\n<p>L\u2019ombre du pr\u00e9sident de la R\u00e9publique plane sur les d\u00e9bats. Rappel qu\u2019en Ve R\u00e9publique, il est partout. Ce n\u2019est pas pour rien que les initiateurs de l\u2019appel #notreprimaire sont nombreux \u00e0 appeler de leurs v\u0153ux un changement d\u2019institution. Guillaume Duval, le r\u00e9dacteur en chef d\u2019<em>Alternatives \u00e9conomiques<\/em>, est l\u2019un d\u2019eux et assume la contradiction. Pour resituer imm\u00e9diatement l\u2019enjeu de la d\u00e9marche :<\/p>\n<blockquote><p> \u00ab Nous ne sommes pas l\u00e0 pour parler du casting. Nous sommes l\u00e0 parce que, \u00e0 gauche, malgr\u00e9 les clivages aliment\u00e9s par les deux extr\u00eames \u2013 vallsisme et m\u00e9lenchonisme \u2013 nous avons un fond commun. \u00bb <\/p><\/blockquote>\n<p><em> <\/p>\n<h2>Avec ou sans Hollande ?<\/h2>\n<p> <\/em><\/p>\n<p>Dans le m\u00eame ordre d\u2019id\u00e9es, le d\u00e9put\u00e9 socialiste frondeur Laurent Baumel souhaite rappeler que <em>\u00ab contester l\u2019automaticit\u00e9 de la candidature du pr\u00e9sident sortant, c\u2019est d\u00e9j\u00e0 plus trop Ve R\u00e9publique \u00bb<\/em>. Avec ses amis des gauches du PS, il a pris position samedi 30 janvier, en faveur d\u2019une primaire sans pr\u00e9alable ni v\u00e9to, en conformit\u00e9 avec la motion &#8220;\u00c0 Gauche pour gagner&#8221; pr\u00e9sent\u00e9e au dernier congr\u00e8s du PS.<\/p>\n<p>Cette sensibilit\u00e9 n\u2019\u00e9carte aucun sc\u00e9nario : ni la participation de Fran\u00e7ois Hollande \u00e0 la primaire, ni que le m\u00eame ne soit finalement pas candidat du tout. Pour les communistes, repr\u00e9sent\u00e9s par Olivier Dartigolles, <em>\u00ab cette primaire doit \u00eatre celle de l\u2019alternative \u00e0 gauche, face \u00e0 la politique du gouvernement \u00bb<\/em>. Le porte-parole du PCF rappelle, au pr\u00e9alable, tout l\u2019int\u00e9r\u00eat que son parti porte \u00e0 l\u2019appel. Sans pour autant froisser un Jean-Luc M\u00e9lenchon qui a affirm\u00e9 qu\u2019il ne participerait pas \u00e0 une primaire \u00e0 laquelle Fran\u00e7ois Hollande concourrait.<\/p>\n<p>La situation am\u00e8ne Daniel Cohn-Bendit, parmi les personnes \u00e0 l\u2019origine de l\u2019appel, \u00e0 qualifier M\u00e9lenchon et Hollande d\u2019<em>\u00ab alli\u00e9s objectifs \u00bb<\/em> en la mati\u00e8re. L\u2019ex-eurod\u00e9put\u00e9 vert ne cache pourtant pas que l\u2019int\u00e9r\u00eat de la primaire pourrait \u00eatre de rel\u00e9gitimer un Fran\u00e7ois Hollande passablement d\u00e9mon\u00e9tis\u00e9 aujourd\u2019hui. Parce que l\u2019ensemble des candidats \u00e0 la primaire sera tenu d\u2019en soutenir le vainqueur\u2026 Comme dans un bon vieil accord \u00e9lectoral mais qui, cette fois, serait \u00e9labor\u00e9 et pass\u00e9 au grand jour. C\u2019est ce que sugg\u00e8re, en tous cas, l\u2019\u00e9conomiste Thomas Piketty : <\/p>\n<blockquote><p>\u00ab L\u2019unit\u00e9 ne peut plus venir d\u2019en haut. L\u2019unit\u00e9 ne se fera que dans la d\u00e9mocratie et dans le d\u00e9bat. \u00bb <\/p><\/blockquote>\n<p><em> <\/p>\n<h2>Sentiment d&#8217;urgence<\/h2>\n<p> <\/em><\/p>\n<p>Une reprise en main : c&#8217;est aussi dans ce sens que C\u00e9cile Duflot lance son appel \u00e0 un public qui clame son d\u00e9sarroi quand la politique trahit ses promesses et ne l\u2019\u00e9coute plus :<\/p>\n<blockquote><p>\u00ab Emparez-vous de la politique. Je veux que cette aventure r\u00e9ussisse, que nous montrions ensemble que la gauche \u2013 celle qui d\u00e9fend les humili\u00e9s, qui pr\u00f4ne l\u2019\u00e9mancipation et la justice sociale \u2013 n\u2019est pas morte. \u00bb <\/p><\/blockquote>\n<p>De son c\u00f4t\u00e9, l&#8217;\u00e9conomiste Bernard Marx souligne : <em>\u00ab Si Fran\u00e7ois Hollande g\u00e2che\u2026 pardon, gagne la primaire, la gauche est morte \u00bb<\/em>. Un propos tranch\u00e9 qui soul\u00e8ve les applaudissements nourris d\u2019une salle o\u00f9 se m\u00ealent jeunes et moins jeunes. \u00c0 l\u2019appui, depuis sa chaise, Marine rel\u00e8ve : <em>\u00ab Quand on voit que, sur certains dossiers, m\u00eame la droite trouve que le gouvernement va trop loin, oui la gauche a un probl\u00e8me \u00bb.<\/em><\/p>\n<p>Les \u00e9changes se poursuivent, des sourires s\u2019esquissent. La f\u00e9ministe Caroline de Haas, qui a lanc\u00e9 le site primairedegauche.fr, annonce que 2.000 b\u00e9n\u00e9voles sont pr\u00eats \u00e0 s\u2019investir dans l\u2019organisation de la primaire et invite \u00e0 prendre les devants :<\/p>\n<blockquote><p>\u00ab N&#8217;attendons pas les partis. S\u2019ils nous rejoignent, tant mieux et bravo. Mais n\u2019attendons pas, sinon nous serons pris par le temps \u00bb. <\/p><\/blockquote>\n<p>Le sentiment d\u2019urgence est pr\u00e9gnant parmi les pr\u00e9sents. Et l\u2019annonce, par Yannick Jadot, mu\u00e9 en monsieur loyal de la soir\u00e9e, d\u2019une plateforme \u00e0 co-\u00e9laborer pour organiser l\u2019organisation du processus citoyen ach\u00e8ve de motiver les pr\u00e9sents. Reste \u00e0, comme le sugg\u00e8re Herv\u00e9 Hamon, <em>\u00ab ne pas trop discuter entre nous. Allons \u00e0 la rencontre de la soci\u00e9t\u00e9 civile, c\u2019est l\u00e0 o\u00f9 sont les forces. Allons aussi en province \u00bb.<\/em> Les initiateurs de #notreprimaire lui donnent raison en annon\u00e7ant, d\u00e9j\u00e0, <em>\u00ab des d\u00e9bats \u00e0 venir partout en France \u00bb.<\/em><\/p>\n","protected":false},"excerpt":{"rendered":"<p>Au premier d\u00e9bat organis\u00e9 par l\u2019appel en faveur d\u2019une primaire des gauches, plusieurs centaines de citoyens ont exprim\u00e9 leur volont\u00e9 de s\u2019engager dans l\u2019aventure. En affirmant la priorit\u00e9 \u00e0 l&#8217;\u00e9laboration d&#8217;un programme et au respect des engagements.<\/p>\n","protected":false},"author":1149,"featured_media":0,"comment_status":"open","ping_status":"open","sticky":false,"template":"","format":"standard","meta":{"_themeisle_gutenberg_block_has_review":false,"footnotes":""},"categories":[157],"tags":[295],"class_list":["post-9376","post","type-post","status-publish","format-standard","hentry","category-web","tag-nupes"],"_links":{"self":[{"href":"https:\/\/archives.regards.fr\/index.php?rest_route=\/wp\/v2\/posts\/9376","targetHints":{"allow":["GET"]}}],"collection":[{"href":"https:\/\/archives.regards.fr\/index.php?rest_route=\/wp\/v2\/posts"}],"about":[{"href":"https:\/\/archives.regards.fr\/index.php?rest_route=\/wp\/v2\/types\/post"}],"author":[{"embeddable":true,"href":"https:\/\/archives.regards.fr\/index.php?rest_route=\/wp\/v2\/users\/1149"}],"replies":[{"embeddable":true,"href":"https:\/\/archives.regards.fr\/index.php?rest_route=%2Fwp%2Fv2%2Fcomments&post=9376"}],"version-history":[{"count":0,"href":"https:\/\/archives.regards.fr\/index.php?rest_route=\/wp\/v2\/posts\/9376\/revisions"}],"wp:attachment":[{"href":"https:\/\/archives.regards.fr\/index.php?rest_route=%2Fwp%2Fv2%2Fmedia&parent=9376"}],"wp:term":[{"taxonomy":"category","embeddable":true,"href":"https:\/\/archives.regards.fr\/index.php?rest_route=%2Fwp%2Fv2%2Fcategories&post=9376"},{"taxonomy":"post_tag","embeddable":true,"href":"https:\/\/archives.regards.fr\/index.php?rest_route=%2Fwp%2Fv2%2Ftags&post=9376"}],"curies":[{"name":"wp","href":"https:\/\/api.w.org\/{rel}","templated":true}]}}