{"id":9354,"date":"2016-01-26T12:52:45","date_gmt":"2016-01-26T11:52:45","guid":{"rendered":"https:\/\/wp.muchomaas.com\/article-35-heures-decryptons-le-decrypteur\/"},"modified":"2023-06-23T23:21:18","modified_gmt":"2023-06-23T21:21:18","slug":"article-35-heures-decryptons-le-decrypteur","status":"publish","type":"post","link":"https:\/\/archives.regards.fr\/?p=9354","title":{"rendered":"35 heures : d\u00e9cryptons le d\u00e9crypteur"},"content":{"rendered":"<p class=\"post_excerpt\">Tous les matins sur France Info, dans sa chronique \u201cLe d\u00e9cryptage \u00e9co\u201d, Vincent Giret, du Monde, \u00e9vang\u00e9lise les fid\u00e8les avec son cat\u00e9chisme lib\u00e9ral. \u00c0 notre tour, d\u00e9cryptons-le avec cet extrait d&#8217;une chronique tout \u00e0 fait exemplaire sur les 35 heures. <\/p>\n<p>Les \u00e9vang\u00e9listes du march\u00e9 et autres ap\u00f4tres de la soumission montent en chaire tous les jours pour d\u00e9livrer leurs hom\u00e9lies m\u00e9diatiques. Beaucoup sont plus connus que Vincent Giret, journaliste \u00e9conomique du <em>Monde<\/em> qui intervient dans la matinale de France Info, mais peu sont aussi symptomatiques d&#8217;une doxa qu&#8217;il serait facile de d\u00e9monter en direct si on lui opposait un tant soit peu de contradiction. <\/p>\n<p>Faute de quoi, lui et ses semblables peuvent psalmodier leurs mantras et les pr\u00e9senter comme la seule &#8220;r\u00e9alit\u00e9&#8221; qui vaille, la seule v\u00e9rit\u00e9 disponible dans le d\u00e9bat public. Leur discours b\u00e9n\u00e9ficie de l&#8217;infaillibilit\u00e9 des textes sacr\u00e9s, le cr\u00e9dit qu&#8217;on leur accorde est celui des &#8220;experts&#8221; qui condescendent \u00e0 nous d\u00e9livrer la bonne parole (et dieu sait que les \u00e9critures sont confuses, sans l&#8217;intercession des ministres du culte). \u00c9coutez avec quelle onction, quelle bienveillance ils parlent \u00e0 leurs ouailles.<\/p>\n<h2>L&#8217;id\u00e9ologie, c&#8217;est les autres<\/h2>\n<p>C&#8217;est donc dans un confort maximum et en toute bonne conscience qu&#8217;ils peuvent faire l&#8217;office : leurs \u00e9normit\u00e9s, leurs contresens, leurs travestissements et leurs omissions, aussi grossiers soient-ils, passent comme lettre \u00e0 la Poste (avant l&#8217;ouverture \u00e0 la concurrence). Dans un monde qui rendrait un minimum justice au d\u00e9bat contradictoire, \u00e0 l&#8217;examen critique des arguments, jamais la chronique de Vincent Giret ne pourrait s&#8217;appeler &#8220;d\u00e9cryptage&#8221;. Au mieux, on la baptiserait &#8220;opinion&#8221;, &#8220;tribune&#8221;, voire &#8220;sermon&#8221;.<\/p>\n<p>Mais voil\u00e0, quand on est assis du c\u00f4t\u00e9 de l&#8217;opinion dominante, l&#8217;id\u00e9ologie, c&#8217;est toujours les autres. Vincent Giret le dit d&#8217;ailleurs en introduction de la chronique en question : <em>\u00ab Tentons de nous situer au-del\u00e0 de vieilles querelles id\u00e9ologiques \u00bb<\/em>. Car l&#8217;expert plane au-dessus des contingences, les probl\u00e8mes dont il traite sont de nature strictement technique et il les r\u00e9sout de mani\u00e8re scientifique, en toute objectivit\u00e9. Pour ceux qui l&#8217;ignoreraient, la &#8220;fin de l&#8217;histoire&#8221; a atteint l&#8217;\u00e9conomie avant toutes les autres sciences humaines \u2013 ni la politique ni l&#8217;histoire n&#8217;y ont plus de place.<\/p>\n<p>Si la guerre est donc pr\u00e9sent\u00e9e comme perdue, mais il y a encore de petites batailles \u00e0 mener. Aussi a-t-on d\u00e9crypt\u00e9 le d\u00e9cryptage, en pariant que l&#8217;exercice a plus de chances de faire ressortir quelques v\u00e9rit\u00e9s. Exp\u00e9rience tent\u00e9e avec la chronique du lundi 25 janvier portant sur les 35 heures[[Notons que ce lundi, France Info organisait &#8220;une journ\u00e9e pour transformer la politique&#8221;\u2026 sans \u00e9voquer une seule fois <a href=\"https:\/\/wp.muchomaas.com\/web\/article\/plan-b-episode-1\">le sommet du plan B<\/a>\u2026 En revanche, Alexandre Jardin \u00e9tait interview\u00e9]]. Par manque de place plus que par charit\u00e9, l&#8217;int\u00e9gralit\u00e9 de celle-ci (que l&#8217;on peut <a href=\"http:\/\/www.franceinfo.fr\/emission\/le-decryptage-eco\/2015-2016\/nouvelles-polemiques-sur-les-35-heures-25-01-2016-08-29\">lire ici<\/a>, ou \u00e9couter-regarder ci-dessous) n&#8217;a pas \u00e9t\u00e9 reproduite.[[Tout juste retiendra-t-on cette assertion liminaire, qui contient l&#8217;escroquerie majeure des discours sur la cr\u00e9ation d&#8217;emplois dans les pays o\u00f9 le droit du travail est plus d\u00e9r\u00e9gul\u00e9 que le n\u00f4tre : <em>\u00ab L\u2019emploi est bloqu\u00e9 en France, le secteur priv\u00e9 ne cr\u00e9e presque plus d\u2019emplois depuis des ann\u00e9es, alors qu\u2019ailleurs en Europe, presque tous nos voisins ont r\u00e9ussi \u00e0 faire diminuer le ch\u00f4mage ou sont en plein emploi. \u00bb<\/em> Il manque en effet une information essentielle : au Royaume-Uni ou en Allemagne, la baisse du taux de ch\u00f4mage s&#8217;est accompagn\u00e9e d&#8217;une pr\u00e9carisation g\u00e9n\u00e9rale, d&#8217;une hausse du taux de pauvret\u00e9 et du nombre de travailleurs pauvres. On peut tout \u00e0 fait d\u00e9fendre un tel &#8220;mod\u00e8le&#8221;, apr\u00e8s tout. Encore faudrait-il le faire honn\u00eatement. \u00c9videmment, cela impliquerait d&#8217;assumer son cynisme, et d&#8217;avouer que ce que l&#8217;on d\u00e9fend, ce n&#8217;est pas du tout l&#8217;int\u00e9r\u00eat g\u00e9n\u00e9ral.]]<\/p>\n<p style=\"text-align: center;\"><strong>[cliquez sur l&#8217;image pour l&#8217;agrandir]<\/strong><\/p>\n<p><a href=\"https:\/\/wp.muchomaas.com\/IMG\/png\/giret-decryptage.png\"><img decoding=\"async\" src=\"IMG\/jpg\/giret-decryptage-460.jpg\" alt=\"giret-decryptage-460.jpg\" align=\"center\" \/><\/a><div id='gallery-1' class='gallery galleryid-9354 gallery-columns-3 gallery-size-thumbnail'><figure class='gallery-item'>\n\t\t\t<div class='gallery-icon landscape'>\n\t\t\t\t<a href='https:\/\/archives.regards.fr\/wp-content\/uploads\/2016\/01\/giret-decryptage-b6e.png'><img loading=\"lazy\" decoding=\"async\" width=\"150\" height=\"150\" src=\"https:\/\/archives.regards.fr\/wp-content\/uploads\/2016\/01\/giret-decryptage-b6e-150x150.png\" class=\"attachment-thumbnail size-thumbnail\" alt=\"giret-decryptage.png\" \/><\/a>\n\t\t\t<\/div><\/figure>\n\t\t<\/div>\n<\/p>\n","protected":false},"excerpt":{"rendered":"<p>Tous les matins sur France Info, dans sa chronique \u201cLe d\u00e9cryptage \u00e9co\u201d, Vincent Giret, du Monde, \u00e9vang\u00e9lise les fid\u00e8les avec son cat\u00e9chisme lib\u00e9ral. \u00c0 notre tour, d\u00e9cryptons-le avec cet extrait d&#8217;une chronique tout \u00e0 fait exemplaire sur les 35 heures. <\/p>\n","protected":false},"author":1188,"featured_media":22888,"comment_status":"open","ping_status":"open","sticky":false,"template":"","format":"standard","meta":{"_themeisle_gutenberg_block_has_review":false,"footnotes":""},"categories":[157],"tags":[287],"class_list":["post-9354","post","type-post","status-publish","format-standard","has-post-thumbnail","hentry","category-web","tag-medias"],"_links":{"self":[{"href":"https:\/\/archives.regards.fr\/index.php?rest_route=\/wp\/v2\/posts\/9354","targetHints":{"allow":["GET"]}}],"collection":[{"href":"https:\/\/archives.regards.fr\/index.php?rest_route=\/wp\/v2\/posts"}],"about":[{"href":"https:\/\/archives.regards.fr\/index.php?rest_route=\/wp\/v2\/types\/post"}],"author":[{"embeddable":true,"href":"https:\/\/archives.regards.fr\/index.php?rest_route=\/wp\/v2\/users\/1188"}],"replies":[{"embeddable":true,"href":"https:\/\/archives.regards.fr\/index.php?rest_route=%2Fwp%2Fv2%2Fcomments&post=9354"}],"version-history":[{"count":0,"href":"https:\/\/archives.regards.fr\/index.php?rest_route=\/wp\/v2\/posts\/9354\/revisions"}],"wp:featuredmedia":[{"embeddable":true,"href":"https:\/\/archives.regards.fr\/index.php?rest_route=\/wp\/v2\/media\/22888"}],"wp:attachment":[{"href":"https:\/\/archives.regards.fr\/index.php?rest_route=%2Fwp%2Fv2%2Fmedia&parent=9354"}],"wp:term":[{"taxonomy":"category","embeddable":true,"href":"https:\/\/archives.regards.fr\/index.php?rest_route=%2Fwp%2Fv2%2Fcategories&post=9354"},{"taxonomy":"post_tag","embeddable":true,"href":"https:\/\/archives.regards.fr\/index.php?rest_route=%2Fwp%2Fv2%2Ftags&post=9354"}],"curies":[{"name":"wp","href":"https:\/\/api.w.org\/{rel}","templated":true}]}}