{"id":9313,"date":"2016-01-13T15:25:34","date_gmt":"2016-01-13T14:25:34","guid":{"rendered":"https:\/\/wp.muchomaas.com\/article-numero-de-janvier-2016\/"},"modified":"2016-01-13T15:25:34","modified_gmt":"2016-01-13T14:25:34","slug":"article-numero-de-janvier-2016","status":"publish","type":"post","link":"https:\/\/archives.regards.fr\/?p=9313","title":{"rendered":"Num\u00e9ro de janvier 2016"},"content":{"rendered":"<p class=\"post_excerpt\"><a href=\"6090\">Pour acc\u00e9der \u00e0 ce num\u00e9ro, cliquez ici<\/a>\n<\/p>\n<p><strong>Sommaire N\u00b063<br \/>\n<\/strong><\/p>\n<p><strong>p.4 Primaire : pour une gauche franche<br \/>\n<\/strong><\/p>\n<p>Lanc\u00e9e par un appel r\u00e9unissant de nombreuses personnalit\u00e9s non politiques, l\u2019id\u00e9e d\u2019une \u00abprimaire des gauches\u00bb a le m\u00e9rite de chercher une dynamique pour 2017, mais elle ne peut r\u00e9unir ceux qui soutiennent les orientations du gouvernement et ceux qui s\u2019y opposent. Il faut une autre logique d\u00e9mocratique, et un autre projet.<\/p>\n<p><strong>Les yeux sur l\u2019Espagne<br \/>\n<\/strong><\/p>\n<p>Apr\u00e8s la d\u00e9sillusion Syriza, les espoirs de changement politique en Europe se tournent vers l\u2019Espagne, o\u00f9 Podemos affronte l\u2019\u00e9preuve de la r\u00e9alit\u00e9 et celles des urnes. Si la formation de Pablo Iglesias tend \u00e0 se recentrer, elle r\u00e9siste pour le moment \u00e0 la tentation des compromis.<br \/>p.08 Une victoire de Podemos contre le bipartisme<br \/>\n<br \/>p.12 Sans accord, l\u2019Espagne va vers de nouvelles \u00e9lections<\/p>\n<p><strong>2015, le point de non-retour de l\u2019ex\u00e9cutif<br \/>\n<\/strong><\/p>\n<p>L\u2019\u00e9lys\u00e9e et Matignon auront surtout profit\u00e9 des attentats de janvier et novembre pour imposer une nouvelle strat\u00e9gie du choc, s\u00e9curitaire et droiti\u00e8re, qui scelle la compromission d\u00e9finitive du pr\u00e9sident et de son premier ministre.<br \/>\n<br \/>p.16 Un an apr\u00e8s, l\u2019esprit perdu de janvier<br \/>\n<br \/>p.20 D\u00e9ch\u00e9ance de nationalit\u00e9 : le pas de plus, le pas de trop ?<br \/>\n<br \/>p.24 N\u00e9o-r\u00e9publicanisme vs. extr\u00eame droite : un clivage mortel pour la gauche<br \/>\n<br \/>p.28 D\u00e9ch\u00e9ance de nationalit\u00e9 : Valls pousse \u00e0 l\u2019affrontement<\/p>\n","protected":false},"excerpt":{"rendered":"<p><a href=\"6090\">Pour acc\u00e9der \u00e0 ce num\u00e9ro, cliquez ici<\/a><\/p>\n","protected":false},"author":643,"featured_media":0,"comment_status":"open","ping_status":"open","sticky":false,"template":"","format":"standard","meta":{"_themeisle_gutenberg_block_has_review":false,"footnotes":""},"categories":[1],"tags":[359,371],"class_list":["post-9313","post","type-post","status-publish","format-standard","hentry","category-non-classe","tag-exclure-de-la-home","tag-sommaire"],"_links":{"self":[{"href":"https:\/\/archives.regards.fr\/index.php?rest_route=\/wp\/v2\/posts\/9313","targetHints":{"allow":["GET"]}}],"collection":[{"href":"https:\/\/archives.regards.fr\/index.php?rest_route=\/wp\/v2\/posts"}],"about":[{"href":"https:\/\/archives.regards.fr\/index.php?rest_route=\/wp\/v2\/types\/post"}],"author":[{"embeddable":true,"href":"https:\/\/archives.regards.fr\/index.php?rest_route=\/wp\/v2\/users\/643"}],"replies":[{"embeddable":true,"href":"https:\/\/archives.regards.fr\/index.php?rest_route=%2Fwp%2Fv2%2Fcomments&post=9313"}],"version-history":[{"count":0,"href":"https:\/\/archives.regards.fr\/index.php?rest_route=\/wp\/v2\/posts\/9313\/revisions"}],"wp:attachment":[{"href":"https:\/\/archives.regards.fr\/index.php?rest_route=%2Fwp%2Fv2%2Fmedia&parent=9313"}],"wp:term":[{"taxonomy":"category","embeddable":true,"href":"https:\/\/archives.regards.fr\/index.php?rest_route=%2Fwp%2Fv2%2Fcategories&post=9313"},{"taxonomy":"post_tag","embeddable":true,"href":"https:\/\/archives.regards.fr\/index.php?rest_route=%2Fwp%2Fv2%2Ftags&post=9313"}],"curies":[{"name":"wp","href":"https:\/\/api.w.org\/{rel}","templated":true}]}}