{"id":9305,"date":"2016-01-11T17:39:08","date_gmt":"2016-01-11T16:39:08","guid":{"rendered":"https:\/\/wp.muchomaas.com\/article-primaire-pour-une-gauche-franche\/"},"modified":"2023-06-23T23:21:11","modified_gmt":"2023-06-23T21:21:11","slug":"article-primaire-pour-une-gauche-franche","status":"publish","type":"post","link":"https:\/\/archives.regards.fr\/?p=9305","title":{"rendered":"Primaire : pour une gauche franche"},"content":{"rendered":"<p class=\"post_excerpt\">L&#8217;id\u00e9e d&#8217;une &#8220;primaire des gauches&#8221; a le m\u00e9rite de chercher une dynamique pour 2017, mais ne peut r\u00e9unir ceux qui soutiennent les orientations du gouvernement et ceux qui s&#8217;y opposent. Il faut une autre logique d\u00e9mocratique, et un autre projet.<\/p>\n<p>L\u2019appel <a href=\"http:\/\/www.liberation.fr\/france\/2016\/01\/10\/pour-une-primaire-a-gauche_1425509\">paru dans <em>Lib\u00e9ration<\/em><\/a> pour une primaire des gauches a le m\u00e9rite de secouer le cocotier. Il pose de fait une question fondamentale : comment susciter un d\u00e9sir, une dynamique de gauche en 2017 et ne pas laisser le chemin libre au FN et \u00e0 la droite ? <\/p>\n<h2>Hollande, premi\u00e8re cible<\/h2>\n<p>Les premiers signataires \u2013 parmi lesquels Thomas Piketty, Michel Wieviorka, Marie Desplechin, Guillaume Duval, Daniel Cohn-Bendit, Julia Cag\u00e9, Dominique M\u00e9da, Ariane Ascaride, Philippe Torreton, G\u00e9rard Aschieiri, Arlette Farge, Barbara Romagnan ou encore Romain Goupil \u2013 partent d\u2019un juste constat : <em>\u00ab Les citoyens sont en \u00e9tat de l\u00e9gitime d\u00e9fiance vis-\u00e0-vis de la politique \u00bb<\/em> et <em>\u00ab les gouvernements s\u2019arc-boutent sur des mod\u00e8les destructeurs, plut\u00f4t que de lutter contre les in\u00e9galit\u00e9s sociales, les discriminations, la d\u00e9gradation de l\u2019environnement et l\u2019affaiblissement de la d\u00e9mocratie \u00bb<\/em>. <\/p>\n<p>La premi\u00e8re cible de cet appel est \u00e9videmment Fran\u00e7ois Hollande. Proposer une primaire des gauches, c\u2019est dire que le pr\u00e9sident sortant n\u2019est pas l\u00e9gitime pour incarner, apr\u00e8s trois ans et demi au sommet de l\u2019\u00c9tat, la candidature de gauche en 2017. Ce n\u2019est pas rien. Proposer une primaire comme m\u00e9thode de d\u00e9signation, c\u2019est aussi consid\u00e9rer que le choix d\u2019un-e leader doit \u00eatre l\u2019affaire du grand nombre. <\/p>\n<p>Cet appel n\u2019en reste pas moins irr\u00e9aliste : il n\u2019y aura pas de primaire des gauches en vue de la prochaine pr\u00e9sidentielle. Notons d\u00e9j\u00e0 que la probabilit\u00e9 que Fran\u00e7ois Hollande consente \u00e0 s\u2019y soumettre est faible. Un pr\u00e9sident acceptant une telle mise en concurrence alors qu\u2019il est en fonction serait une configuration in\u00e9dite et pour le moins \u00e9loign\u00e9e des pratiques de notre Ve R\u00e9publique\u2026 et personne n\u2019a vu Fran\u00e7ois Hollande contester la monarchie pr\u00e9sidentielle en vigueur. <\/p>\n<h2>Deux orientations incompatibles<\/h2>\n<p>Mais le plus important est ailleurs : il n\u2019y a pas de cadre commun possible entre ceux qui soutiennent l\u2019orientation gouvernementale et ceux qui la combattent \u00e0 gauche. Or, la logique d\u2019une primaire suppose que chaque candidat accepte, s\u2019il perd, de mener la campagne aux c\u00f4t\u00e9s de celui ou celle qui l\u2019aura gagn\u00e9e. Imaginez-vous Manuel Valls soutenir Jean-Luc M\u00e9lenchon en 2017 ? Croyez-vous s\u00e9rieusement que Pierre Laurent ferait tribune commune avec Emmanuel Macron ? Pensez-vous cr\u00e9dible de voir les militants du Front de gauche coller les affiches de Fran\u00e7ois Hollande au premier tour de la pr\u00e9sidentielle ? <\/p>\n<p>La vie politique r\u00e9serve parfois, souvent, des surprises, mais elle ne peut s\u2019affranchir des mouvements de fond. La r\u00e9alit\u00e9 \u00e0 gauche, aujourd\u2019hui, est celle d\u2019une c\u00e9sure croissante entre deux grandes logiques : d\u2019un c\u00f4t\u00e9, la r\u00e9duction des d\u00e9ficits publics, la croissance pour horizon, le contr\u00f4le social, le d\u00e9mant\u00e8lement des droits et des services publics ; de l\u2019autre, une rupture avec la &#8220;r\u00e8gle d\u2019or&#8221; et le r\u00e8gne de la marchandise, la remise en cause des normes n\u00e9olib\u00e9rales, une transition \u00e9nerg\u00e9tique, de nouveaux droits et libert\u00e9s, une nouvelle R\u00e9publique. Ces deux orientations ne sont pas compatibles. Trancher entre les deux ne peut se faire \u00e0 l\u2019occasion d\u2019une primaire des gauches car les uns ne se rangeront pas derri\u00e8re les autres \u2013 et r\u00e9ciproquement.<\/p>\n<p>Alors, que faire ? Oui, une gauche est \u00e0 reconstruire. Oui, pour ce faire, nous avons besoin de la confrontation d\u2019id\u00e9es, que les portes et les fen\u00eatres des partis politiques s\u2019ouvrent sur la soci\u00e9t\u00e9, que les citoyennes et citoyens de gauche s\u2019en m\u00ealent, jusqu\u2019au choix de leur leader en 2017. Mais peut-on y parvenir sur la base d\u2019une d\u00e9marche commune entre les fossoyeurs de la gauche et ceux qui aspirent \u00e0 reconstruire une perspective franchement de gauche ? Assur\u00e9ment non. C\u2019est pourquoi nous devons trouver le moyen de rassembler toutes celles et ceux qui, \u00e0 gauche, sont oppos\u00e9s aux choix gouvernementaux soutenus par la direction du PS. <\/p>\n<h2>Se f\u00e9d\u00e9rer dans un cadre in\u00e9dit<\/h2>\n<p>Si la gauche franche, celle qui ne veut ni du Pacte de responsabilit\u00e9, ni de la d\u00e9ch\u00e9ance de nationalit\u00e9, ni des lois Macron, ni de l\u2019\u00c9tat d\u2019exception permanent, reste \u00e9clat\u00e9e, alors le pire est devant nous. Nous avons le devoir de nous f\u00e9d\u00e9rer dans un cadre in\u00e9dit, capable de jeter les bases d\u2019un projet commun pour une gauche du XXIe si\u00e8cle, d\u2019enclencher un processus de refondation. Comment choisir la personnalit\u00e9 qui en porterait les couleurs en 2017 ? La primaire permet de r\u00e9pondre \u00e0 la demande croissante de participation citoyenne \u00e0 la vie politique, au-del\u00e0 des partis existants, et de garantir que la concurrence entre les candidats potentiels de cette gauche franche ne se termine pas par une multiplicit\u00e9 de candidatures \u00e0 la pr\u00e9sidentielle, affaiblissant les chances de compter, de gagner. <\/p>\n<p>Nous connaissons les limites et les travers de la primaire, notamment l\u2019accent mis sur la personnalisation et les critiques entre candidats qui peuvent laisser des traces, mais quelle autre m\u00e9thode pour d\u00e9signer une candidature d\u2019un mouvement rassemblant diff\u00e9rentes forces et sensibilit\u00e9s politiques ? Le consensus ? S\u2019il peut faire r\u00eaver, il n\u2019est pas gagn\u00e9\u2026 Le tirage au sort ? Il n\u2019est pas pr\u00eat de faire consensus. Le fait accompli par rapport de forces ? Il ne peut \u00eatre satisfaisant. Or il faut bien une m\u00e9thode pour l\u00e9gitimer une candidature, lui donner de la force propulsive. <\/p>\n<p>Si elle est raccord\u00e9e \u00e0 la construction d\u2019un mouvement politique et associ\u00e9e \u00e0 un vaste travail sur le projet, la primaire est sans doute la m\u00e9thode la plus efficace pour tout \u00e0 la fois assurer une candidature commune \u00e0 l\u2019ensemble de la gauche qui refuse les choix gouvernementaux et susciter une dynamique citoyenne. Au moment o\u00f9 nous sommes dans les choux, c\u2019est \u00e0 m\u00e9diter s\u00e9rieusement. <\/p>\n<p><strong>Lire aussi<\/strong> <a href=\"https:\/\/wp.muchomaas.com\/web\/article\/des-primaires-pour-un-nouveau\">&#8220;Des primaires pour un nouveau Front populaire&#8221;<\/a>, par Fran\u00e7ois Asensi.<div id='gallery-1' class='gallery galleryid-9305 gallery-columns-3 gallery-size-thumbnail'><figure class='gallery-item'>\n\t\t\t<div class='gallery-icon landscape'>\n\t\t\t\t<a href='https:\/\/archives.regards.fr\/wp-content\/uploads\/2016\/01\/primaire-b61.jpg'><img loading=\"lazy\" decoding=\"async\" width=\"150\" height=\"150\" src=\"https:\/\/archives.regards.fr\/wp-content\/uploads\/2016\/01\/primaire-b61-150x150.jpg\" class=\"attachment-thumbnail size-thumbnail\" alt=\"primaire.jpg\" \/><\/a>\n\t\t\t<\/div><\/figure>\n\t\t<\/div>\n<\/p>\n","protected":false},"excerpt":{"rendered":"<p>L&#8217;id\u00e9e d&#8217;une &#8220;primaire des gauches&#8221; a le m\u00e9rite de chercher une dynamique pour 2017, mais ne peut r\u00e9unir ceux qui soutiennent les orientations du gouvernement et ceux qui s&#8217;y opposent. Il faut une autre logique d\u00e9mocratique, et un autre projet.<\/p>\n","protected":false},"author":570,"featured_media":22817,"comment_status":"open","ping_status":"open","sticky":false,"template":"","format":"standard","meta":{"_themeisle_gutenberg_block_has_review":false,"footnotes":""},"categories":[157],"tags":[452,295],"class_list":["post-9305","post","type-post","status-publish","format-standard","has-post-thumbnail","hentry","category-web","tag-front-de-gauche","tag-nupes"],"_links":{"self":[{"href":"https:\/\/archives.regards.fr\/index.php?rest_route=\/wp\/v2\/posts\/9305","targetHints":{"allow":["GET"]}}],"collection":[{"href":"https:\/\/archives.regards.fr\/index.php?rest_route=\/wp\/v2\/posts"}],"about":[{"href":"https:\/\/archives.regards.fr\/index.php?rest_route=\/wp\/v2\/types\/post"}],"author":[{"embeddable":true,"href":"https:\/\/archives.regards.fr\/index.php?rest_route=\/wp\/v2\/users\/570"}],"replies":[{"embeddable":true,"href":"https:\/\/archives.regards.fr\/index.php?rest_route=%2Fwp%2Fv2%2Fcomments&post=9305"}],"version-history":[{"count":0,"href":"https:\/\/archives.regards.fr\/index.php?rest_route=\/wp\/v2\/posts\/9305\/revisions"}],"wp:featuredmedia":[{"embeddable":true,"href":"https:\/\/archives.regards.fr\/index.php?rest_route=\/wp\/v2\/media\/22817"}],"wp:attachment":[{"href":"https:\/\/archives.regards.fr\/index.php?rest_route=%2Fwp%2Fv2%2Fmedia&parent=9305"}],"wp:term":[{"taxonomy":"category","embeddable":true,"href":"https:\/\/archives.regards.fr\/index.php?rest_route=%2Fwp%2Fv2%2Fcategories&post=9305"},{"taxonomy":"post_tag","embeddable":true,"href":"https:\/\/archives.regards.fr\/index.php?rest_route=%2Fwp%2Fv2%2Ftags&post=9305"}],"curies":[{"name":"wp","href":"https:\/\/api.w.org\/{rel}","templated":true}]}}