{"id":93,"date":"2015-03-17T22:24:07","date_gmt":"2015-03-17T21:24:07","guid":{"rendered":"https:\/\/wp.muchomaas.com\/breve-nicolas-sarkozy-93\/"},"modified":"2015-03-17T22:24:07","modified_gmt":"2015-03-17T21:24:07","slug":"breve-nicolas-sarkozy-93","status":"publish","type":"post","link":"https:\/\/archives.regards.fr\/?p=93","title":{"rendered":"Nicolas Sarkozy"},"content":{"rendered":"<p><em>\u00ab\u00a0Marine Le Pen a le programme \u00e9conomique de l&#8217;extr\u00eame gauche. Je n&#8217;ai pas envie que mon pays finisse comme la Gr\u00e8ce.\u00a0\u00bb<\/em> (17\/03\/2015)<\/p>\n","protected":false},"excerpt":{"rendered":"<p>\u00ab\u00a0Marine Le Pen a le programme \u00e9conomique de l&#8217;extr\u00eame gauche. Je n&#8217;ai pas envie que mon pays finisse comme la Gr\u00e8ce.\u00a0\u00bb (17\/03\/2015)<\/p>\n","protected":false},"author":1,"featured_media":0,"comment_status":"open","ping_status":"open","sticky":false,"template":"","format":"standard","meta":{"_themeisle_gutenberg_block_has_review":false,"footnotes":""},"categories":[284],"tags":[],"class_list":["post-93","post","type-post","status-publish","format-standard","hentry","category-declarama-breves"],"_links":{"self":[{"href":"https:\/\/archives.regards.fr\/index.php?rest_route=\/wp\/v2\/posts\/93","targetHints":{"allow":["GET"]}}],"collection":[{"href":"https:\/\/archives.regards.fr\/index.php?rest_route=\/wp\/v2\/posts"}],"about":[{"href":"https:\/\/archives.regards.fr\/index.php?rest_route=\/wp\/v2\/types\/post"}],"author":[{"embeddable":true,"href":"https:\/\/archives.regards.fr\/index.php?rest_route=\/wp\/v2\/users\/1"}],"replies":[{"embeddable":true,"href":"https:\/\/archives.regards.fr\/index.php?rest_route=%2Fwp%2Fv2%2Fcomments&post=93"}],"version-history":[{"count":0,"href":"https:\/\/archives.regards.fr\/index.php?rest_route=\/wp\/v2\/posts\/93\/revisions"}],"wp:attachment":[{"href":"https:\/\/archives.regards.fr\/index.php?rest_route=%2Fwp%2Fv2%2Fmedia&parent=93"}],"wp:term":[{"taxonomy":"category","embeddable":true,"href":"https:\/\/archives.regards.fr\/index.php?rest_route=%2Fwp%2Fv2%2Fcategories&post=93"},{"taxonomy":"post_tag","embeddable":true,"href":"https:\/\/archives.regards.fr\/index.php?rest_route=%2Fwp%2Fv2%2Ftags&post=93"}],"curies":[{"name":"wp","href":"https:\/\/api.w.org\/{rel}","templated":true}]}}