{"id":9288,"date":"2016-01-02T22:20:38","date_gmt":"2016-01-02T21:20:38","guid":{"rendered":"https:\/\/wp.muchomaas.com\/article-regards-hiver-2016\/"},"modified":"2023-06-23T23:21:10","modified_gmt":"2023-06-23T21:21:10","slug":"article-regards-hiver-2016","status":"publish","type":"post","link":"https:\/\/archives.regards.fr\/?p=9288","title":{"rendered":"Regards, hiver 2016"},"content":{"rendered":"<p class=\"post_excerpt\">Comment expliquer l&#8217;ascension du Front national, mesurer ses cons\u00e9quences, trouver les moyens de s&#8217;y opposer ? D\u00e9couvrez le dossier et les 130 pages de notre num\u00e9ro d&#8217;hiver ! <\/p>\n<p><a href=\"https:\/\/wp.muchomaas.com\/boutique\/points-de-vente,4669\"><strong>Liste des points de vente<\/strong><\/a><br \/>\n<a href=\"http:\/\/www.boutique-aboweb.com\/regards\/www\/product\/index\/id\/4\"><strong>Le commander en ligne<\/strong><\/a><\/p>\n<p>\u00a0<\/p>\n<p><\/p>\n<h1>SOMMAIRE<\/h1>\n<p>\u00a0<\/p>\n<p> <\/p>\n<h2>\u00c9DITO<\/h2>\n<p><strong>Pour un chantier de reconstruction politique<\/strong> <br \/>\nL\u2019accumulation des revers politiques, l\u2019\u00e9ternel ferment des divisions, les impasses strat\u00e9giques actuelles ne doivent pas d\u00e9courager la volont\u00e9 de refonder une gauche ouverte et renouvel\u00e9e, capable d\u2019engager une reconqu\u00eate plus indispensable que jamais.<\/p>\n<h2>REPORTAGE<\/h2>\n<p><strong>La &#8220;liste commune&#8221; rebat les cartes de la politique isra\u00e9lienne<\/strong> <br \/>\nLa nouvelle formation r\u00e9unissant les partis arabes a obtenu d\u2019 inattendus r\u00e9sultats aux derni\u00e8res \u00e9lections l\u00e9gislatives. Pourtant elle peine \u00e0 peser face au gouvernement le plus droitier de l\u2019histoire d\u2019Isra\u00ebl. Mais repr\u00e9sente un espoir pour les Palestiniens d\u2019Isra\u00ebl, voire une perspective pour relancer le processus de paix.<br \/>\n<img decoding=\"async\" src=\"IMG\/jpg\/pres-37-01-israel.jpg\" alt=\"pres-37-01-israel.jpg\" align=\"center\" \/><\/p>\n<h2>GRAND ENTRETIEN<\/h2>\n<p><strong>\u00ab\u00a0Le choc des civilisations, une id\u00e9e fausse qui prend corps<\/strong> <br \/>\nLes attentats de novembre confirment que la France se trouve au point n\u00e9vralgique de rencontre entre les crises au Proche et Moyen-Orient et sa propre crise sociale. Dominique Vidal analyse les multiples facteurs qui ont conduit \u00e0 cette situation.<br \/>\n<img decoding=\"async\" src=\"IMG\/jpg\/pres-37-02-civilisations.jpg\" alt=\"pres-37-02-civilisations.jpg\" align=\"center\" \/><\/p>\n<h2>PORTRAIT DE POUVOIR<\/h2>\n<p><strong>Ada Colau, radicalement d\u00e9mocratique<\/strong> <br \/>\nvant de devenir la \u201cmaire indign\u00e9e\u201d de Barcelone en mai dernier, Ada Colau s\u2019est fait conna\u00eetre en Catalogne pour son engagement social. Fid\u00e8le \u00e0 ses principes et son parcours politiques, l\u2019activiste veut conduire sa ville, et m\u00eame son pays, \u00e0 renverser l\u2019ordre politique et rendre le pouvoir au peuple.<br \/>\n<img decoding=\"async\" src=\"IMG\/jpg\/pres-37-03-colau.jpg\" alt=\"pres-37-03-colau.jpg\" align=\"center\" \/><\/p>\n<h2>PORTFOLIO<\/h2>\n<p><strong>Perdue dans la for\u00eat<\/strong><br \/>\nLe photographe Anna Beeke s&#8217;est enfonc\u00e9e dans les for\u00eats am\u00e9ricaines pour en rapporter un conte photographique.<br \/>\n<img loading=\"lazy\" decoding=\"async\" class=\" aligncenter size-full wp-image-22782\" src=\"https:\/\/wp.muchomaas.com\/wp-content\/uploads\/2016\/01\/pres-37-04-portfolio-91f.jpg\" alt=\"pres-37-04-portfolio.jpg\" align=\"center\" width=\"480\" height=\"251\" srcset=\"https:\/\/archives.regards.fr\/wp-content\/uploads\/2016\/01\/pres-37-04-portfolio-91f.jpg 480w, https:\/\/archives.regards.fr\/wp-content\/uploads\/2016\/01\/pres-37-04-portfolio-91f-300x157.jpg 300w\" sizes=\"auto, (max-width: 480px) 100vw, 480px\" \/><\/p>\n<h2>DOSSIER<\/h2>\n<p><strong>FN, pourquoi eux ?<\/strong> <br \/>\nS\u2019honorant d\u00e9sormais du titre de &#8220;premier parti de France&#8221;, le FN et sa politique du pire sont les grands b\u00e9n\u00e9ficiaires du marasme national. Si le parti frontiste et ses repr\u00e9sentants ont parfaitement su profiter de la situation, les causes de son av\u00e8nement sont nombreuses et les responsabilit\u00e9s largement partag\u00e9es.<br \/>\n<img loading=\"lazy\" decoding=\"async\" class=\" aligncenter size-full wp-image-22783\" src=\"https:\/\/wp.muchomaas.com\/wp-content\/uploads\/2016\/01\/pres-37-05-dossier-944.jpg\" alt=\"pres-37-05-dossier.jpg\" align=\"center\" width=\"480\" height=\"252\" srcset=\"https:\/\/archives.regards.fr\/wp-content\/uploads\/2016\/01\/pres-37-05-dossier-944.jpg 480w, https:\/\/archives.regards.fr\/wp-content\/uploads\/2016\/01\/pres-37-05-dossier-944-300x158.jpg 300w\" sizes=\"auto, (max-width: 480px) 100vw, 480px\" \/><br \/>\n&#8211; Les fascistes port\u00e9s par le vent<br \/>\n&#8211; Le r\u00e9foul\u00e9 colonial<br \/>\n&#8211; Enzo Traverso : \u00ab La mutation &#8220;post-fasciste&#8221; risque de dynamiter le cadre politique\u00a0\u00bb<br \/>\n&#8211; L&#8217;\u00e9chec de toute la gauche<br \/>\n&#8211; \u00c0 Carmaux, le FN sans peine<br \/>\n&#8211; En \u00e9conomie, le virage de &#8220;l&#8217;\u00c9tat fort&#8221; ne tourne pas \u00e0 gauche<br \/>\n&#8211; Le nouveau parti du peuple<br \/>\n&#8211; Relooking extr\u00eame<br \/>\n&#8211; Une logique attrape-tout pour f\u00e9d\u00e9rer les militants<br \/>\n&#8211; Une passion fran\u00e7aise pour le FN<br \/>\n&#8211; M\u00e9dias : regarder le FN monter<br \/>\n&#8211; Face au FN, quel projet pour la gauche ?<\/p>\n<h2>REPORTAGE<\/h2>\n<p><strong>En Europe, le mouvement social cherche son plan B<\/strong> <br \/>\nD\u00e9stabilis\u00e9s par l\u2019intransigeance de l\u2019Europe dans la crise grecque, divis\u00e9s et parfois d\u00e9mobilis\u00e9s, les mouvements sociaux tentent de maintenir allum\u00e9 l\u2019espoir d\u2019une autre Europe. En octobre, ils convergeaient \u00e0 Bruxelles pour un &#8220;Altersommet&#8221;.<br \/>\n<img loading=\"lazy\" decoding=\"async\" class=\" aligncenter size-full wp-image-22784\" src=\"https:\/\/wp.muchomaas.com\/wp-content\/uploads\/2016\/01\/pres-37-07-mouvement-ba6.jpg\" alt=\"pres-37-07-mouvement.jpg\" align=\"center\" width=\"480\" height=\"251\" srcset=\"https:\/\/archives.regards.fr\/wp-content\/uploads\/2016\/01\/pres-37-07-mouvement-ba6.jpg 480w, https:\/\/archives.regards.fr\/wp-content\/uploads\/2016\/01\/pres-37-07-mouvement-ba6-300x157.jpg 300w\" sizes=\"auto, (max-width: 480px) 100vw, 480px\" \/><\/p>\n<h2>POLITIQUE<\/h2>\n<p><strong>La pr\u00e9sidentielle qui vient<\/strong> <br \/>\n\u2019\u00e9lection pr\u00e9sidentielle de 2017, premi\u00e8re du &#8220;tripartisme&#8221;, suscite d\u00e9j\u00e0<br \/>\ndes paradoxes politiques in\u00e9dits. Pour la droite et la gauche parlementaires, la quali cation au second tour vaudra \u00e0 coup s\u00fbr victoire face \u00e0 Marine Le Pen. Et la gauche de gauche devra saisir l\u2019occasion d\u2019un rassemblement.<br \/>\n<img loading=\"lazy\" decoding=\"async\" class=\" aligncenter size-full wp-image-22785\" src=\"https:\/\/wp.muchomaas.com\/wp-content\/uploads\/2016\/01\/pres-37-06-presidentielle-701.jpg\" alt=\"pres-37-06-presidentielle.jpg\" align=\"center\" width=\"480\" height=\"249\" srcset=\"https:\/\/archives.regards.fr\/wp-content\/uploads\/2016\/01\/pres-37-06-presidentielle-701.jpg 480w, https:\/\/archives.regards.fr\/wp-content\/uploads\/2016\/01\/pres-37-06-presidentielle-701-300x156.jpg 300w\" sizes=\"auto, (max-width: 480px) 100vw, 480px\" \/><\/p>\n<h2>AU RESTO<\/h2>\n<p><strong>Le paquebot de Bercy devant l&#8217;iceberg de la fraude fiscale<\/strong> <br \/>\nLa fraude fiscale fait aujourd\u2019hui l\u2019objet d\u2019une r\u00e9probation publique plus visible et de nouveaux dispositifs pour la contrecarrer. Mais les protections perdurent \u00e0 l\u2019avantage des plus riches. Monique Pin\u00e7on-Charlot et Alexis Spire en expliquent les m\u00e9canismes \u2013 en particulier au sein de l\u2019administration fiscale.<br \/>\n<img loading=\"lazy\" decoding=\"async\" class=\" aligncenter size-full wp-image-22786\" src=\"https:\/\/wp.muchomaas.com\/wp-content\/uploads\/2016\/01\/pres-37-08-resto-2-50e.jpg\" alt=\"pres-37-08-resto-2.jpg\" align=\"center\" width=\"480\" height=\"252\" srcset=\"https:\/\/archives.regards.fr\/wp-content\/uploads\/2016\/01\/pres-37-08-resto-2-50e.jpg 480w, https:\/\/archives.regards.fr\/wp-content\/uploads\/2016\/01\/pres-37-08-resto-2-50e-300x158.jpg 300w\" sizes=\"auto, (max-width: 480px) 100vw, 480px\" \/><\/p>\n<h2>DANS L&#8217;ATELIER<\/h2>\n<p><strong>Jo\u00ebl Pommerat : le th\u00e9\u00e2tre, la coop\u00e9rative et la r\u00e9volution<\/strong><br \/>\nEn mettant en sc\u00e8ne la R\u00e9volution de 1789, Jo\u00ebl Pommerat confronte sa conception &#8220;coop\u00e9rative&#8221; du th\u00e9\u00e2tre \u00e0 l\u2019effervescence des insurrections populaires. Et dans son travail comme dans sa pi\u00e8ce, les r\u00e9sonances politiques sont tr\u00e8s contemporaines.<img decoding=\"async\" src=\"IMG\/jpg\/pres-37-09-atelier.jpg\" alt=\"pres-37-09-atelier.jpg\" align=\"center\" \/><br \/>\n<\/p>\n<h2>LES RUBRIQUES<\/h2>\n<p><strong>Cet \u00e9t\u00e9<\/strong> L&#8217;Agenda politique, culturel et intellectuel.<br \/>\n<strong>Le mot<\/strong> D\u00e9rapage.<br \/>\n<strong>L\u2019objet<\/strong> La bougie.<\/p>\n<h2>ET LES CHRONIQUES DE\u2026<\/h2>\n<p><strong>Gustave Massiah<\/strong> Femmes y\u00e9zidies.<br \/>\n<strong>Bernard Hasquenoph<\/strong> Sauver Palmyre.<br \/>\n<strong>Arnaud Viviant<\/strong> On n&#8217;est pas dans la merde !<br \/>\n<strong>Rokhaya Diallo<\/strong> : La la\u00efcit\u00e9 n&#8217;est pas la normativit\u00e9.<\/p>\n<p><a href=\"https:\/\/wp.muchomaas.com\/boutique\/points-de-vente,4669\"><strong>Liste des points de vente<\/strong><\/a><br \/>\n<a href=\"http:\/\/www.boutique-aboweb.com\/regards\/www\/product\/index\/id\/4\"><strong>Le commander en ligne<\/strong><\/a><div id='gallery-1' class='gallery galleryid-9288 gallery-columns-3 gallery-size-thumbnail'><figure class='gallery-item'>\n\t\t\t<div class='gallery-icon landscape'>\n\t\t\t\t<a href='https:\/\/archives.regards.fr\/wp-content\/uploads\/2016\/01\/pres-37-08-resto-2-716.jpg'><img loading=\"lazy\" decoding=\"async\" width=\"150\" height=\"150\" src=\"https:\/\/archives.regards.fr\/wp-content\/uploads\/2016\/01\/pres-37-08-resto-2-716-150x150.jpg\" class=\"attachment-thumbnail size-thumbnail\" alt=\"pres-37-08-resto-2.jpg\" \/><\/a>\n\t\t\t<\/div><\/figure><figure class='gallery-item'>\n\t\t\t<div class='gallery-icon landscape'>\n\t\t\t\t<a href='https:\/\/archives.regards.fr\/wp-content\/uploads\/2016\/01\/pres-37-07-mouvement-11f.jpg'><img loading=\"lazy\" decoding=\"async\" width=\"150\" height=\"150\" src=\"https:\/\/archives.regards.fr\/wp-content\/uploads\/2016\/01\/pres-37-07-mouvement-11f-150x150.jpg\" class=\"attachment-thumbnail size-thumbnail\" alt=\"pres-37-07-mouvement.jpg\" \/><\/a>\n\t\t\t<\/div><\/figure><figure class='gallery-item'>\n\t\t\t<div class='gallery-icon landscape'>\n\t\t\t\t<a href='https:\/\/archives.regards.fr\/wp-content\/uploads\/2016\/01\/pres-37-06-presidentielle-a98.jpg'><img loading=\"lazy\" decoding=\"async\" width=\"150\" height=\"150\" src=\"https:\/\/archives.regards.fr\/wp-content\/uploads\/2016\/01\/pres-37-06-presidentielle-a98-150x150.jpg\" class=\"attachment-thumbnail size-thumbnail\" alt=\"pres-37-06-presidentielle.jpg\" \/><\/a>\n\t\t\t<\/div><\/figure><figure class='gallery-item'>\n\t\t\t<div class='gallery-icon landscape'>\n\t\t\t\t<a href='https:\/\/archives.regards.fr\/wp-content\/uploads\/2016\/01\/pres-37-05-dossier-b5c.jpg'><img loading=\"lazy\" decoding=\"async\" width=\"150\" height=\"150\" src=\"https:\/\/archives.regards.fr\/wp-content\/uploads\/2016\/01\/pres-37-05-dossier-b5c-150x150.jpg\" class=\"attachment-thumbnail size-thumbnail\" alt=\"pres-37-05-dossier.jpg\" \/><\/a>\n\t\t\t<\/div><\/figure><figure class='gallery-item'>\n\t\t\t<div class='gallery-icon landscape'>\n\t\t\t\t<a href='https:\/\/archives.regards.fr\/wp-content\/uploads\/2016\/01\/pres-37-04-portfolio-3a6.jpg'><img loading=\"lazy\" decoding=\"async\" width=\"150\" height=\"150\" src=\"https:\/\/archives.regards.fr\/wp-content\/uploads\/2016\/01\/pres-37-04-portfolio-3a6-150x150.jpg\" class=\"attachment-thumbnail size-thumbnail\" alt=\"pres-37-04-portfolio.jpg\" \/><\/a>\n\t\t\t<\/div><\/figure>\n\t\t<\/div>\n<\/p>\n","protected":false},"excerpt":{"rendered":"<p>Comment expliquer l&#8217;ascension du Front national, mesurer ses cons\u00e9quences, trouver les moyens de s&#8217;y opposer ? D\u00e9couvrez le dossier et les 130 pages de notre num\u00e9ro d&#8217;hiver ! <\/p>\n","protected":false},"author":643,"featured_media":22782,"comment_status":"open","ping_status":"open","sticky":false,"template":"","format":"standard","meta":{"_themeisle_gutenberg_block_has_review":false,"footnotes":""},"categories":[1],"tags":[359,469,371],"class_list":["post-9288","post","type-post","status-publish","format-standard","has-post-thumbnail","hentry","category-non-classe","tag-exclure-de-la-home","tag-la-revue-regards","tag-sommaire"],"_links":{"self":[{"href":"https:\/\/archives.regards.fr\/index.php?rest_route=\/wp\/v2\/posts\/9288","targetHints":{"allow":["GET"]}}],"collection":[{"href":"https:\/\/archives.regards.fr\/index.php?rest_route=\/wp\/v2\/posts"}],"about":[{"href":"https:\/\/archives.regards.fr\/index.php?rest_route=\/wp\/v2\/types\/post"}],"author":[{"embeddable":true,"href":"https:\/\/archives.regards.fr\/index.php?rest_route=\/wp\/v2\/users\/643"}],"replies":[{"embeddable":true,"href":"https:\/\/archives.regards.fr\/index.php?rest_route=%2Fwp%2Fv2%2Fcomments&post=9288"}],"version-history":[{"count":0,"href":"https:\/\/archives.regards.fr\/index.php?rest_route=\/wp\/v2\/posts\/9288\/revisions"}],"wp:featuredmedia":[{"embeddable":true,"href":"https:\/\/archives.regards.fr\/index.php?rest_route=\/wp\/v2\/media\/22782"}],"wp:attachment":[{"href":"https:\/\/archives.regards.fr\/index.php?rest_route=%2Fwp%2Fv2%2Fmedia&parent=9288"}],"wp:term":[{"taxonomy":"category","embeddable":true,"href":"https:\/\/archives.regards.fr\/index.php?rest_route=%2Fwp%2Fv2%2Fcategories&post=9288"},{"taxonomy":"post_tag","embeddable":true,"href":"https:\/\/archives.regards.fr\/index.php?rest_route=%2Fwp%2Fv2%2Ftags&post=9288"}],"curies":[{"name":"wp","href":"https:\/\/api.w.org\/{rel}","templated":true}]}}