{"id":9273,"date":"2015-12-17T00:05:26","date_gmt":"2015-12-16T23:05:26","guid":{"rendered":"https:\/\/wp.muchomaas.com\/article-ps-cambadelis-escamote-les\/"},"modified":"2023-06-23T23:21:06","modified_gmt":"2023-06-23T21:21:06","slug":"article-ps-cambadelis-escamote-les","status":"publish","type":"post","link":"https:\/\/archives.regards.fr\/?p=9273","title":{"rendered":"PS : Cambad\u00e9lis escamote les probl\u00e8mes"},"content":{"rendered":"<p class=\"post_excerpt\">Le gouvernement gardant son cap apr\u00e8s les \u00e9lections, Jean-Christophe Cambad\u00e9lis a \u00e9t\u00e9 d\u00e9p\u00each\u00e9 pour rallier les gauches au panache socialiste. Le magicien de la rue de Solf\u00e9rino a sorti de son chapeau une structure non identifi\u00e9e : &#8220;l\u2019Alliance populaire&#8221;.<\/p>\n<p>Il y a un an, le 7 d\u00e9cembre 2014, Jean-Christophe Cambad\u00e9lis concluait les \u00e9tats-g\u00e9n\u00e9raux du Parti socialiste en proph\u00e9tisant un parti socialiste \u00e0 500.000 adh\u00e9rents en 2017. Deux d\u00e9routes \u00e9lectorales plus tard \u2013 la d\u00e9faite des d\u00e9partementales en mars 2015 a \u00e9t\u00e9 oubli\u00e9e au regard de l\u2019ampleur de celle des r\u00e9gionales \u2013 le PS a d\u00fb s\u2019omettre lui-m\u00eame dans deux r\u00e9gions pour cause de barrage au Front national. Ces d\u00e9cisions de retrait unilat\u00e9ral, impos\u00e9es d\u2019en haut, ont laiss\u00e9 les militants d\u00e9boussol\u00e9s et en col\u00e8re. <\/p>\n<p>Le magicien Cambad\u00e9lis a donc d\u00fb trouver, dans l\u2019urgence, un nouveau truc. Ce sera &#8220;l\u2019Alliance populaire&#8221;. Un artifice organisationnel pour <em>\u00ab d\u00e9passer le PS \u00bb<\/em>. Surtout, c\u2019est le seul moyen de faire croire au changement quand, sur le fond politique, rien ne changera rue de Solf\u00e9rino et encore moins \u00e0 Matignon.<\/p>\n<h2>Le social-lib\u00e9ralisme dans le collimateur<\/h2>\n<p>Apr\u00e8s <a href=\"https:\/\/wp.muchomaas.com\/qui-veut-la-peau-de-roger-martelli\/article\/regionales-le-tsunami\">l\u2019onde de choc<\/a> du premier tour des \u00e9lections r\u00e9gionales, la direction socialiste a d\u00fb se pr\u00e9cipiter pour apporter une r\u00e9ponse au d\u00e9sarroi des militants \u2013 r\u00e9sum\u00e9 par Martine Aubry : <em>\u00ab Sarkozy a tu\u00e9 la R\u00e9publique et nous, on a tu\u00e9 la politique \u00bb<\/em>. Mercredi 9 d\u00e9cembre, les militants du PS de Brian\u00e7on ont d\u00e9chir\u00e9 collectivement leur carte apr\u00e8s l&#8217;ordre donn\u00e9 au PS de se retirer pour laisser le champ libre \u00e0 Estrosi face \u00e0 Marion Mar\u00e9chal-Le Pen. Dans le Grand Est, la d\u00e9cision de Jean-Pierre Masseret de se maintenir face \u00e0 Florian Philippot (FN) et Philippe Richert (LR) a permis de limiter les d\u00e9g\u00e2ts militants. <\/p>\n<p>Dimanche 13 d\u00e9cembre au soir, Jean-Christophe Cambad\u00e9lis a donc souhait\u00e9 une <em>\u00ab inflexion \u00bb<\/em> de la politique gouvernementale, comme les &#8220;frondeurs&#8221; la r\u00e9clament depuis plus d\u2019un an. Profitant de l\u2019ouverture, ils ont remis le pied dans la porte pour r\u00e9clamer, comme le r\u00e9sume Emmanuel Maurel, responsable du courant Maintenant la gauche, <em>\u00ab des gestes politiques simples, clairs, lisibles \u00bb<\/em>, comme une vraie revalorisation du SMIC. <em>\u00ab \u00c0 l&#8217;issue d&#8217;une campagne tr\u00e8s marqu\u00e9e par les valeurs, il s&#8217;agit de se rappeler que nous sommes l\u00e0 pour d\u00e9fendre les int\u00e9r\u00eats des classes populaires et des classes moyennes \u00bb<\/em>, a-t-il aussi rappel\u00e9. <\/p>\n<p>Plus globalement, c\u2019est un autre \u00e9quilibre que les d\u00e9put\u00e9s aubristes et proches de la gauche du PS souhaitent. Que r\u00e9sume Anne Hidalgo : <em>\u00ab Certains ont pens\u00e9 que le social-lib\u00e9ralisme, \u00e7a rempla\u00e7ait la social-d\u00e9mocratie. Il n\u2019en est rien. Il y a des points de rencontre entre la gauche et la droite, mais le point d\u2019\u00e9quilibre, c\u2019est quand m\u00eame une politique sociale un peu plus ambitieuse \u00bb.<\/em> La sortie de la maire de Paris est \u00e0 prendre avec s\u00e9rieux tant elle est, en temps normal, peu diserte sur les d\u00e9bats internes \u00e0 la majorit\u00e9 et, encore plus, au Parti socialiste.<\/p>\n<h2>On ne change pas une \u00e9quipe qui limite la casse<\/h2>\n<p>Le bureau national du PS, r\u00e9uni lundi 16 au soir, semble avoir d\u00e9gag\u00e9 un consensus quant \u00e0 l\u2019analyse de la situation. Nul ne songe \u00e0 minorer la r\u00e9alit\u00e9 du boulet envoy\u00e9 le 6 d\u00e9cembre. J\u00e9r\u00f4me Guedj, une des figures de Maintenant la gauche, constate sobrement : <em>\u00ab Dans les conditions actuelles, la gauche sera une nouvelle exclue du second tour de la pr\u00e9sidentielle \u00bb<\/em>. De son c\u00f4t\u00e9, Fan\u00e9lie Carrey-Conte, d\u00e9put\u00e9e de Paris et cheville ouvri\u00e8re des frondeurs, insiste sur l\u2019urgence qu\u2019il y a \u00e0 envoyer <em>\u00ab des signes politiques \u00bb<\/em> sur des dossiers cl\u00e9s tels que la d\u00e9ch\u00e9ance de la nationalit\u00e9 pour les binationaux suspect\u00e9s de terrorisme, la r\u00e9vision du Code du travail, <a href=\"https:\/\/wp.muchomaas.com\/web\/article\/vous-avez-aime-la-loi-macron-vous\">la loi Macron 2<\/a>. <em>\u00ab Ne prenons pas les choses \u00e0 l\u2019envers,<\/em> avertit la jeune parlementaire. <em>Si l\u2019on veut reconstruire la confiance \u00e0 gauche, il faut s\u2019en donner les moyens \u00bb.<\/em><\/p>\n<p><a href=\"https:\/\/www.donspep.caissedesdepots.fr\/?journal=REGA\"><img decoding=\"async\" src=\"IMG\/jpg\/banniere-don-regards-4.jpg\" alt=\"banniere-don-regards-4.jpg\" align=\"center\" \/><\/a><\/p>\n<p>La r\u00e9ponse de l\u2019ex\u00e9cutif n\u2019a pas tard\u00e9. Le SMIC a \u00e9t\u00e9 revaloris\u00e9\u2026 de 0,6 %. Clairement, il ne faut attendre aucun changement de politique, puisque cela reviendrait \u00e0 se d\u00e9juger. Du c\u00f4t\u00e9 de l\u2019\u00c9lys\u00e9e, on ne change pas une \u00e9quipe qui limite la casse. Claude Bartolone est confirm\u00e9 \u00e0 la pr\u00e9sidence de l\u2019Assembl\u00e9e et le remaniement gouvernemental sera limit\u00e9. <\/p>\n<p>Le changement, maintenant, a \u00e9t\u00e9 replac\u00e9 dans les mains de Cambad\u00e9lis qui acc\u00e9l\u00e8re sur la constitution de cette &#8220;Alliance populaire&#8221; aux contours flous et au contenu encore moins lisible. Le patron de la rue de Solf\u00e9rino invoque un <em>\u00ab nouvel \u00c9pinay \u00bb<\/em>, un an apr\u00e8s avoir <a href=\" https:\/\/wp.muchomaas.com\/web\/euthanasier-le-parti-socialiste,8079\">d\u00e9cr\u00e9t\u00e9 un <em>\u00ab Bad Godesberg \u00e0 la fran\u00e7aise \u00bb<\/em><\/a>, comme il en appelle aux m\u00e2nes du conseil national de la r\u00e9sistance puisque la nouvelle alliance d\u00e9passerait le cadre d\u2019une gauche plurielle pour s\u2019ouvrir <em>\u00ab aux r\u00e9publicains \u00bb<\/em>. <\/p>\n<h2>Injonction au ralliement<\/h2>\n<p>Le tacticien Cambad\u00e9lis reprend sur sa droite, o\u00f9 Moscovici \u00e9voque une <em>\u00ab alliance gauche droite \u00bb<\/em> dont le SPD allemand peut mesurer l\u2019efficacit\u00e9, et sur sa gauche, o\u00f9 Dray proph\u00e9tise : <em>\u00ab Si on ne fait pas une nouvelle formation, si de nouvelles g\u00e9n\u00e9rations ne s&#8217;impliquent pas dans la construction d&#8217;une nouvelle maison, alors l&#8217;entre soi continuera et on ne s&#8217;en sortira pas \u00bb<\/em>. Un num\u00e9ro d\u2019\u00e9quilibriste dont il a le secret, mais qui n\u2019a aucune l\u00e9gitimit\u00e9. Et pour cause : sa proposition n\u2019a m\u00eame pas \u00e9t\u00e9 \u00e9voqu\u00e9e en bureau national du lundi 14 d\u00e9cembre. Cela augure mal du caract\u00e8re d\u00e9mocratique de la m\u00e9thode et donc du projet. <\/p>\n<p>Pour l\u2019heure, sans remise en d\u00e9bat de la politique du gouvernement, la nouvelle alliance populaire a tous les airs d\u2019une injonction \u00e0 un ralliement sans condition. C\u2019est ce que rel\u00e8ve d\u2019ailleurs Guillaume Balas, eurod\u00e9put\u00e9 et principale figure d\u2019Un monde d\u2019avance, l\u2019autre composante de la gauche du PS. <em>\u00ab Si l\u2019on veut que cette alliance soit cr\u00e9dible, elle doit r\u00e9sulter d\u2019un d\u00e9bat ouvert sur toutes les questions, d\u00e9bat conclu par une vraie primaire ouverte. Sinon, on reste dans l\u2019artefact aux couleurs de la Ve R\u00e9publique \u00bb<\/em>. <\/p>\n<p>Pour les gauches du PS, si l\u2019union &#8220;rouge, rose, verte&#8221; est bien la condition sine qua non pour esp\u00e9rer que la gauche puisse \u00eatre pr\u00e9sente dans les \u00e9ch\u00e9ances \u00e0 venir, elle ne peut reposer que sur un programme politique partag\u00e9, identifiable \u00e0 gauche. Et, visiblement, c\u2019est cette partie du probl\u00e8me que le magicien Cambad\u00e9lis a d\u00e9cid\u00e9 d\u2019escamoter. Il n\u2019y a pas de probl\u00e8me, il n\u2019y a que des solutions : s\u2019il n\u2019y a pas de solution, il n\u2019y a pas de probl\u00e8mes.<br \/>\n<div id='gallery-1' class='gallery galleryid-9273 gallery-columns-3 gallery-size-thumbnail'><figure class='gallery-item'>\n\t\t\t<div class='gallery-icon landscape'>\n\t\t\t\t<a href='https:\/\/archives.regards.fr\/wp-content\/uploads\/2015\/12\/cambadelis-alliance-134.jpg'><img loading=\"lazy\" decoding=\"async\" width=\"150\" height=\"150\" src=\"https:\/\/archives.regards.fr\/wp-content\/uploads\/2015\/12\/cambadelis-alliance-134-150x150.jpg\" class=\"attachment-thumbnail size-thumbnail\" alt=\"cambadelis-alliance.jpg\" \/><\/a>\n\t\t\t<\/div><\/figure>\n\t\t<\/div>\n<\/p>\n","protected":false},"excerpt":{"rendered":"<p>Le gouvernement gardant son cap apr\u00e8s les \u00e9lections, Jean-Christophe Cambad\u00e9lis a \u00e9t\u00e9 d\u00e9p\u00each\u00e9 pour rallier les gauches au panache socialiste. Le magicien de la rue de Solf\u00e9rino a sorti de son chapeau une structure non identifi\u00e9e : &#8220;l\u2019Alliance populaire&#8221;.<\/p>\n","protected":false},"author":1149,"featured_media":22763,"comment_status":"open","ping_status":"open","sticky":false,"template":"","format":"standard","meta":{"_themeisle_gutenberg_block_has_review":false,"footnotes":""},"categories":[157],"tags":[390],"class_list":["post-9273","post","type-post","status-publish","format-standard","has-post-thumbnail","hentry","category-web","tag-parti-socialiste"],"_links":{"self":[{"href":"https:\/\/archives.regards.fr\/index.php?rest_route=\/wp\/v2\/posts\/9273","targetHints":{"allow":["GET"]}}],"collection":[{"href":"https:\/\/archives.regards.fr\/index.php?rest_route=\/wp\/v2\/posts"}],"about":[{"href":"https:\/\/archives.regards.fr\/index.php?rest_route=\/wp\/v2\/types\/post"}],"author":[{"embeddable":true,"href":"https:\/\/archives.regards.fr\/index.php?rest_route=\/wp\/v2\/users\/1149"}],"replies":[{"embeddable":true,"href":"https:\/\/archives.regards.fr\/index.php?rest_route=%2Fwp%2Fv2%2Fcomments&post=9273"}],"version-history":[{"count":0,"href":"https:\/\/archives.regards.fr\/index.php?rest_route=\/wp\/v2\/posts\/9273\/revisions"}],"wp:featuredmedia":[{"embeddable":true,"href":"https:\/\/archives.regards.fr\/index.php?rest_route=\/wp\/v2\/media\/22763"}],"wp:attachment":[{"href":"https:\/\/archives.regards.fr\/index.php?rest_route=%2Fwp%2Fv2%2Fmedia&parent=9273"}],"wp:term":[{"taxonomy":"category","embeddable":true,"href":"https:\/\/archives.regards.fr\/index.php?rest_route=%2Fwp%2Fv2%2Fcategories&post=9273"},{"taxonomy":"post_tag","embeddable":true,"href":"https:\/\/archives.regards.fr\/index.php?rest_route=%2Fwp%2Fv2%2Ftags&post=9273"}],"curies":[{"name":"wp","href":"https:\/\/api.w.org\/{rel}","templated":true}]}}