{"id":9229,"date":"2015-12-02T14:06:40","date_gmt":"2015-12-02T13:06:40","guid":{"rendered":"https:\/\/wp.muchomaas.com\/article-numero-de-novembre-decembre-2015\/"},"modified":"2023-06-23T23:20:59","modified_gmt":"2023-06-23T21:20:59","slug":"article-numero-de-novembre-decembre-2015","status":"publish","type":"post","link":"https:\/\/archives.regards.fr\/?p=9229","title":{"rendered":"Num\u00e9ro de novembre-d\u00e9cembre 2015 du e-mensuel"},"content":{"rendered":"Novembre-D\u00e9cembre\n\nLa terreur, la guerre, les libert\u00e9s\np.04 Face au djihadisme, que serait une r\u00e9ponse de gauche ?\np.10 La justice, pas \u00ab l\u2019\u00e9tat de guerre \u00bb\np.16 Ces \u00abintellectuels\u00bb qui repartent en croisade\np.20 Attentats, guerre, libert\u00e9s : comment r\u00e9sister \u00e0 l\u2019\u00e9tat d\u2019urgence ?\n\nLe d\u00e9fi climatique\np.24 Des \u00e9nergies galvanis\u00e9es contre le changement climatique\np.30 Le mouvement climatique est-il l\u2019avenir de l\u2019anticapitalisme ?\np.36 Juliette Rousseau : \u00ab Le mouvement climatique ne va pas s\u2019\u00e9teindre \u00e0 Paris \u00e0 cause de l\u2019\u00e9tat d\u2019urgence \u00bb\n\nLa gauche entre fractures et espoirs de reconstruction\np.40 Le Front de gauche en donn\u00e9es corrig\u00e9es des variations r\u00e9gionales\np.44 Un \u00abMouvement commun\u00bb pour faire avancer la gauche\np.48 Derri\u00e8re la vitrine du \u00abdialogue social\u00bb, un monde du travail en \u00e9bullition\n\n<iframe loading=\"lazy\" width=\"460\" height=\"327\" src=\"\/\/e.issuu.com\/embed.html#6130135\/31719816\" frameborder=\"0\" allowfullscreen><\/iframe>\n\n<strong>Autres modes de lecture possible<\/strong> : cliquez ci-dessous pour acc\u00e9der \u00e0 la version imprimable (avec images) ou (sans images).\n<h2 class=\"wp-block-heading\">Documents joints<\/h2>\n\n\n\n<div class=\"wp-block-file\"><a href=\"https:\/\/wp.muchomaas.com\/wp-content\/uploads\/2015\/12\/61-62_light-894.pdf\">version imprimable (avec images)<\/a><\/div>\n\n\n\n<div class=\"wp-block-file\"><a href=\"https:\/\/wp.muchomaas.com\/wp-content\/uploads\/2015\/12\/61-62_light_sansimages-e1a.pdf\">version imprimable (sans images)<\/a><\/div>\n\n\n","protected":false},"excerpt":{"rendered":"<p>Novembre-D\u00e9cembre La terreur, la guerre, les libert\u00e9s p.04 Face au djihadisme, que serait une r\u00e9ponse de gauche ? p.10 La justice, pas \u00ab l\u2019\u00e9tat de guerre \u00bb p.16 Ces \u00abintellectuels\u00bb qui repartent en croisade p.20 Attentats, guerre, libert\u00e9s : comment r\u00e9sister \u00e0 l\u2019\u00e9tat d\u2019urgence ? Le d\u00e9fi climatique p.24 Des \u00e9nergies galvanis\u00e9es contre le changement [&hellip;]<\/p>\n","protected":false},"author":643,"featured_media":0,"comment_status":"open","ping_status":"open","sticky":false,"template":"","format":"standard","meta":{"_themeisle_gutenberg_block_has_review":false,"footnotes":""},"categories":[1],"tags":[359],"class_list":["post-9229","post","type-post","status-publish","format-standard","hentry","category-non-classe","tag-exclure-de-la-home"],"_links":{"self":[{"href":"https:\/\/archives.regards.fr\/index.php?rest_route=\/wp\/v2\/posts\/9229","targetHints":{"allow":["GET"]}}],"collection":[{"href":"https:\/\/archives.regards.fr\/index.php?rest_route=\/wp\/v2\/posts"}],"about":[{"href":"https:\/\/archives.regards.fr\/index.php?rest_route=\/wp\/v2\/types\/post"}],"author":[{"embeddable":true,"href":"https:\/\/archives.regards.fr\/index.php?rest_route=\/wp\/v2\/users\/643"}],"replies":[{"embeddable":true,"href":"https:\/\/archives.regards.fr\/index.php?rest_route=%2Fwp%2Fv2%2Fcomments&post=9229"}],"version-history":[{"count":0,"href":"https:\/\/archives.regards.fr\/index.php?rest_route=\/wp\/v2\/posts\/9229\/revisions"}],"wp:attachment":[{"href":"https:\/\/archives.regards.fr\/index.php?rest_route=%2Fwp%2Fv2%2Fmedia&parent=9229"}],"wp:term":[{"taxonomy":"category","embeddable":true,"href":"https:\/\/archives.regards.fr\/index.php?rest_route=%2Fwp%2Fv2%2Fcategories&post=9229"},{"taxonomy":"post_tag","embeddable":true,"href":"https:\/\/archives.regards.fr\/index.php?rest_route=%2Fwp%2Fv2%2Ftags&post=9229"}],"curies":[{"name":"wp","href":"https:\/\/api.w.org\/{rel}","templated":true}]}}