{"id":92,"date":"2015-03-17T16:34:50","date_gmt":"2015-03-17T15:34:50","guid":{"rendered":"https:\/\/wp.muchomaas.com\/breve-jose-bove\/"},"modified":"2015-03-17T16:34:50","modified_gmt":"2015-03-17T15:34:50","slug":"breve-jose-bove","status":"publish","type":"post","link":"https:\/\/archives.regards.fr\/?p=92","title":{"rendered":"Jos\u00e9 Bov\u00e9"},"content":{"rendered":"<p>(\u00e0 propos de C\u00e9cile Duflot et Jean-Vincent Plac\u00e9) <em>\u00ab\u00a0Cette querelle de famille entre papa et maman est juste nulle.\u00a0\u00bb<\/em> (RMC, 17\/03\/2015)<\/p>\n","protected":false},"excerpt":{"rendered":"<p>(\u00e0 propos de C\u00e9cile Duflot et Jean-Vincent Plac\u00e9) \u00ab\u00a0Cette querelle de famille entre papa et maman est juste nulle.\u00a0\u00bb (RMC, 17\/03\/2015)<\/p>\n","protected":false},"author":1,"featured_media":0,"comment_status":"open","ping_status":"open","sticky":false,"template":"","format":"standard","meta":{"_themeisle_gutenberg_block_has_review":false,"footnotes":""},"categories":[284],"tags":[],"class_list":["post-92","post","type-post","status-publish","format-standard","hentry","category-declarama-breves"],"_links":{"self":[{"href":"https:\/\/archives.regards.fr\/index.php?rest_route=\/wp\/v2\/posts\/92","targetHints":{"allow":["GET"]}}],"collection":[{"href":"https:\/\/archives.regards.fr\/index.php?rest_route=\/wp\/v2\/posts"}],"about":[{"href":"https:\/\/archives.regards.fr\/index.php?rest_route=\/wp\/v2\/types\/post"}],"author":[{"embeddable":true,"href":"https:\/\/archives.regards.fr\/index.php?rest_route=\/wp\/v2\/users\/1"}],"replies":[{"embeddable":true,"href":"https:\/\/archives.regards.fr\/index.php?rest_route=%2Fwp%2Fv2%2Fcomments&post=92"}],"version-history":[{"count":0,"href":"https:\/\/archives.regards.fr\/index.php?rest_route=\/wp\/v2\/posts\/92\/revisions"}],"wp:attachment":[{"href":"https:\/\/archives.regards.fr\/index.php?rest_route=%2Fwp%2Fv2%2Fmedia&parent=92"}],"wp:term":[{"taxonomy":"category","embeddable":true,"href":"https:\/\/archives.regards.fr\/index.php?rest_route=%2Fwp%2Fv2%2Fcategories&post=92"},{"taxonomy":"post_tag","embeddable":true,"href":"https:\/\/archives.regards.fr\/index.php?rest_route=%2Fwp%2Fv2%2Ftags&post=92"}],"curies":[{"name":"wp","href":"https:\/\/api.w.org\/{rel}","templated":true}]}}