{"id":9157,"date":"2015-11-12T12:44:04","date_gmt":"2015-11-12T11:44:04","guid":{"rendered":"https:\/\/wp.muchomaas.com\/article-la-presidente-marine-le-pen-a-l\/"},"modified":"2023-06-23T23:20:51","modified_gmt":"2023-06-23T21:20:51","slug":"article-la-presidente-marine-le-pen-a-l","status":"publish","type":"post","link":"https:\/\/archives.regards.fr\/?p=9157","title":{"rendered":"&#8220;La Pr\u00e9sidente&#8221; : Marine Le Pen \u00e0 l&#8217;\u00c9lys\u00e9e, le sc\u00e9nario noir"},"content":{"rendered":"<p class=\"post_excerpt\">Une bande dessin\u00e9e imagine les premiers mois de la pr\u00e9sidence de Marine Le Pen en 2017. Si cet exercice de politique-fiction provoque les consciences, il soul\u00e8ve aussi des interrogations sur sa lecture de &#8220;l&#8217;\u00e9v\u00e9nement&#8221;.<\/p>\n<p>Imaginer Marine Le Pen pr\u00e9sidente de la r\u00e9publique, aujourd&#8217;hui, ce n&#8217;est plus jouer \u00e0 se faire peur. Cette \u00e9ventualit\u00e9 devient de moins en moins improbable au fil des mois [[En d\u00e9but d&#8217;ann\u00e9e, Virginie Despentes <a href=\" https:\/\/wp.muchomaas.com\/web\/article\/virginie-despentes-moi-je-ne-suis\">estimait sur ces pages<\/a> que <em>\u00ab dans les milieux d\u2019\u00e9lite, tout le monde ou presque semble se pr\u00e9parer \u00e0 l\u2019arriv\u00e9e de Marine Le Pen au pouvoir \u00bb<\/em>.]], dans un contexte de droitisation g\u00e9n\u00e9rale, d&#8217;hyst\u00e9rie identitaire, de discr\u00e9dit des politiques et d&#8217;impuissance du pouvoir. La banalisation du Front national, c&#8217;est aussi celle de son \u00e9ventuelle prise du pouvoir.<\/p>\n<p>Malgr\u00e9 tout, cette possibilit\u00e9 reste abstraite, parce qu&#8217;on refuse de s&#8217;y confronter ou parce que l&#8217;on trouve encore des raisons rationnelles de l&#8217;\u00e9carter. Peut-\u00eatre pour l&#8217;exorciser, plus s\u00fbrement pour en prendre la mesure, Fran\u00e7ois Durpaire et Farid Boudjellal ont choisi d&#8217;en faire une bande dessin\u00e9e. <em>La Pr\u00e9sidente<\/em> prend ainsi l&#8217;\u00e9lection de Marine Le Pen frontalement, \u00e0 l&#8217;instar de sa couverture, qui reproduit la photographie officielle imagin\u00e9e par les auteurs. Difficile d&#8217;imaginer image plus d\u00e9rangeante, plus directe, que ce portrait de la pr\u00e9sidente du FN qui devrait \u00eatre accroch\u00e9 dans tous les b\u00e2timents de la R\u00e9publique.<\/p>\n<h2>Le pire des cas<\/h2>\n<p>Provoquer le lecteur, le confronter au pire : le dessein de l&#8217;ouvrage consiste en effet \u00e0 projeter, dans un futur dangereusement proche, ce <em>worst case scenario<\/em>. D\u00e8s son entame, le 7 mai 2017 au second tour de l&#8217;\u00e9lection (un face-\u00e0-face entre Fran\u00e7ois Hollande et Marine Le Pen), la pr\u00e9cipitation des \u00e9v\u00e9nements suscite quelque vertige, tant elle semble finalement plausible, voire logique : dispersion des voix de la droite au premier tour entre les candidatures de Fran\u00e7ois Fillon, Nicolas Sarkozy et Fran\u00e7ois Bayrou, \u00e9chec de l&#8217;appel \u00e0 un &#8220;front r\u00e9publicain&#8221;, abstention record de 37,5% \u2026 <\/p>\n<p>Le cauchemar prend consistance avec l&#8217;encha\u00eenement des c\u00e9r\u00e9monies de passation du pouvoir, les ralliements de la &#8220;droite dure&#8221; (G\u00e9rard Longuet premier ministre, Nadine Morano ministre de la Famille et la Natalit\u00e9), la passation des alliances, l&#8217;obtention d&#8217;une majorit\u00e9 aux l\u00e9gislatives, le triomphe des intellectuels r\u00e9actionnaires \u2026 Le r\u00e9cit s&#8217;appuie ensuite sur le programme du FN pour d\u00e9crire la reprise en main des m\u00e9dias, les mesures r\u00e9pressives contre les migrants, la cr\u00e9ation d&#8217;une garde nationale de r\u00e9servistes, l&#8217;intensification des mesures de surveillance, l&#8217;arrestation des rappeurs jug\u00e9s extr\u00e9mistes, l&#8217;application de la &#8220;priorit\u00e9 nationale&#8221;, le fichage ethnique, la suppression du droit du sol et, bien s\u00fbr, la sortie de l&#8217;euro.<\/p>\n<h2>La gauche disparue ?<\/h2>\n<p>Cependant, l&#8217;exercice pr\u00eate n\u00e9cessairement le flan d\u00e8s lors qu&#8217;il doit choisir entre des dizaines de sc\u00e9narios possibles, ce choix induisant des lectures politiques particuli\u00e8res. Avec son parti pris de politique fiction, <em>La Pr\u00e9sidente<\/em> n&#8217;expose quasiment pas les raisons de l&#8217;arriv\u00e9e au pouvoir du FN, sinon sous forme de rappels chronologiques de l&#8217;ascension du parti depuis le d\u00e9but des ann\u00e9es 70. Ce qui revient \u00e0 occulter la responsabilit\u00e9 des politiques men\u00e9es par la droite et la gauche de gouvernement depuis des d\u00e9cennies, \u00e0 effacer la participation de la contre-r\u00e9volution lib\u00e9rale \u00e0 ce d\u00e9sastre.<\/p>\n<p>Ainsi, la gauche radicale est-elle quasiment absente du tableau, lamin\u00e9e lors des \u00e9lections l\u00e9gislatives (2%) avec un Jean-Luc M\u00e9lenchon qui annonce sa retraite politique. Par la suite, les acteurs du mouvement social ne jouent que des r\u00f4les de figuration, en dehors d&#8217;une gr\u00e8ve \u00e0 Radio France et France T\u00e9l\u00e9visions. On peut aussi s&#8217;\u00e9tonner que les seules r\u00e9actions de masse soient des manifestations contre les discriminations et les atteintes aux droits de l&#8217;homme, et qu&#8217;il ne se passe rien dans les banlieues, les entreprises et les services publics. La BD choisit en revanche de raconter l&#8217;embrasement de la Nouvelle-Cal\u00e9donie \u2013 hypoth\u00e8se int\u00e9ressante au demeurant, mais qui d\u00e9crit des \u00e9v\u00e9nements pour le moins p\u00e9riph\u00e9riques.<\/p>\n<h2>Une alternative morbide<\/h2>\n<p>De fait, l&#8217;essentiel de la &#8220;p\u00e9dagogie dissuasive&#8221; de l&#8217;ouvrage r\u00e9side dans la crise \u00e9conomique provoqu\u00e9e par le programme du Front national, centr\u00e9 sur la sortie de l&#8217;euro. Et l\u00e0 est toute l&#8217;ambivalence, non pas seulement de la BD, mais de la question elle-m\u00eame de la monnaie europ\u00e9enne et de l&#8217;Union europ\u00e9enne en g\u00e9n\u00e9ral. Ce sont pr\u00e9cis\u00e9ment les gardiens patent\u00e9s de ces derni\u00e8res, \u00e9conomistes et experts m\u00e9diatiques, qui sont appel\u00e9s pour discr\u00e9diter le programme frontiste en mettant en exergue ses effets d\u00e9l\u00e9t\u00e8res sur l&#8217;emploi, le commerce ext\u00e9rieur et nos multinationales\u2026 Le FN ou le statu quo, telle est bien l&#8217;alternative morbide qu&#8217;annonce la pr\u00e9sidentielle 2017. Sachant par ailleurs que l&#8217;on peut <a href=\"http:\/\/www.bastamag.net\/Education-services-publics-action-sociale-lutte-contre-la-pauvrete-le-veritable\">douter de l&#8217;incompatibilit\u00e9 de ce programme avec le lib\u00e9ralisme<\/a>, comme de l&#8217;\u00e9loignement du lep\u00e9nisme avec les milieux d&#8217;affaires. <\/p>\n<p>C&#8217;est finalement en s&#8217;ancrant dans la fiction que <em>La Pr\u00e9sidente<\/em> convainc le mieux. Avec ces personnages qui, depuis Belleville \u00e0 Paris, vivent les d\u00e9buts du pouvoir frontiste dont ils sont victimes, tout en t\u00e2chant de lui r\u00e9sister. Et surtout avec son \u00e9pilogue qui, aussi rocambolesque soit-il, se r\u00e9f\u00e8re \u00e0 bien des pr\u00e9c\u00e9dents historiques : une tentative de coup d&#8217;\u00c9tat de la part de factions qui jugent la nouvelle pr\u00e9sidente trop mod\u00e9r\u00e9e\u2026<div id='gallery-1' class='gallery galleryid-9157 gallery-columns-3 gallery-size-thumbnail'><figure class='gallery-item'>\n\t\t\t<div class='gallery-icon portrait'>\n\t\t\t\t<a href='https:\/\/archives.regards.fr\/wp-content\/uploads\/2015\/11\/presidente-livre-162.jpg'><img loading=\"lazy\" decoding=\"async\" width=\"150\" height=\"150\" src=\"https:\/\/archives.regards.fr\/wp-content\/uploads\/2015\/11\/presidente-livre-162-150x150.jpg\" class=\"attachment-thumbnail size-thumbnail\" alt=\"presidente-livre.jpg\" \/><\/a>\n\t\t\t<\/div><\/figure>\n\t\t<\/div>\n<\/p>\n","protected":false},"excerpt":{"rendered":"<p>Une bande dessin\u00e9e imagine les premiers mois de la pr\u00e9sidence de Marine Le Pen en 2017. Si cet exercice de politique-fiction provoque les consciences, il soul\u00e8ve aussi des interrogations sur sa lecture de &#8220;l&#8217;\u00e9v\u00e9nement&#8221;.<\/p>\n","protected":false},"author":1188,"featured_media":22599,"comment_status":"open","ping_status":"open","sticky":false,"template":"","format":"standard","meta":{"_themeisle_gutenberg_block_has_review":false,"footnotes":""},"categories":[157],"tags":[355],"class_list":["post-9157","post","type-post","status-publish","format-standard","has-post-thumbnail","hentry","category-web","tag-extreme-droite"],"_links":{"self":[{"href":"https:\/\/archives.regards.fr\/index.php?rest_route=\/wp\/v2\/posts\/9157","targetHints":{"allow":["GET"]}}],"collection":[{"href":"https:\/\/archives.regards.fr\/index.php?rest_route=\/wp\/v2\/posts"}],"about":[{"href":"https:\/\/archives.regards.fr\/index.php?rest_route=\/wp\/v2\/types\/post"}],"author":[{"embeddable":true,"href":"https:\/\/archives.regards.fr\/index.php?rest_route=\/wp\/v2\/users\/1188"}],"replies":[{"embeddable":true,"href":"https:\/\/archives.regards.fr\/index.php?rest_route=%2Fwp%2Fv2%2Fcomments&post=9157"}],"version-history":[{"count":0,"href":"https:\/\/archives.regards.fr\/index.php?rest_route=\/wp\/v2\/posts\/9157\/revisions"}],"wp:featuredmedia":[{"embeddable":true,"href":"https:\/\/archives.regards.fr\/index.php?rest_route=\/wp\/v2\/media\/22599"}],"wp:attachment":[{"href":"https:\/\/archives.regards.fr\/index.php?rest_route=%2Fwp%2Fv2%2Fmedia&parent=9157"}],"wp:term":[{"taxonomy":"category","embeddable":true,"href":"https:\/\/archives.regards.fr\/index.php?rest_route=%2Fwp%2Fv2%2Fcategories&post=9157"},{"taxonomy":"post_tag","embeddable":true,"href":"https:\/\/archives.regards.fr\/index.php?rest_route=%2Fwp%2Fv2%2Ftags&post=9157"}],"curies":[{"name":"wp","href":"https:\/\/api.w.org\/{rel}","templated":true}]}}