{"id":9155,"date":"2015-11-11T10:13:13","date_gmt":"2015-11-11T09:13:13","guid":{"rendered":"https:\/\/wp.muchomaas.com\/article-guediguian-la-dimension-de-l\/"},"modified":"2023-06-23T23:20:50","modified_gmt":"2023-06-23T21:20:50","slug":"article-guediguian-la-dimension-de-l","status":"publish","type":"post","link":"https:\/\/archives.regards.fr\/?p=9155","title":{"rendered":"Gu\u00e9diguian, la dimension de l&#8217;histoire"},"content":{"rendered":"<p class=\"post_excerpt\">Avec <em>Une Histoire de fou<\/em>, Robert Gu\u00e9diguian signe un bijou historique, sensible et politique. Nous l&#8217;aimions pour ses com\u00e9dies sociales et romantiques camp\u00e9es dans les quartiers populaires de Marseille : le voici \u00e0 la fois ici et ailleurs. <\/p>\n<p>Avec cette fresque de 2h30 dans laquelle l\u2019histoire collective se m\u00eale \u00e0 la trajectoire familiale, Guediguian franchit un cap impressionnant. Le r\u00e9alisateur a choisi d\u2019interroger l\u2019identit\u00e9 arm\u00e9nienne : <em>\u00ab Avec ce film, j\u2019honore ma responsabilit\u00e9. J\u2019aurais \u00e9t\u00e9 Palestinien ou Kurde, j\u2019aurais travaill\u00e9 la question palestinienne ou kurde \u00bb.<\/em> C\u2019est \u00e0 un effort d\u2019universalisation de la cause qu\u2019il a proc\u00e9d\u00e9. Ce film raconte les raisons du sentiment d\u2019appartenance \u00e0 une communaut\u00e9 qui se confond ici avec la rage des opprim\u00e9s, fa\u00e7onn\u00e9e avec les fant\u00f4mes d\u2019une immigration li\u00e9e \u00e0 la mort. <\/p>\n<p>Guediguian porte un regard sur les contradictions inh\u00e9rentes \u00e0 ce sentiment, sur cette violence qui engendre la violence, sur la m\u00e9moire et la reconnaissance n\u00e9cessaire. Il nous parle de solidarit\u00e9 et d\u2019amour qui peuvent et doivent se construire pour redonner de la chair \u00e0 l\u2019appartenance \u00e0 une communaut\u00e9, celle de l\u2019humanit\u00e9. L\u2019approche, ni simpliste, ni mielleuse, permet de mesurer la folie que constitue un g\u00e9nocide et ses cons\u00e9quences sur plusieurs g\u00e9n\u00e9rations.<\/p>\n<h2>Saisir l&#8217;histoire<\/h2>\n<p>Le film d\u00e9marre \u00e0 Berlin en 1921. Tallat Pacha, principal responsable du g\u00e9nocide arm\u00e9nien, est ex\u00e9cut\u00e9 en pleine rue par Soghomon Thelirian, dont la famille a \u00e9t\u00e9 enti\u00e8rement extermin\u00e9e. Au proc\u00e8s, l\u2019homme t\u00e9moigne du premier g\u00e9nocide du XXe si\u00e8cle : le jury populaire l\u2019acquitte. Soixante ans plus tard, Aram, jeune Marseillais d\u2019origine arm\u00e9nienne, appuie sur le bouton qui fait sauter une voiture de l\u2019ambassade de Turquie. Un homme de son \u00e2ge, qui passait par l\u00e0 \u00e0 v\u00e9lo, est gravement bless\u00e9. Aram rejoint le foyer r\u00e9volutionnaire \u00e0 Beyrouth et s\u2019engage dans l\u2019Arm\u00e9e de lib\u00e9ration de l\u2019Arm\u00e9nie. Il reproche \u00e0 son p\u00e8re de n\u2019avoir rien fait pour la reconnaissance des crimes prof\u00e9r\u00e9s contre les Arm\u00e9niens et pour que la terre de leurs grands-parents leur soit rendue. Le recours \u00e0 des actes terroristes permet de donner de la visibilit\u00e9 \u00e0 la cause. Jusqu\u2019\u00e0 quel point ?<\/p>\n<p>Anouch, la m\u00e8re d\u2019Aram, magnifiquement interpr\u00e9t\u00e9e par Ariane Ascaride, rend visite \u00e0 Gilles Tessier, l\u2019homme \u00e0 v\u00e9lo injustement bless\u00e9 par son fils. Elle vient demander pardon au nom du peuple arm\u00e9nien. Les histoires se m\u00ealent, celles de Gilles et de la famille d\u2019Aram, celle de la France et de la cause arm\u00e9nienne. Le fil de la libert\u00e9 relie, la r\u00e9volte face \u00e0 l\u2019injustice se partage mais le drame n\u2019est pas emp\u00each\u00e9. Qui est responsable ? Qui est victime ? Qui est bourreau ? <\/p>\n<p>Robert Guediguian nous emm\u00e8ne avec une finesse et une intelligence remarquables dans le d\u00e9dale de ces questions. Ce qu\u2019il aimerait, dit-il, c\u2019est que les spectateurs en sortant du film aient de l\u2019\u00e9motion. \u00c9tymologiquement, l\u2019\u00e9motion signifie &#8220;mettre en mouvement&#8221;. Alors, explique Gu\u00e9diguian, <em>\u00ab j\u2019aimerais que gr\u00e2ce \u00e0 cette \u00e9motion, les spectateurs comprennent mieux cette histoire-l\u00e0 et, ambition supr\u00eame, plus largement, qu\u2019ils comprennent mieux l\u2019Histoire tout court ! \u00bb<\/em> Aucun doute : ce film est des plus \u00e9mouvants. On en sort plus intelligent.<br \/>\n<div id='gallery-1' class='gallery galleryid-9155 gallery-columns-3 gallery-size-thumbnail'><figure class='gallery-item'>\n\t\t\t<div class='gallery-icon portrait'>\n\t\t\t\t<a href='https:\/\/archives.regards.fr\/wp-content\/uploads\/2015\/11\/guediguian-affiche-301.jpg'><img loading=\"lazy\" decoding=\"async\" width=\"150\" height=\"150\" src=\"https:\/\/archives.regards.fr\/wp-content\/uploads\/2015\/11\/guediguian-affiche-301-150x150.jpg\" class=\"attachment-thumbnail size-thumbnail\" alt=\"guediguian-affiche.jpg\" \/><\/a>\n\t\t\t<\/div><\/figure><figure class='gallery-item'>\n\t\t\t<div class='gallery-icon landscape'>\n\t\t\t\t<a href='https:\/\/archives.regards.fr\/wp-content\/uploads\/2015\/11\/guediguian-home-230.jpg'><img loading=\"lazy\" decoding=\"async\" width=\"150\" height=\"150\" src=\"https:\/\/archives.regards.fr\/wp-content\/uploads\/2015\/11\/guediguian-home-230-150x150.jpg\" class=\"attachment-thumbnail size-thumbnail\" alt=\"guediguian-home.jpg\" \/><\/a>\n\t\t\t<\/div><\/figure>\n\t\t<\/div>\n<\/p>\n","protected":false},"excerpt":{"rendered":"<p>Avec <em>Une Histoire de fou<\/em>, Robert Gu\u00e9diguian signe un bijou historique, sensible et politique. Nous l&#8217;aimions pour ses com\u00e9dies sociales et romantiques camp\u00e9es dans les quartiers populaires de Marseille : le voici \u00e0 la fois ici et ailleurs. <\/p>\n","protected":false},"author":570,"featured_media":22596,"comment_status":"open","ping_status":"open","sticky":false,"template":"","format":"standard","meta":{"_themeisle_gutenberg_block_has_review":false,"footnotes":""},"categories":[157],"tags":[299],"class_list":["post-9155","post","type-post","status-publish","format-standard","has-post-thumbnail","hentry","category-web","tag-cinema"],"_links":{"self":[{"href":"https:\/\/archives.regards.fr\/index.php?rest_route=\/wp\/v2\/posts\/9155","targetHints":{"allow":["GET"]}}],"collection":[{"href":"https:\/\/archives.regards.fr\/index.php?rest_route=\/wp\/v2\/posts"}],"about":[{"href":"https:\/\/archives.regards.fr\/index.php?rest_route=\/wp\/v2\/types\/post"}],"author":[{"embeddable":true,"href":"https:\/\/archives.regards.fr\/index.php?rest_route=\/wp\/v2\/users\/570"}],"replies":[{"embeddable":true,"href":"https:\/\/archives.regards.fr\/index.php?rest_route=%2Fwp%2Fv2%2Fcomments&post=9155"}],"version-history":[{"count":0,"href":"https:\/\/archives.regards.fr\/index.php?rest_route=\/wp\/v2\/posts\/9155\/revisions"}],"wp:featuredmedia":[{"embeddable":true,"href":"https:\/\/archives.regards.fr\/index.php?rest_route=\/wp\/v2\/media\/22596"}],"wp:attachment":[{"href":"https:\/\/archives.regards.fr\/index.php?rest_route=%2Fwp%2Fv2%2Fmedia&parent=9155"}],"wp:term":[{"taxonomy":"category","embeddable":true,"href":"https:\/\/archives.regards.fr\/index.php?rest_route=%2Fwp%2Fv2%2Fcategories&post=9155"},{"taxonomy":"post_tag","embeddable":true,"href":"https:\/\/archives.regards.fr\/index.php?rest_route=%2Fwp%2Fv2%2Ftags&post=9155"}],"curies":[{"name":"wp","href":"https:\/\/api.w.org\/{rel}","templated":true}]}}