{"id":9146,"date":"2015-11-09T00:25:37","date_gmt":"2015-11-08T23:25:37","guid":{"rendered":"https:\/\/wp.muchomaas.com\/article-un-mouvement-commun-pour-faire\/"},"modified":"2015-11-09T00:25:37","modified_gmt":"2015-11-08T23:25:37","slug":"article-un-mouvement-commun-pour-faire","status":"publish","type":"post","link":"https:\/\/archives.regards.fr\/?p=9146","title":{"rendered":"Un &#8220;Mouvement commun&#8221; pour faire avancer la gauche"},"content":{"rendered":"<p class=\"post_excerpt\">Lanc\u00e9 ce dimanche en pr\u00e9sence de la plupart des dirigeants de la gauche critique, le Mouvement commun \u2013 entre mouvement social et mouvement politique \u2013 veut r\u00e9concilier acteurs associatifs, syndicaux et citoyens avec la construction politique. <\/p>\n<p>C\u2019\u00e9tait l\u2019endroit o\u00f9 il fallait \u00eatre. Ce dimanche 8 novembre, en pleine campagne pour les \u00e9lections r\u00e9gionales, le lancement du Mouvement commun, port\u00e9 par le d\u00e9put\u00e9 PS frondeur Pouria Amirshahi, a r\u00e9ussi son pari. \u00c0 Montreuil, plusieurs centaines de personnes \u2013 militants politiques et associatifs, repr\u00e9sentants du mouvement social, de Paris et de province \u2013 ont particip\u00e9 \u00e0 ce moment fondateur, qui a b\u00e9n\u00e9fici\u00e9 de la pr\u00e9sence bienveillante de la plupart des t\u00e9nors de la gauche critique. <\/p>\n<p><em>\u00ab Ni parti politique ni \u00e9curie pr\u00e9sidentielle \u00bb<\/em>, le Mouvement commun entend renouer avec <em>\u00ab l\u2019espoir \u00bb<\/em> et le <em>\u00ab rassemblement \u00bb<\/em> d\u2019une famille dont l\u2019\u00e9miettement se poursuit. Les initiateurs, forts d\u2019un <a href=\"http:\/\/www.lemouvementcommun.fr\/rejoindre-le-mouvement\/\">appel sign\u00e9 par deux mille personnes<\/a>, invoquent autant Podemos que la premi\u00e8re campagne d\u2019Obama, l\u2019\u00e9bullition de la r\u00e9volution citoyenne en Tunisie ou l\u2019exp\u00e9rience grecque. Tout pour renouer avec la convergence des diff\u00e9rentes familles de la gauche, qu\u2019elle soit politique, associative, syndicale ou citoyenne.<\/p>\n<h2>Politiques \u00e0 l&#8217;\u00e9coute des associatifs<\/h2>\n<p>D\u00e8s 13h45, des dizaines de personnes sont d\u00e9j\u00e0 mass\u00e9es. On est surpris de se retrouver l\u00e0, on se salue, on s\u2019embrasse. Les premiers \u00e9changes ont lieu sur le trottoir devant La Parole errante, nom du lieu d\u2019accueil. Tout un symbole, comme si la parole de gauche errait plus dans le mouvement social que dans sa traduction politique. <\/p>\n<p>Dans les ateliers qui permettent, apr\u00e8s une courte pr\u00e9sentation, aux pr\u00e9sents de participer \u00e0 la mise en marche du Mouvement commun, une voix s\u2019\u00e9l\u00e8ve : <em>\u00ab Depuis dix ans, les effectifs du mouvement associatif augmentent r\u00e9guli\u00e8rement et ceux des partis ne cessent de diminuer\u2026 Vous ne trouvez pas que \u00e7a pose question ? \u00bb<\/em> Dans la foul\u00e9e de <a href=\"https:\/\/wp.muchomaas.com\/web\/echanger-pour-changer-la-gauche-se,7963\">la rencontre &#8220;\u00c9changer pour changer&#8221;<\/a>, organis\u00e9e par Pouria Amirshahi en septembre 2014, les militants politiques se font humbles, \u00e0 l\u2019\u00e9coute. Guillaume Balas, eurod\u00e9put\u00e9 et secr\u00e9taire g\u00e9n\u00e9ral de la tendance socialiste Un monde d\u2019avance, assiste \u00e0 l\u2019int\u00e9gralit\u00e9 de son atelier, prenant beaucoup de notes et intervenant peu.<\/p>\n<p>Antoine de Cabanes, militant communiste, lui aussi, participe studieusement au groupe de travail r\u00e9uni dans la vaste salle montreuilloise. \u00c0 l\u2019instar de Julien Bayou, porte-parole d\u2019Europe \u00c9cologie-les Verts, Antoine voit dans l\u2019organisation du travail des \u00e9chos aux <a href=\"https:\/\/wp.muchomaas.com\/web\/article\/les-chantiers-d-espoir-une-page\">&#8220;chantiers d\u2019espoir&#8221;<\/a> initi\u00e9s en d\u00e9but d\u2019ann\u00e9e par cinq cents personnalit\u00e9s majoritairement issues de la gauche de gauche. La diff\u00e9rence du Mouvement commun est de taille : c\u2019est au sein de la sensibilit\u00e9 socialiste qu\u2019\u00e9merge le mouvement social lanc\u00e9 \u00e0 Montreuil. <em>\u00ab C\u2019est parce qu\u2019elle t\u00e9moigne des boug\u00e9s au sein de la famille sociale-d\u00e9mocrate que cette initiative est int\u00e9ressante \u00bb<\/em>, se f\u00e9licite Manuel Menal, militant communiste parisien. <\/p>\n<h2>Passerelles entre les composantes de la gauche<\/h2>\n<p>Aur\u00e9ol\u00e9 de son r\u00e9cent vote contre le budget pr\u00e9sent\u00e9 par le gouvernement, Pouria Amirshahi r\u00e9ussit le pari de cr\u00e9dibiliser une dynamique aupr\u00e8s de partenaires assez prompts aux pr\u00e9alables. Ainsi, la Montreuilloise Doroth\u00e9e, en rupture de PS depuis 2013, ne peut retenir un <em>\u00ab Pouria, oui, il est bien\u2026 Mais il est encore au PS \u00bb<\/em>. La volont\u00e9 du Mouvement de travailler aux convergences sans exiger de pr\u00e9liminaires et, pour cela, de <em>\u00ab se projeter apr\u00e8s 2017 \u00bb<\/em>, se heurte d\u00e9j\u00e0 \u00e0 des r\u00e9flexes bien ancr\u00e9s. \u00c9ric Coquerel m\u00e8ne, <em>\u00ab sans arri\u00e8re-pens\u00e9es ni pr\u00e9ventions \u00bb<\/em>, la d\u00e9l\u00e9gation du Parti de gauche (PG) : <em>\u00ab Tout ce qui appara\u00eet comme une d\u00e9marche critique de la politique du gouvernement nous int\u00e9resse \u00bb<\/em>. <\/p>\n<p>Mais le num\u00e9ro deux du PG prend le temps de rappeler une des <em>\u00ab faiblesses \u00bb<\/em> du Mouvement commun : <em>\u00ab Contourner 2017, alors que les forces anti-aust\u00e9rit\u00e9 rassembl\u00e9es pourraient casser la baraque, nous semble une erreur. Et cette volont\u00e9 ne doit pas laisser penser que rien n\u2019existait avant. Nous ne sommes pas devant une feuille blanche. \u00bb<\/em> Et de rappeler les Comit\u00e9s unitaires anti-lib\u00e9raux, le Front de gauche\u2026 pendant que Marie-No\u00eblle Lienneman, s\u00e9natrice PS de Paris, mentionne Gauche avenir comme une des nombreuses passerelles entre les composantes de la gauche.<\/p>\n<p>C\u2019est effectivement dans cette dynamique, inscrite depuis 2005 et la campagne de gauche pour un &#8220;non&#8221; au trait\u00e9 constitutionnel europ\u00e9en que se situe le Mouvement commun. L\u2019envie d\u2019avancer ensemble, de se rassembler autour d\u2019actes concrets, l\u2019emporte parmi les pr\u00e9sents. <\/p>\n<h2>D\u00e9passer la crise des partis<\/h2>\n<p>Beaucoup des participants, y compris parmi les dirigeants pr\u00e9sents, diagnostiquent les partis politiques en bout de course. C\u00e9cile Duflot r\u00e9sume la contradiction : <em>\u00ab Nous avons besoin de partis mais ils ne peuvent pas r\u00e9sumer le projet, le r\u00e9armement politique ni m\u00eame le questionnement du rapport de la gauche au pouvoir \u00bb<\/em>. \u00c0 quelques dizaines de m\u00e8tres, Soumia Zahir, <em>\u00ab ex \u00e9lue, ex militante, ex responsable f\u00e9d\u00e9rale, ex\u2026 \u00bb<\/em>, est plus s\u00e9v\u00e8re : <em>\u00ab Les partis politiques sont coup\u00e9s de la r\u00e9alit\u00e9, du terrain\u2026 Ils envoient des \u00e9l\u00e9ments de langage aux militants qui vont \u00e0 porte-\u00e0-porte. Les partis ne sont plus que dans la reproduction des \u00e9lites \u00bb<\/em>. \u00c9chaud\u00e9e et craignant l\u2019eau froide, elle est pourtant venue avec, encore, de l\u2019espoir. <\/p>\n<p>Comme Soumia, Marie-Christine Viergeat, eurod\u00e9put\u00e9e apparent\u00e9e Front de gauche, se r\u00e9jouit d\u2019un rassemblement qui d\u00e9passe <em>\u00ab les int\u00e9r\u00eats partisans, forc\u00e9ment de court-terme \u00bb. \u00ab Des mots de l\u2019appel me r\u00e9jouissent, notamment cette volont\u00e9 de mettre du &#8220;nous&#8221; \u00e0 la place du &#8220;je&#8221; \u00bb<\/em>, poursuit la parlementaire \u00e9lue dans le Sud-Est. Cl\u00e9mentine Autain, porte-parole d\u2019Ensemble, une des composantes du Front de gauche, salue <em>\u00ab un \u00e9tat d\u2019esprit qui inscrit une dynamique non dans un nouveau cartel de partis mais dans une mobilisation citoyenne \u00bb<\/em>. Pour elle, <em>\u00ab ce qui fonde cette initiative n&#8217;est pas soluble dans un soutien \u00e0 la politique gouvernementale. Les signataires se trouvent plac\u00e9s devant la responsabilit\u00e9 de faire \u00e9merger une nouvelle force politique, r\u00e9solument de gauche. \u00bb<\/em> <\/p>\n<p>Le Mouvement commun ne sera donc <em>\u00ab ni un parti, ni un club, ni un think tank \u00bb<\/em>, mais <em>\u00ab un mouvement interactif, inventif et cr\u00e9atif \u00bb<\/em>, mart\u00e8le Anna Melin, une des fondatrices de la nouvelle mouvance. Peu importe si une bonne partie des dirigeants de gauche pr\u00e9sents passent plus de temps \u00e0 discuter \u00e0 l\u2019ext\u00e9rieur plut\u00f4t que d\u2019assister aux travaux des ateliers. <em>\u00ab Cela montre qu\u2019ils ont toujours envie et besoin de se parler,<\/em> sourit Fan\u00e9lie Carrey-Conte, d\u00e9put\u00e9e socialiste de Paris, en sortant de son groupe de travail. <em>Si, d\u00e9j\u00e0, nous leur offrons un espace pour \u00e9changer, alors que la campagne est difficile, c\u2019est d\u00e9j\u00e0 bien. \u00bb<\/em><\/p>\n","protected":false},"excerpt":{"rendered":"<p>Lanc\u00e9 ce dimanche en pr\u00e9sence de la plupart des dirigeants de la gauche critique, le Mouvement commun \u2013 entre mouvement social et mouvement politique \u2013 veut r\u00e9concilier acteurs associatifs, syndicaux et citoyens avec la construction politique. <\/p>\n","protected":false},"author":1149,"featured_media":0,"comment_status":"open","ping_status":"open","sticky":false,"template":"","format":"standard","meta":{"_themeisle_gutenberg_block_has_review":false,"footnotes":""},"categories":[157],"tags":[295],"class_list":["post-9146","post","type-post","status-publish","format-standard","hentry","category-web","tag-nupes"],"_links":{"self":[{"href":"https:\/\/archives.regards.fr\/index.php?rest_route=\/wp\/v2\/posts\/9146","targetHints":{"allow":["GET"]}}],"collection":[{"href":"https:\/\/archives.regards.fr\/index.php?rest_route=\/wp\/v2\/posts"}],"about":[{"href":"https:\/\/archives.regards.fr\/index.php?rest_route=\/wp\/v2\/types\/post"}],"author":[{"embeddable":true,"href":"https:\/\/archives.regards.fr\/index.php?rest_route=\/wp\/v2\/users\/1149"}],"replies":[{"embeddable":true,"href":"https:\/\/archives.regards.fr\/index.php?rest_route=%2Fwp%2Fv2%2Fcomments&post=9146"}],"version-history":[{"count":0,"href":"https:\/\/archives.regards.fr\/index.php?rest_route=\/wp\/v2\/posts\/9146\/revisions"}],"wp:attachment":[{"href":"https:\/\/archives.regards.fr\/index.php?rest_route=%2Fwp%2Fv2%2Fmedia&parent=9146"}],"wp:term":[{"taxonomy":"category","embeddable":true,"href":"https:\/\/archives.regards.fr\/index.php?rest_route=%2Fwp%2Fv2%2Fcategories&post=9146"},{"taxonomy":"post_tag","embeddable":true,"href":"https:\/\/archives.regards.fr\/index.php?rest_route=%2Fwp%2Fv2%2Ftags&post=9146"}],"curies":[{"name":"wp","href":"https:\/\/api.w.org\/{rel}","templated":true}]}}