{"id":9096,"date":"2015-10-21T13:57:04","date_gmt":"2015-10-21T11:57:04","guid":{"rendered":"https:\/\/wp.muchomaas.com\/article-la-suisse-vote-plus-blanc\/"},"modified":"2015-10-21T13:57:04","modified_gmt":"2015-10-21T11:57:04","slug":"article-la-suisse-vote-plus-blanc","status":"publish","type":"post","link":"https:\/\/archives.regards.fr\/?p=9096","title":{"rendered":"La Suisse vote plus blanc"},"content":{"rendered":"<p class=\"post_excerpt\">La victoire \u00e9lectorale de UDC est un indicateur de plus de la mont\u00e9e de l&#8217;extr\u00eame droite x\u00e9nophobe en Europe. Pour des raisons qui d\u00e9passent largement le contexte de la crise des migrants, et auxquelles la mondialisation lib\u00e9rale n&#8217;est pas \u00e9trang\u00e8re. <\/p>\n<p>UDC, Union d\u00e9mocratique du centre, le moins qu&#8217;on puisse dire, c&#8217;est que le nom du principal parti politique suisse ne paie pas de mine. Pour un peu, on imaginerait un honorable parti bien polic\u00e9, bien \u00e9lev\u00e9, adapt\u00e9 \u00e0 l&#8217;ambiance feutr\u00e9e des salles de coffres. Bref, une sorte de Modem en version calviniste. Il n&#8217;en est rien, l&#8217;UDC est bien un parti d&#8217;extr\u00eame droite, m\u00eame s&#8217;il refuse cette \u00e9tiquette.<\/p>\n<h2>Grand vainqueur des \u00e9lections f\u00e9d\u00e9rales<\/h2>\n<p>En octobre 2015, pour la cinqui\u00e8me fois de suite depuis 1999, l&#8217;UDC a confirm\u00e9 sa premi\u00e8re place au sein de la vie politique helv\u00e9tique en obtenant le meilleur r\u00e9sultat jamais atteint : 29,4%, loin devant le Parti socialiste qui recueille 18,8%.<\/p>\n<p>La pouss\u00e9e est g\u00e9n\u00e9rale, mais l&#8217;\u00e9tude des votes par canton fait appara\u00eetre une forte h\u00e9t\u00e9rog\u00e9n\u00e9it\u00e9 en fonction de la langue majoritairement parl\u00e9e. Dans les cantons dits &#8220;latins&#8221; \u2013 Neuch\u00e2tel, Gen\u00e8ve, Jura, Fribourg, Valais et Tessin \u2013, l&#8217;UDC est partout en-de\u00e7\u00e0 de son score national : entre 12,8% (Jura) et 25,9% (Fribourg). M\u00eame au sein de ce dernier canton, le seul \u00e0 avoir plac\u00e9 l&#8217;UDC en t\u00eate, il existe une forte diff\u00e9rence entre les districts de l&#8217;est, de langue allemande, et ceux \u00e0 l&#8217;ouest, francophones.<\/p>\n<p>En revanche, la Suisse al\u00e9manique pl\u00e9biscite le parti d&#8217;extr\u00eame droite. Si les r\u00e9sultats du petit canton de Nidwald ne sont heureusement pas tr\u00e8s significatifs (82,8%), les suffrages obtenus par l&#8217;UDC sont en g\u00e9n\u00e9ral tr\u00e8s sup\u00e9rieurs \u00e0 30%. (voit <a href=\"http:\/\/www.lematin.ch\/elections-federales-2015\/Les-elections-federales-en-un-clin-d-oeil\/story\/10524499\">les diff\u00e9rents r\u00e9sultats<\/a><\/p>\n<h2>Une campagne sur le th\u00e8me des r\u00e9fugi\u00e9s<\/h2>\n<p>La presse suisse, comme internationale, a beaucoup insist\u00e9 sur l&#8217;impact de la crise des migrants en Europe dans le renforcement de l&#8217;UDC. C&#8217;est en effet sur ce th\u00e8me que le parti d&#8217;extr\u00eame droite avait choisi d&#8217;axer sa campagne. Sur son site, on peut d&#8217;ailleurs trouver une p\u00e9tition <em>\u00ab pour un r\u00e9f\u00e9rendum contre la loi sur l&#8217;asile \u00bb<\/em>. <\/p>\n<p>Creusant le sillon traditionnel de l&#8217;invasion et du grand remplacement, le parti suisse exploite toutes les ressorts identitaires et x\u00e9nophobes. Un tract de la campagne est particuli\u00e8rement \u00e9clairant (ci-dessous) : un graphique annonce une suisse \u00e0 10 millions d&#8217;habitants dont 5,2 de Suisses de naissance (de souche ?) d&#8217;une part, une envol\u00e9e d&#8217;\u00e9trangers et de naturalis\u00e9s d&#8217;autre part. Le tout est ponctu\u00e9 d&#8217;un slogan : <em>\u00ab Engagez vous contre une immigration sans limite, une menaces sur nos places de travail et les abus dans l&#8217;aide sociale \u00bb<\/em>.<\/p>\n<p><img decoding=\"async\" src=\"IMG\/jpg\/suisse-udc-tracts.jpg\" alt=\"suisse-udc-tracts.jpg\" align=\"center\" \/><\/p>\n<p>Comme souvent, la r\u00e9alit\u00e9 est toute autre. En 2013, le conseil f\u00e9d\u00e9ral avait lanc\u00e9 un premier plan d&#8217;accueil de 500 demandeurs d&#8217;asile syrien. Depuis, en mars 2015, c&#8217;est un programme permettant l&#8217;arriv\u00e9e de 3.000 r\u00e9fugi\u00e9s sur trois ans qui a \u00e9t\u00e9 adopt\u00e9. Des objectifs modestes \u00e0 l&#8217;\u00e9chelle d&#8217;un pays comme la Suisse.<\/p>\n<h2>Une mont\u00e9e g\u00e9n\u00e9rale de l&#8217;extr\u00eame droite<\/h2>\n<p>En 2009, l&#8217;UDC avait men\u00e9 une initiative populaire &#8220;contre la construction des minarets&#8221;. Bien que tous les autres partis aient appel\u00e9 \u00e0 voter non, le oui l&#8217;avait tout de m\u00eame emport\u00e9 avec 57,5%. <a href=\"http:\/\/www.martingrandjean.ch\/wp-content\/uploads\/2013\/09\/UDCminaret.png\">L&#8217;affiche de campagne<\/a> avait alors fait grand bruit : une femme en burqa noire plac\u00e9 devant une s\u00e9rie de minarets noirs plant\u00e9s dans le drapeau suisse. <\/p>\n<p>Toujours \u00e0 l&#8217;initiative de l&#8217;UDC, en 2014, par 50,3%, les Suisses s&#8217;\u00e9taient prononc\u00e9s en faveur d&#8217;une limitation de l&#8217;immigration au sein de leur pays, remettant en cause l&#8217;accord de libre-circulation avec l&#8217;Union europ\u00e9enne. Si la conf\u00e9d\u00e9ration est un pays d&#8217;immigration \u2013 23,5% de la population est \u00e9trang\u00e8re \u2013, 1,7 des deux millions d&#8217;immigr\u00e9s viennent d&#8217;Europe, dont plus de 1,3 de l&#8217;Union europ\u00e9enne (principalement Allemands, Italiens et Portugais), attir\u00e9s par l&#8217;eldorado helv\u00e8te.<\/p>\n<p>Intervenant apr\u00e8s le score du FP\u00d6 aux \u00e9lections municipales \u00e0 Vienne en Autriche (32,2%), et apr\u00e8s celui des &#8220;Vrais Finlandais&#8221; aux \u00e9lections l\u00e9gislatives du mois d&#8217;avril (17,6%), les \u00e9lections f\u00e9d\u00e9rales suisses viennent confirmer que les niveaux atteints par l&#8217;extr\u00eame droite ne sont pas toujours corr\u00e9l\u00e9s avec l&#8217;intensit\u00e9 de la crise \u00e9conomique et sociale. La relative prosp\u00e9rit\u00e9 de ces trois pays d\u00e9montre que d&#8217;autres facteurs entrent en ligne de compte pour expliquer la radicalisation \u00e0 droite de l&#8217;\u00e9lectorat, l&#8217;essor de la x\u00e9nophobie et des replis identitaires.<\/p>\n<h2>L&#8217;h\u00e9ritage politique de la mondialisation capitaliste<\/h2>\n<p>Le d\u00e9veloppement de la mondialisation capitaliste, c&#8217;est \u00e0 dire la mise en place d&#8217;un march\u00e9 aux r\u00e8gles uniformes, se traduit par une ph\u00e9nom\u00e9nale puissance d\u00e9stabilisatrice pour les \u00c9tats. Pour l&#8217;essentiel et m\u00eame pour les plus d\u00e9velopp\u00e9s, la fonction de l&#8217;\u00c9tat tend \u00e0 se restreindre \u00e0 instaurer les r\u00e8gles permettant la mobilit\u00e9 du capital, \u00e0 ouvrir tous les secteurs au priv\u00e9 et \u00e0 d\u00e9truire les droits sociaux. <\/p>\n<p>Reprenant ici une id\u00e9e <a href=\"http:\/\/www.europe-solidaire.org\/spip.php?article33279\">d\u00e9fendue par Pierre Rousset<\/a>, c&#8217;est un peu comme si les classes dominantes s&#8217;\u00e9mancipaient de la politique. Au nom du march\u00e9 mondial uniformis\u00e9, ce sont les <em>\u00ab modes appropri\u00e9s \u00bb<\/em> (produits par les histoires sp\u00e9cifiques) de la domination bourgeoise qui sont \u00e9vacu\u00e9s. Pourtant, <em>\u00ab une classe ne domine pas durablement une soci\u00e9t\u00e9 sans m\u00e9diations ou compromis sociaux, sans l\u00e9gitimit\u00e9 \u00bb<\/em>. <\/p>\n<p>G\u00e9n\u00e9ratrice de crise, la globalisation au cours de ces derni\u00e8res ann\u00e9es s&#8217;est traduite par une mont\u00e9e spectaculaire de nouveaux fascismes ou de proto-fascismes un peu partout sur la plan\u00e8te. Une situation d\u00e9l\u00e9t\u00e8re, lourde de menaces.<\/p>\n","protected":false},"excerpt":{"rendered":"<p>La victoire \u00e9lectorale de UDC est un indicateur de plus de la mont\u00e9e de l&#8217;extr\u00eame droite x\u00e9nophobe en Europe. Pour des raisons qui d\u00e9passent largement le contexte de la crise des migrants, et auxquelles la mondialisation lib\u00e9rale n&#8217;est pas \u00e9trang\u00e8re. <\/p>\n","protected":false},"author":1097,"featured_media":0,"comment_status":"open","ping_status":"open","sticky":false,"template":"","format":"standard","meta":{"_themeisle_gutenberg_block_has_review":false,"footnotes":""},"categories":[157],"tags":[355,375],"class_list":["post-9096","post","type-post","status-publish","format-standard","hentry","category-web","tag-extreme-droite","tag-immigration"],"_links":{"self":[{"href":"https:\/\/archives.regards.fr\/index.php?rest_route=\/wp\/v2\/posts\/9096","targetHints":{"allow":["GET"]}}],"collection":[{"href":"https:\/\/archives.regards.fr\/index.php?rest_route=\/wp\/v2\/posts"}],"about":[{"href":"https:\/\/archives.regards.fr\/index.php?rest_route=\/wp\/v2\/types\/post"}],"author":[{"embeddable":true,"href":"https:\/\/archives.regards.fr\/index.php?rest_route=\/wp\/v2\/users\/1097"}],"replies":[{"embeddable":true,"href":"https:\/\/archives.regards.fr\/index.php?rest_route=%2Fwp%2Fv2%2Fcomments&post=9096"}],"version-history":[{"count":0,"href":"https:\/\/archives.regards.fr\/index.php?rest_route=\/wp\/v2\/posts\/9096\/revisions"}],"wp:attachment":[{"href":"https:\/\/archives.regards.fr\/index.php?rest_route=%2Fwp%2Fv2%2Fmedia&parent=9096"}],"wp:term":[{"taxonomy":"category","embeddable":true,"href":"https:\/\/archives.regards.fr\/index.php?rest_route=%2Fwp%2Fv2%2Fcategories&post=9096"},{"taxonomy":"post_tag","embeddable":true,"href":"https:\/\/archives.regards.fr\/index.php?rest_route=%2Fwp%2Fv2%2Ftags&post=9096"}],"curies":[{"name":"wp","href":"https:\/\/api.w.org\/{rel}","templated":true}]}}