{"id":9081,"date":"2015-10-16T00:05:14","date_gmt":"2015-10-15T22:05:14","guid":{"rendered":"https:\/\/wp.muchomaas.com\/article-referendum-cambadelis-mi\/"},"modified":"2023-06-23T23:20:41","modified_gmt":"2023-06-23T21:20:41","slug":"article-referendum-cambadelis-mi","status":"publish","type":"post","link":"https:\/\/archives.regards.fr\/?p=9081","title":{"rendered":"R\u00e9f\u00e9rendum Cambad\u00e9lis : mi-escroquerie, mi-pitrerie"},"content":{"rendered":"<p class=\"post_excerpt\">Initiative rocambolesque du premier secr\u00e9taire, le sondage sur &#8220;l&#8217;unit\u00e9 de la gauche et des \u00e9cologistes aux \u00e9lections r\u00e9gionales&#8221; est une farce qui vise \u00e0 exon\u00e9rer le PS et le gouvernement de leurs responsabilit\u00e9s dans le fiasco qui s&#8217;annonce.<\/p>\n<p>C&#8217;\u00e9tait le 19 septembre, Jean-Christophe Cambad\u00e9lis, dans une conf\u00e9rence de presse, annon\u00e7ait la tenue d&#8217;un r\u00e9f\u00e9rendum du 16 au 18 octobre visant \u00e0 se prononcer sur l&#8217;unit\u00e9 des forces de gauche et \u00e9cologistes d\u00e8s le premier tour des \u00e9lections r\u00e9gionales.<\/p>\n<p>La question pos\u00e9e sera donc : <em>\u00ab Face \u00e0 la mont\u00e9e de la droite et de l&#8217;extr\u00eame droite, souhaitez-vous l&#8217;unit\u00e9 de la gauche et des \u00e9cologistes aux \u00e9lections r\u00e9gionales ? \u00bb<\/em> On notera, entre autre, que la formulation ne mentionne plus s&#8217;il s&#8217;agit d&#8217;une unit\u00e9 d\u00e8s le premier tour, ou s&#8217;il s&#8217;agit d&#8217;un rassemblement au second tour somme toute assez classique \u00e0 gauche. Ainsi obscurcie, la question n&#8217;a certes plus grand sens, mais permettra ainsi au strat\u00e8ge de la rue de Solf\u00e9rino de tout amalgamer en fonction de ses int\u00e9r\u00eats politiques propres.<\/p>\n<p>Mais m\u00eame ainsi, l&#8217;affaire appara\u00eet bien bancale. Au sein m\u00eame du Parti socialiste, le manque d&#8217;entrain \u00e0 organiser le scrutin est \u00e9vident. Officiellement, les promoteurs de l&#8217;initiative esp\u00e8rent 300.000 votes au cours du week-end, un objectif ramen\u00e9 \u00e0 200.000 par Jean-Christophe Cambad\u00e9lis, lundi matin sur France Inter. \u00c0 ce rythme, il y aura bient\u00f4t plus de militants socialistes encart\u00e9s que d&#8217;aspirants \u00e0 l&#8217;unit\u00e9. Heureusement, on est moderne au PS : aux quelques 2.000 urnes que les militants du parti sont sens\u00e9s tenir, s&#8217;ajoutera la possibilit\u00e9 de voter par Internet. Tr\u00e8s int\u00e9ressante, au demeurant, cette d\u00e9mocratie du clic, puisque le nombre de votants sera ainsi aussi incertain que la validit\u00e9 des dipl\u00f4mes du premier secr\u00e9taire. <\/p>\n<h2>Une initiative pour l&#8217;unit\u00e9 qui fait p\u00e2le figure<\/h2>\n<p>Un petit passage par le site du Parti socialiste nous apprend qu&#8217;un large ar\u00e9opage de formations de gauche pr\u00e9side \u00e0 l&#8217;organisation de ce r\u00e9f\u00e9rendum : Parti socialiste, Front d\u00e9mocrate, G\u00e9n\u00e9ration \u00e9cologie, Union des d\u00e9mocrates et \u00e9cologistes, et \u00c9cologistes ! La premi\u00e8re r\u00e9action est \u00e9videmment le vertige devant tant d&#8217;unit\u00e9 pour l&#8217;unit\u00e9. Mazette, le Front d\u00e9mocrate de Jean-Luc Benhamias (ex PSU, ex Verts, ex Modem), le G\u00e9n\u00e9ration \u00e9cologie qui a berc\u00e9 notre enfance et le tout frais, tout beau, \u00c9cologistes ! de Jean-Vincent Plac\u00e9 et Fran\u00e7ois de Rugy, c&#8217;est du lourd quand m\u00eame. <\/p>\n<p><img loading=\"lazy\" decoding=\"async\" class=\" aligncenter size-full wp-image-22511\" src=\"https:\/\/wp.muchomaas.com\/wp-content\/uploads\/2015\/10\/referendum-cambadelis-front-cd6.jpg\" alt=\"referendum-cambadelis-front.jpg\" align=\"center\" width=\"307\" height=\"150\" srcset=\"https:\/\/archives.regards.fr\/wp-content\/uploads\/2015\/10\/referendum-cambadelis-front-cd6.jpg 307w, https:\/\/archives.regards.fr\/wp-content\/uploads\/2015\/10\/referendum-cambadelis-front-cd6-300x147.jpg 300w\" sizes=\"auto, (max-width: 307px) 100vw, 307px\" \/><\/p>\n<p>Si l&#8217;Union des d\u00e9mocrates et \u00e9cologistes vous para\u00eet moins famili\u00e8re, c&#8217;est qu&#8217;elle ne doit \u00eatre fond\u00e9e officiellement que le 17 octobre, soit apr\u00e8s la parution de cet article. Il est vrai qu&#8217;il s&#8217;agit d&#8217;un rassemblement des trois autres organisations d\u00e9j\u00e0 cit\u00e9es, un peu comme si le Parti socialiste faisait signer toutes ses f\u00e9d\u00e9rations s\u00e9par\u00e9ment avant d&#8217;apposer en plus le sigle national. Bon c&#8217;est vrai qu&#8217;il y a tout de m\u00eame quelques absents de marque. Ni le puissant MUP de Robert Hue, ni le PRG pourtant dernier alli\u00e9 gouvernemental des socialistes ne figurent parmi les signataires. L&#8217;hydre hideuse de la division est d\u00e9cid\u00e9ment partout.<\/p>\n<h2>Recherche boucs \u00e9missaires d\u00e9sesp\u00e9r\u00e9ment<\/h2>\n<p>Mais l&#8217;enjeu n&#8217;est en r\u00e9alit\u00e9 pas celui-l\u00e0. \u00c0 la t\u00eate de 21 des 22 r\u00e9gions de la France m\u00e9tropolitaine, le Parti socialiste est promis \u00e0 une d\u00e9route \u00e9lectorale lors du prochain scrutin des \u00e9lections de d\u00e9cembre. Seules deux r\u00e9gions, Languedoc-Roussillon \/ Midi Pyr\u00e9n\u00e9es et Aquitaine \/ Poitou \/ Limousin semblent \u00e0 peu pr\u00e8s acquises \u00e0 la gauche. Pour toutes les autres (except\u00e9e la Corse qui ne rel\u00e8ve pas tout \u00e0 fait de la politique continentale), ce sera difficile, voire impossible. Pire, toutes les intentions de vote indiquent que la r\u00e9gion Nord Pas-de-Calais \/ Picardie pourrait tomber dans l&#8217;escarcelle du FN. <\/p>\n<p>Confront\u00e9e \u00e0 une situation d\u00e9sastreuse, les g\u00e9nies de la direction du Parti socialiste n&#8217;ont qu&#8217;une id\u00e9e : trouver des coupables pour expliquer la d\u00e9faite annonc\u00e9e. La d\u00e9sastreuse politique gouvernementale \u00e9tant par nature exon\u00e9r\u00e9e de toute critique, ce sera donc &#8220;la division \u00e0 gauche&#8221;. Par division, entendez la volont\u00e9 de ne pas se ranger derri\u00e8re le PS partout, toujours et quoi qu&#8217;il arrive \u2013 bref, l&#8217;irresponsabilit\u00e9 gauchiste. Dans un de ses tweets du 12 octobre, Jean-Christophe Cambad\u00e9lis indique :<\/p>\n<blockquote class=\"twitter-tweet\" lang=\"fr\">\n<p lang=\"fr\" dir=\"ltr\">Si nous perdons la region <a href=\"https:\/\/twitter.com\/hashtag\/NPDCP?src=hash\">#NPDCP<\/a> il n&#39;y aura qu&#39;un seul coupable: la division. <a href=\"https:\/\/twitter.com\/hashtag\/Regionales2015?src=hash\">#Regionales2015<\/a> <a href=\"https:\/\/twitter.com\/hashtag\/interactiv?src=hash\">#interactiv<\/a><\/p>\n<p>&mdash; Jean-Chr. Cambad\u00e9lis (@jccambadelis) <a href=\"https:\/\/twitter.com\/jccambadelis\/status\/653473860038356992\">12 Octobre 2015<\/a><\/p><\/blockquote>\n<p> <script async src=\"\/\/platform.twitter.com\/widgets.js\" charset=\"utf-8\"><\/script><\/p>\n<h2>Le chantage au vote utile<\/h2>\n<p>\u00c0 ce niveau de d\u00e9ni, la pathologie devient int\u00e9ressante. Ni les d\u00e9g\u00e2ts de la politique du quinquennat Hollande dans une r\u00e9gion particuli\u00e8rement d\u00e9vast\u00e9e par le ch\u00f4mage, ni les multiples affaires qui touchent le PS, et depuis longtemps notamment dans le Pas-de-Calais, ne seront donc retenus comme une quelconque clef d&#8217;explication. Pire, l&#8217;arithm\u00e9tique semble, elle aussi, compl\u00e8tement oubli\u00e9e, car tous les sondages l&#8217;expriment : au second tour, m\u00eame rassembl\u00e9e, la gauche est non seulement loin derri\u00e8re le FN, mais elle est aussi largement devanc\u00e9e par la droite. Unie ou pas, la gauche dans toutes ses composantes plafonne \u00e0 30%, et c&#8217;est ce bilan l\u00e0 qu&#8217;il faut faire.<\/p>\n<p>Cela fait des ann\u00e9es que l&#8217;argument du vote utile d\u00e8s le premier tour est utilis\u00e9 \u00e0 sati\u00e9t\u00e9 par les responsables socialistes en tout genre. Longtemps, ce r\u00e9flexe a \u00e9t\u00e9 une arme redoutable dans la derni\u00e8re ligne droite \u00e9lectorale pour \u00e9craser la contestation, m\u00eame modeste, \u00e0 gauche. \u00c0 se demander ce qu&#8217;il resterait au PS si les \u00e9lections \u00e9taient \u00e0 la proportionnelle, comme c&#8217;est le cas un peu partout en Europe. Bon c&#8217;est vrai, ils n&#8217;y pensent m\u00eame pas. Mais au-del\u00e0 des pitreries du premier secr\u00e9taire du PS, ce qui est sid\u00e9rant, c&#8217;est la m\u00e9diocrit\u00e9 des ambitions et des pratiques de la direction socialiste au regard de la gravit\u00e9 de la situation. <div id='gallery-1' class='gallery galleryid-9081 gallery-columns-3 gallery-size-thumbnail'><figure class='gallery-item'>\n\t\t\t<div class='gallery-icon landscape'>\n\t\t\t\t<a href='https:\/\/archives.regards.fr\/wp-content\/uploads\/2015\/10\/referendum-cambadelis-home-7b5.jpg'><img loading=\"lazy\" decoding=\"async\" width=\"150\" height=\"150\" src=\"https:\/\/archives.regards.fr\/wp-content\/uploads\/2015\/10\/referendum-cambadelis-home-7b5-150x150.jpg\" class=\"attachment-thumbnail size-thumbnail\" alt=\"referendum-cambadelis-home.jpg\" \/><\/a>\n\t\t\t<\/div><\/figure><figure class='gallery-item'>\n\t\t\t<div class='gallery-icon landscape'>\n\t\t\t\t<a href='https:\/\/archives.regards.fr\/wp-content\/uploads\/2015\/10\/referendum-cambadelis-front-00b.jpg'><img loading=\"lazy\" decoding=\"async\" width=\"150\" height=\"150\" src=\"https:\/\/archives.regards.fr\/wp-content\/uploads\/2015\/10\/referendum-cambadelis-front-00b-150x150.jpg\" class=\"attachment-thumbnail size-thumbnail\" alt=\"referendum-cambadelis-front.jpg\" \/><\/a>\n\t\t\t<\/div><\/figure>\n\t\t<\/div>\n<\/p>\n","protected":false},"excerpt":{"rendered":"<p>Initiative rocambolesque du premier secr\u00e9taire, le sondage sur &#8220;l&#8217;unit\u00e9 de la gauche et des \u00e9cologistes aux \u00e9lections r\u00e9gionales&#8221; est une farce qui vise \u00e0 exon\u00e9rer le PS et le gouvernement de leurs responsabilit\u00e9s dans le fiasco qui s&#8217;annonce.<\/p>\n","protected":false},"author":1097,"featured_media":22511,"comment_status":"open","ping_status":"open","sticky":false,"template":"","format":"standard","meta":{"_themeisle_gutenberg_block_has_review":false,"footnotes":""},"categories":[157],"tags":[390,492],"class_list":["post-9081","post","type-post","status-publish","format-standard","has-post-thumbnail","hentry","category-web","tag-parti-socialiste","tag-regionales-2015"],"_links":{"self":[{"href":"https:\/\/archives.regards.fr\/index.php?rest_route=\/wp\/v2\/posts\/9081","targetHints":{"allow":["GET"]}}],"collection":[{"href":"https:\/\/archives.regards.fr\/index.php?rest_route=\/wp\/v2\/posts"}],"about":[{"href":"https:\/\/archives.regards.fr\/index.php?rest_route=\/wp\/v2\/types\/post"}],"author":[{"embeddable":true,"href":"https:\/\/archives.regards.fr\/index.php?rest_route=\/wp\/v2\/users\/1097"}],"replies":[{"embeddable":true,"href":"https:\/\/archives.regards.fr\/index.php?rest_route=%2Fwp%2Fv2%2Fcomments&post=9081"}],"version-history":[{"count":0,"href":"https:\/\/archives.regards.fr\/index.php?rest_route=\/wp\/v2\/posts\/9081\/revisions"}],"wp:featuredmedia":[{"embeddable":true,"href":"https:\/\/archives.regards.fr\/index.php?rest_route=\/wp\/v2\/media\/22511"}],"wp:attachment":[{"href":"https:\/\/archives.regards.fr\/index.php?rest_route=%2Fwp%2Fv2%2Fmedia&parent=9081"}],"wp:term":[{"taxonomy":"category","embeddable":true,"href":"https:\/\/archives.regards.fr\/index.php?rest_route=%2Fwp%2Fv2%2Fcategories&post=9081"},{"taxonomy":"post_tag","embeddable":true,"href":"https:\/\/archives.regards.fr\/index.php?rest_route=%2Fwp%2Fv2%2Ftags&post=9081"}],"curies":[{"name":"wp","href":"https:\/\/api.w.org\/{rel}","templated":true}]}}