{"id":9059,"date":"2015-10-07T16:47:39","date_gmt":"2015-10-07T14:47:39","guid":{"rendered":"https:\/\/wp.muchomaas.com\/article-eelv-en-option-decroissance\/"},"modified":"2023-06-23T23:20:38","modified_gmt":"2023-06-23T21:20:38","slug":"article-eelv-en-option-decroissance","status":"publish","type":"post","link":"https:\/\/archives.regards.fr\/?p=9059","title":{"rendered":"EELV en option d\u00e9croissance"},"content":{"rendered":"<p class=\"post_excerpt\">Plomb\u00e9 par ses dissensions, ses incoh\u00e9rences et ses d\u00e9fections, le parti \u00e9cologiste a perdu la formule qui lui avait assur\u00e9 une place importante dans le paysage politique. Au point que son existence elle-m\u00eame semble d\u00e9sormais menac\u00e9e.<\/p>\n<p>Depuis des ann\u00e9es, les \u00e9cologistes fran\u00e7ais nous ont habitu\u00e9 \u00e0 presque tout mais, surtout, il faut bien le reconna\u00eetre, au pire : intrigues picrocholines, r\u00e9volutions de palais, chicaneries, app\u00e9tit de pouvoir quasi in\u00e9gal\u00e9 dans son caract\u00e8re ostentatoire le plus brut, le tout pour des r\u00e9alisations \u00e9cologiques de basse intensit\u00e9 \u2013 pour ne pas dire souvent inexistantes. <\/p>\n<p>Ce spectacle r\u00e9current, revivifiant le pire de la IVe R\u00e9publique, est en voie d&#8217;ach\u00e8vement tant la crise qui traverse EELV depuis cet \u00e9t\u00e9 pourrait bien avoir un caract\u00e8re d\u00e9finitif. Car c&#8217;est bien l&#8217;existence m\u00eame du parti \u00e9cologiste qui para\u00eet d\u00e9sormais menac\u00e9e<\/p>\n<h2>Les rois du p\u00e9trole<\/h2>\n<p>Avec talent, les \u00e9cologistes ont longtemps sembl\u00e9 d\u00e9tenir la martingale \u00e9lectorale. Alli\u00e9s fid\u00e8les du Parti socialiste, ils ont b\u00e9n\u00e9fici\u00e9 \u00e0 plein de la capacit\u00e9 de ce dernier \u00e0 distribuer postes, pr\u00e9bendes et circonscriptions. Le PS a su r\u00e9compenser les personnalit\u00e9s \u00e9cologistes les plus m\u00e9ritantes d&#8217;un mandat de s\u00e9nateur \u2013 Jean-Vincent Plac\u00e9 apr\u00e8s Dominique Voynet sont les plus connus. Mieux, l&#8217;accord n\u00e9goci\u00e9 entre C\u00e9cile Duflot et Martine Aubry, alors premi\u00e8re secr\u00e9taire du PS pour les \u00e9lections l\u00e9gislatives de 2012, a permis, pour la premi\u00e8re fois, de constituer un groupe \u00e9cologiste de dix-huit membres \u00e0 l&#8217;Assembl\u00e9e nationale. Seules les mauvaises langues, perfides voire fielleuses, pourraient croire qu&#8217;au del\u00e0 des convictions \u00e9cologistes de la maire de Lille, il y avait aussi un march\u00e9 pour la primaire socialiste. <\/p>\n<p>Car en r\u00e9alit\u00e9, EELV, en tout cas sa direction, n&#8217;a jamais \u00e9t\u00e9 bien d\u00e9rangeante pour tout ce qui fait le miel des politiques lib\u00e9rales. Europ\u00e9ens b\u00e9ats, ils ont \u00e9t\u00e9 des artisans belliqueux du &#8220;oui&#8221; de tous les trait\u00e9s. Discrets sur les restructurations industrielles et plus g\u00e9n\u00e9ralement sur la plupart des questions sociales, ils ont su, en revanche, d\u00e9fendre avec \u00e2pret\u00e9 le cadre de vie de tous ceux qui ne paient pas la crise. Si, si, il y en a, il suffit de se rapprocher des centres-villes. Halte l\u00e0, me dira-t-on ! Mauvaise foi caract\u00e9ris\u00e9e et non, l&#8217;\u00e9colo barbu des ann\u00e9es 80 n&#8217;est pas l&#8217;anc\u00eatre du hipster gentrifi\u00e9. Bien s\u00fbr, toute r\u00e8gle souffre ses exceptions et quelqu&#8217;un comme No\u00ebl Mam\u00e8re ne rel\u00e8ve pas d&#8217;un tableau ainsi bross\u00e9. La preuve, d&#8217;ailleurs, c&#8217;est qu&#8217;il a quitt\u00e9 ce bateau ivre depuis plus de deux ans.<\/p>\n<p>Tout en \u00e9tant d&#8217;ind\u00e9fectibles alli\u00e9s du PS, les \u00e9cologistes ont su surfer sur les pr\u00e9occupations \u00e9cologiques croissantes d&#8217;une partie de la population. Attentif \u00e0 leur label bio, EELV n&#8217;a eu de cesse, contre toute \u00e9vidence, de clamer qu&#8217;elle \u00e9tait l&#8217;unique d\u00e9tentrice de la dimension \u00e9colo dans le paysage politique fran\u00e7ais \u2013 avec un certain succ\u00e8s, il faut le reconna\u00eetre.<br \/>\nMais c&#8217;\u00e9tait le bon temps.<\/p>\n<h2>Plus dure est la chute<\/h2>\n<p>La force et la limite de EELV est d&#8217;avoir \u00e9t\u00e9 l&#8217;expression politique d&#8217;une galaxie \u00e9cologiste extr\u00eamement diverse. Si l&#8217;on excepte le cas particulier des courants de la d\u00e9croissance et les scories marqu\u00e9es \u00e0 droite comme Cap21, EELV avait r\u00e9ussi \u00e0 h\u00e9g\u00e9moniser toute la mouvance \u00e9colo et sa multiplicit\u00e9 d&#8217;associations. Une h\u00e9t\u00e9rog\u00e9n\u00e9it\u00e9 qui, telle une publicit\u00e9 d&#8217;\u00c9vian, se voyait tant \u00e0 l&#8217;ext\u00e9rieur qu&#8217;\u00e0 l&#8217;int\u00e9rieur du parti. Il n&#8217;est pas si simple pour un parti d&#8217;\u00e0 peine quelques milliers d&#8217;adh\u00e9rents de faire cohabiter en son sein des militants dont certains pourraient \u00eatre \u00e0 la gauche du Front de gauche et d&#8217;autres entre le Modem et l&#8217;UDI. Mais, bon an, mal an, l&#8217;improbable attelage tenait bon. L&#8217;\u00e9lection de Fran\u00e7ois Hollande et l&#8217;entr\u00e9e des \u00e9cologistes dans son gouvernement sont venues bousculer ce bel ordonnancement. <\/p>\n<p>D&#8217;abord sur le c\u0153ur de m\u00e9tier d&#8217;EELV, car le moins qu&#8217;on puisse dire, c&#8217;est que les diff\u00e9rents gouvernements de Fran\u00e7ois Hollande ne brillent pas par leurs pr\u00e9occupations \u00e9cologiques. D\u00e8s le d\u00e9but du quinquennat, le premier ministre Jean-Marc Ayrault, principal artisan du projet de Notre-Dame-des-Landes, s&#8217;est empress\u00e9 de d\u00e9barquer sa ministre de l&#8217;Environnement, Delphine Batho, qui avait protest\u00e9 contre la faiblesse de son budget. Reconnaissons que le pr\u00e9sident a depuis fait beaucoup mieux, avec un certain sens de la provocation. Ainsi \u00e0 quelques encablures de la COP21, coup sur coup ont \u00e9t\u00e9 annonc\u00e9s la mise en place des bus Macron, l&#8217;abandon de la fermeture de Fessenheim et la d\u00e9livrance de permis d&#8217;exploitation d&#8217;hydrocarbures en r\u00e9gion parisienne et dans l&#8217;Est de la France. Il n&#8217;y a pas \u00e0 dire, respect.<\/p>\n<p>Mais au-del\u00e0 du paradigme \u00e9cologiste, il a bien fallu se positionner sur le fond des questions \u00e9conomiques, sur la politique d&#8217;aust\u00e9rit\u00e9 et finalement sur la question de l&#8217;appartenance gouvernementale. Il serait beaucoup trop r\u00e9ducteur de r\u00e9duire cette derni\u00e8re \u00e0 l&#8217;aspiration de quelques-uns \u00e0 devenir ministres. Non pas que l&#8217;app\u00e9tit n&#8217;existe pas, certains sont m\u00eame visiblement affam\u00e9s, mais le positionnement sur ces questions traduit d&#8217;abord la place de chacun sur l&#8217;\u00e9chelle gauche-droite. \u00c0 l&#8217;instar d&#8217;un Cohn-Bendit, pr\u00eat \u00e0 gouverner avec Angela Merkel en Allemagne, nombre de dirigeants \u00e9cologistes se retrouvent bien dans la politique lib\u00e9rale du gouvernement, voire pire. \u00c0 l&#8217;autre bout de l&#8217;\u00e9chiquier, la base d&#8217;EELV est apparue plus radicale que son groupe parlementaire, se positionnant clairement pour la sortie du gouvernement et imposant un accord avec le Front de gauche dans 51% des cantons. Au regard de la politique men\u00e9e par Hollande, une telle contradiction n&#8217;\u00e9tait pas tenable et ne pouvait se conclure que par des d\u00e9parts.<\/p>\n<h2>Strat\u00e9gie du d\u00e9litement<\/h2>\n<p>Plut\u00f4t qu&#8217;\u00e0 une coupure nette, c&#8217;est \u00e0 un lent d\u00e9litement que nous assistons depuis des mois. Quasiment pas une semaine sans l&#8217;annonce d&#8217;une nouvelle d\u00e9mission d&#8217;un parlementaire ou d&#8217;un responsable r\u00e9gional d&#8217;EELV. Le projet du nouveau parti, Ecologistes ! <a href=\"http:\/\/www.bfmtv.com\/politique\/jean-vincent-place-et-francois-de-rugy-lancent-leur-nouveau-parti-919690.html\">lanc\u00e9 par Fran\u00e7ois de Rugy et Jean-Vincent Plac\u00e9<\/a> est clair : <em>\u00ab Une \u00e9cologie pragmatique, r\u00e9aliste et positive \u00bb<\/em>. En clair, des alliances partout o\u00f9 c&#8217;est possible avec les socialistes pour les r\u00e9gionales, en attendant mieux. Car le m\u00eame de Rugy a d&#8217;ores et d\u00e9j\u00e0 annonc\u00e9 qu&#8217;il r\u00eavait <em>\u00ab d&#8217;union avec les mod\u00e9r\u00e9s de la droite et de l&#8217;UDI \u00bb<\/em> : on suppose que le scrutin de 2017 \u00e9tant incertain, autant avoir deux fers au feu. <\/p>\n<p>Du c\u00f4t\u00e9 de la maison m\u00e8re, la situation devient critique. D\u00e9j\u00e0, en juin, avant m\u00eame les d\u00e9missions, il avait fallu mettre en vente le si\u00e8ge national d&#8217;EELV, trop grand. On imagine que, depuis, les pas r\u00e9sonnent. Surtout, \u00e0 ces probl\u00e8mes organisationnels multiples, s&#8217;ajoute la chute libre dans tous les sondages d&#8217;opinion. Les Fran\u00e7ais, fatigu\u00e9s par le spectacle du parti \u00e9cologiste, confront\u00e9s \u00e0 des probl\u00e8mes sociaux pour lesquels EELV n&#8217;a jamais song\u00e9 \u00e0 apporter un embryon de r\u00e9ponse, semblent se d\u00e9tourner du parti \u00e9cologiste. <\/p>\n<p>En \u00cele-de-France, la candidature d&#8217;Emma Cosse semble particuli\u00e8rement plomb\u00e9e. Ce sont d\u00e9j\u00e0 pr\u00e8s d&#8217;un tiers des candidats de la liste EELV qui ont d\u00e9missionn\u00e9. La dynamique, ou plut\u00f4t son absence, est telle qu&#8217;il devient l\u00e9gitime de se demander si cette candidature ira au bout. Signe des temps, Emma Cosse, qui autrefois avec Act Up jetait des poches de sang sur les chemises blanches des patrons de l&#8217;industrie pharmaceutique, d\u00e9fend d\u00e9sormais, en toute \u00e9cologie, celles d&#8217;Air France : <em>\u00ab La violence de certains salari\u00e9s condamne leur col\u00e8re et condamne toute possibilit\u00e9 de dialogue \u00bb.<\/em><br \/>\n<div id='gallery-1' class='gallery galleryid-9059 gallery-columns-3 gallery-size-thumbnail'><figure class='gallery-item'>\n\t\t\t<div class='gallery-icon landscape'>\n\t\t\t\t<a href='https:\/\/archives.regards.fr\/wp-content\/uploads\/2015\/10\/eelv-decrois8eb4-157.jpg'><img loading=\"lazy\" decoding=\"async\" width=\"150\" height=\"150\" src=\"https:\/\/archives.regards.fr\/wp-content\/uploads\/2015\/10\/eelv-decrois8eb4-157-150x150.jpg\" class=\"attachment-thumbnail size-thumbnail\" alt=\"eelv-decrois8eb4.jpg\" \/><\/a>\n\t\t\t<\/div><\/figure>\n\t\t<\/div>\n<\/p>\n","protected":false},"excerpt":{"rendered":"<p>Plomb\u00e9 par ses dissensions, ses incoh\u00e9rences et ses d\u00e9fections, le parti \u00e9cologiste a perdu la formule qui lui avait assur\u00e9 une place importante dans le paysage politique. Au point que son existence elle-m\u00eame semble d\u00e9sormais menac\u00e9e.<\/p>\n","protected":false},"author":1097,"featured_media":22480,"comment_status":"open","ping_status":"open","sticky":false,"template":"","format":"standard","meta":{"_themeisle_gutenberg_block_has_review":false,"footnotes":""},"categories":[6],"tags":[457],"class_list":["post-9059","post","type-post","status-publish","format-standard","has-post-thumbnail","hentry","category-actu","tag-eelv"],"_links":{"self":[{"href":"https:\/\/archives.regards.fr\/index.php?rest_route=\/wp\/v2\/posts\/9059","targetHints":{"allow":["GET"]}}],"collection":[{"href":"https:\/\/archives.regards.fr\/index.php?rest_route=\/wp\/v2\/posts"}],"about":[{"href":"https:\/\/archives.regards.fr\/index.php?rest_route=\/wp\/v2\/types\/post"}],"author":[{"embeddable":true,"href":"https:\/\/archives.regards.fr\/index.php?rest_route=\/wp\/v2\/users\/1097"}],"replies":[{"embeddable":true,"href":"https:\/\/archives.regards.fr\/index.php?rest_route=%2Fwp%2Fv2%2Fcomments&post=9059"}],"version-history":[{"count":0,"href":"https:\/\/archives.regards.fr\/index.php?rest_route=\/wp\/v2\/posts\/9059\/revisions"}],"wp:featuredmedia":[{"embeddable":true,"href":"https:\/\/archives.regards.fr\/index.php?rest_route=\/wp\/v2\/media\/22480"}],"wp:attachment":[{"href":"https:\/\/archives.regards.fr\/index.php?rest_route=%2Fwp%2Fv2%2Fmedia&parent=9059"}],"wp:term":[{"taxonomy":"category","embeddable":true,"href":"https:\/\/archives.regards.fr\/index.php?rest_route=%2Fwp%2Fv2%2Fcategories&post=9059"},{"taxonomy":"post_tag","embeddable":true,"href":"https:\/\/archives.regards.fr\/index.php?rest_route=%2Fwp%2Fv2%2Ftags&post=9059"}],"curies":[{"name":"wp","href":"https:\/\/api.w.org\/{rel}","templated":true}]}}