{"id":9051,"date":"2015-10-06T11:44:59","date_gmt":"2015-10-06T09:44:59","guid":{"rendered":"https:\/\/wp.muchomaas.com\/article-syrie-une-intervention-sans\/"},"modified":"2023-06-23T23:20:37","modified_gmt":"2023-06-23T21:20:37","slug":"article-syrie-une-intervention-sans","status":"publish","type":"post","link":"https:\/\/archives.regards.fr\/?p=9051","title":{"rendered":"Syrie, une intervention sans strat\u00e9gie globale"},"content":{"rendered":"<p class=\"post_excerpt\">En Syrie, la France a fait le choix de frappes a\u00e9riennes contre l&#8217;\u00c9tat islamique. Si la cible para\u00eet l\u00e9gitime, les finalit\u00e9s de cette action restent floues. Vendredi \u00e0 Paris, des chercheurs, diplomates et militaires l&#8217;ont analys\u00e9e, sans s&#8217;accorder.<\/p>\n<p>La guerre syrienne ne se maintiendra d\u00e9finitivement pas dans les fronti\u00e8res h\u00e9rit\u00e9es du XXe si\u00e8cle. C&#8217;est l&#8217;une des le\u00e7ons de la &#8220;crise des r\u00e9fugi\u00e9s&#8221; qui ces derni\u00e8res semaines a provoqu\u00e9 une grosse pouss\u00e9e de fi\u00e8vre europ\u00e9enne. Et sembl\u00e9 pr\u00e9cipiter l&#8217;intervention sur place de quelques puissances continentales. Dimanche 27 septembre, les frappes fran\u00e7aises sur des centres d&#8217;entra\u00eenement de l&#8217;organisation de l&#8217;\u00c9tat islamique (EI) en Syrie ont officiellement commenc\u00e9. Et mercredi dernier, Moscou faisait savoir que ses forces a\u00e9riennes \u00e9taient \u00e9galement entr\u00e9es en action dans le ciel syrien pour une dur\u00e9e estim\u00e9e \u00e0 <em>\u00ab trois \u00e0 quatre mois \u00bb<\/em>. <\/p>\n<p>Largement \u00e9voqu\u00e9e lors de la 70e Assembl\u00e9e g\u00e9n\u00e9rale de l&#8217;ONU qui s&#8217;est tenue fin septembre, la situation a encore fait l&#8217;objet d&#8217;un \u00e9change entre Fran\u00e7ois Hollande et Vladimir Poutine vendredi 2 octobre \u00e0 l&#8217;\u00c9lys\u00e9e. Entre eux passe une ligne de fracture politique : combattre Assad au m\u00eame titre que l&#8217;EI ou le soutenir face \u00e0 un cartel d&#8217;organisations &#8220;terroristes&#8221; dont l&#8217;EI et al Nosra seraient les principaux piliers? <\/p>\n<h2>La Syrie, t\u00e9moin du nouveau d\u00e9sordre mondial<\/h2>\n<p>\u00c0 la tribune des Nations unies, Fran\u00e7ois Hollande est rest\u00e9 camp\u00e9 sur une position r\u00e9solument anti-Assad, consid\u00e9rant en substance qu&#8217;un homme qui a cr\u00e9\u00e9 le probl\u00e8me ne peut pas faire partie de la solution. Moscou, lui, a choisi de frapper indistinctement tous les opposants au r\u00e9gime, assumant son d\u00e9sajustement avec Paris, Londres et Washington mais renfor\u00e7ant ainsi ses liens avec le grand revenant r\u00e9gional, l&#8217;Iran, r\u00e9habilit\u00e9 sur la sc\u00e8ne internationale depuis l&#8217;accord du 14 juillet sur le nucl\u00e9aire. Un antagonisme qui accro\u00eet le risque d&#8217;une polarisation chiite \/ sunnite dans la r\u00e9gion. Et qui, plus de quatre ans apr\u00e8s le d\u00e9but d&#8217;une guerre ayant caus\u00e9 la mort de pr\u00e8s de 250.000 personnes [[D\u00e9but ao\u00fbt, l&#8217;Observatoire syrien des droits de l&#8217;homme en recensait un peu plus de 240.000.]], contribue \u00e0 faire de la Syrie un pays t\u00e9moin et pivot du nouveau d\u00e9sordre mondial.<\/p>\n<p>L&#8217;\u00e9mergence, il y a moins de deux ans, de l&#8217;EI, cet objet politique monstrueux \u2013 <em>\u00ab sorti du cul des am\u00e9ricains \u00bb<\/em> pour reprendre l&#8217;expression fleurie d&#8217;un universitaire \u00e9tats-unien \u2013 h\u00e9rit\u00e9 de l&#8217;histoire r\u00e9cente [[Lire <em>Le pi\u00e8ge Daech L&#8217;Etat islamique ou le retour de l&#8217;Histoire<\/em>, de Pierre-Jean Luizard (La D\u00e9couverte, Paris, 2015)]] avait d\u00e9j\u00e0 suscit\u00e9 des r\u00e9actions occidentales. Jusqu&#8217;\u00e0 la mise en place en septembre 2014 d&#8217;une coalition pour intervenir dans le ciel irakien. Impliqu\u00e9e dans cette coalition [[lire l&#8217;interview d&#8217;Alain Gresh: <a href=\"https:\/\/wp.muchomaas.com\/web\/moyen-orient-alain-gresh-nous,7953\"><em>&#8220;Ceux qui pensent que l&#8217;intervention militaire est une solution politique devraient r\u00e9fl\u00e9chir&#8221;<\/em><\/a> ]] \u2013 op\u00e9ration Chammal : sept cents militaires, six Rafale, six Mirage et une fr\u00e9gate anti-a\u00e9rienne \u2013 La France expliquait alors qu&#8217;il n&#8217;\u00e9tait pas question d&#8217;intervenir en Syrie. Un an plus tard, elle s&#8217;y lance. <\/p>\n<p>Selon le ministre de la D\u00e9fense Jean-Yves Le Drian, trois \u00e9l\u00e9ments expliquent ce qu&#8217;il consid\u00e8re comme une <em>\u00ab inflexion \u00bb<\/em> plut\u00f4t qu&#8217;un <em>\u00ab changement de doctrine \u00bb<\/em> : l&#8217;emprise grandissante de l&#8217;EI dans la r\u00e9gion, au point de menacer le Liban ; la certitude que se forment sur place des combattants destin\u00e9s \u00e0 frapper en Europe et en France ; et le fait que d\u00e9sormais frapper l&#8217;EI n&#8217;implique plus n\u00e9cessairement de favoriser Bachar militairement. Le ministre avance que <em>\u00ab le cadre l\u00e9gal (de cette intervention) est l\u2019article 51 de la charte des Nations unies qui porte sur la l\u00e9gitime d\u00e9fense \u00bb<\/em> [[Lire son <a href=\"http:\/\/www.lemonde.fr\/proche-orient\/article\/2015\/09\/18\/jean-yves-le-drian-il-existe-des-centres-de-formation-des-combattants-etrangers-en-syrie_4762295_3218.html \">entretien<\/a> dans <em>Le Monde<\/em> du 18 septembre.]].<\/p>\n<h2>Un manque de vision politique<\/h2>\n<p>Cette &#8220;l\u00e9gitime d\u00e9fense&#8221; dont on voit bien quels \u00e9v\u00e9nements r\u00e9cents permettent de l&#8217;invoquer r\u00e9sonne malgr\u00e9 tout comme un aveu de manque de vision politique et strat\u00e9gique dans la r\u00e9gion. C&#8217;est ce qu&#8217;ont soulign\u00e9 certains intervenants, lors du colloque organis\u00e9 le 2 octobre \u00e0 Paris par l&#8217;IReMMO et Orient XXI, sur le th\u00e8me &#8220;La France a-t-elle encore une politique au Moyen-Orient ?&#8221;<\/p>\n<p>Enseignant \u00e0 l&#8217;IEP de Paris, Bertrand Badie [[Bertrand Badie est l&#8217;auteur du r\u00e9cent ouvrage <em>Un monde en souffrances ambivalence de la mondialisation<\/em> (Ed Salvatore, Paris, 2015).]] souligne que <em>\u00ab la logique du<\/em> containment <em>ne fait sens que si elle s&#8217;inscrit dans un projet politique global, elle ne peut pas en \u00eatre dissoci\u00e9e. Or la communaut\u00e9 internationale ne sait pas faire usage de l&#8217;intervention, ni sur le plan juridique, ni sur le plan politique, ni sur le plan strat\u00e9gique (\u2026) et plus personne ne nous explique la fin des choses. Aujourd&#8217;hui, quelle est la finalit\u00e9 politique de cette intervention ? S&#8217;agit-il de mettre fin \u00e0 la violence, de la contenir, de changer les personnes, les dirigeants, le r\u00e9gime ? Que cherche-t-on au juste en Irak et en Syrie ? \u00bb<\/em>, interroge le chercheur. <\/p>\n<p>Des interrogations auxquelles a abond\u00e9, en <em>\u00ab praticien \u00bb<\/em>, l&#8217;amiral Edouard Guillaud, chef d&#8217;\u00e9tat-major des arm\u00e9es de janvier 2010 \u00e0 janvier 2014 : <em>\u00ab une intervention a un avant et un apr\u00e8s. Si on oublie cela, les r\u00e9sultats sont dramatiques. Il faut avoir une id\u00e9e de l&#8217;<\/em> end state, <em>l&#8217;\u00e9tat final recherch\u00e9. Intervenir sans savoir pourquoi on intervient, c&#8217;est vou\u00e9 \u00e0 l&#8217;\u00e9chec, comme on a pu le constater avec les am\u00e9ricains en Irak \u00bb<\/em>, souligne le militaire, insistant sur la dimension multifactorielle de la situation sur place o\u00f9  <em>\u00ab diff\u00e9rentes grilles de lecture se superposent : religieuse, ethnique, soci\u00e9tale (b\u00e9douins, agriculteurs), g\u00e9ographique, \u00e9conomique (eau, p\u00e9trole, ressources selon les zones), et politique (anciens empires) \u00bb<\/em> qui rendent, selon lui, impossible de <em>\u00ab rentrer dans un syst\u00e8me rationnel de gestion des conflits arm\u00e9s \u00bb<\/em> et entra\u00eenent in\u00e9vitablement des <em>\u00ab interventions dissym\u00e9triques \u00bb<\/em>. <\/p>\n<h2>Stabilit\u00e9 vs chaos<\/h2>\n<p>\u00c0 rebours, Michel Duclos, ancien ambassadeur de France \u00e0 Damas a, lui, \u00e9num\u00e9r\u00e9 les ressorts du positionnement anti-Assad persistant de Paris, consid\u00e9rant que le vrai facteur structurant en est <em>\u00ab le jugement politique et strat\u00e9gique (de Paris) qui consid\u00e8re que la mani\u00e8re dont Assad a g\u00e9r\u00e9 la r\u00e9volte conduit \u00e0 l&#8217;approfondissement de cette r\u00e9volte ; que plus la r\u00e9volte monte en puissance, plus la r\u00e9gion est d\u00e9stabilis\u00e9e ; que cet homme est donc dangereux pour la r\u00e9gion, pour son peuple et pour nous puisque \u00e7a se traduit en bout de course par des risques d&#8217;attentat ici \u00bb<\/em>. Pour lui, <em>\u00ab les critiques \u00bb<\/em> faites \u00e0 cette ligne politique du minist\u00e8re sont pour beaucoup des <em>\u00ab faux proc\u00e8s \u00bb<\/em> et ne proposent <em>\u00ab aucune issue op\u00e9rationnelle \u00bb<\/em> satisfaisante.<\/p>\n<p>Directeur du Centre d&#8217;analyse, de pr\u00e9vision et de strat\u00e9gie (CAPS), sorte de think tank du Quai d&#8217;Orsay, Justin Vaisse d\u00e9fend lui aussi les positions et l&#8217;intervention fran\u00e7aise, invitant \u00e0 syst\u00e9matiser les analyses <em>\u00ab contrefactuelles \u00bb<\/em> (se demander \u00e0 chaque fois ce qui ce serait advenu sans intervention) et la pratique du <em>\u00ab cons\u00e9quentialisme \u00bb<\/em>, le plus important \u00e9tant pour lui de voir si <em>\u00ab dans le sillage des arm\u00e9es qui interviennent, on laisse de la stabilit\u00e9 et moins de morts, ou le chaos \u00bb<\/em>. <\/p>\n<p>S&#8217;extirpant des enjeux imm\u00e9diats d&#8217;une situation r\u00e9gionale dont Jean-Paul Chagnollaud, le directeur de l&#8217;IReMMO, a rappel\u00e9 qu&#8217;elle n&#8217;\u00e9tait pas le r\u00e9sultat d&#8217;une simple <em>\u00ab crise \u00bb<\/em> mais bien d&#8217;un <em>\u00ab basculement historique \u00bb<\/em>, la juriste Monique Chemillier-Gendreau invite, elle, \u00e0 <em>\u00ab se projeter dans un temps un peu plus long \u00bb<\/em>, d\u00e9pla\u00e7ant le curseur de fa\u00e7on stimulante : <em>\u00ab Ce que la France pourrait faire de mieux, et cela renouerait avec le meilleur de son histoire, c&#8217;est de prendre l&#8217;initiative de reconstruire les m\u00e9canismes de s\u00e9curit\u00e9 collective qui ont failli \u00bb<\/em>. Soit la remise en chantier d&#8217;une ONU efficiente. Un projet politique d&#8217;ampleur, aux antipodes de l&#8217;accueil angoiss\u00e9 des r\u00e9fugi\u00e9s syriens et de la &#8220;l\u00e9gitime d\u00e9fense&#8221; brandie comme un objectif en soi.<div id='gallery-1' class='gallery galleryid-9051 gallery-columns-3 gallery-size-thumbnail'><figure class='gallery-item'>\n\t\t\t<div class='gallery-icon landscape'>\n\t\t\t\t<a href='https:\/\/archives.regards.fr\/wp-content\/uploads\/2015\/10\/syrie-france1508-5a8.jpg'><img loading=\"lazy\" decoding=\"async\" width=\"150\" height=\"150\" src=\"https:\/\/archives.regards.fr\/wp-content\/uploads\/2015\/10\/syrie-france1508-5a8-150x150.jpg\" class=\"attachment-thumbnail size-thumbnail\" alt=\"syrie-france1508.jpg\" \/><\/a>\n\t\t\t<\/div><\/figure>\n\t\t<\/div>\n<\/p>\n","protected":false},"excerpt":{"rendered":"<p>En Syrie, la France a fait le choix de frappes a\u00e9riennes contre l&#8217;\u00c9tat islamique. Si la cible para\u00eet l\u00e9gitime, les finalit\u00e9s de cette action restent floues. Vendredi \u00e0 Paris, des chercheurs, diplomates et militaires l&#8217;ont analys\u00e9e, sans s&#8217;accorder.<\/p>\n","protected":false},"author":558,"featured_media":22470,"comment_status":"open","ping_status":"open","sticky":false,"template":"","format":"standard","meta":{"_themeisle_gutenberg_block_has_review":false,"footnotes":""},"categories":[157],"tags":[333,417],"class_list":["post-9051","post","type-post","status-publish","format-standard","has-post-thumbnail","hentry","category-web","tag-proche-et-moyen-orient","tag-syrie"],"_links":{"self":[{"href":"https:\/\/archives.regards.fr\/index.php?rest_route=\/wp\/v2\/posts\/9051","targetHints":{"allow":["GET"]}}],"collection":[{"href":"https:\/\/archives.regards.fr\/index.php?rest_route=\/wp\/v2\/posts"}],"about":[{"href":"https:\/\/archives.regards.fr\/index.php?rest_route=\/wp\/v2\/types\/post"}],"author":[{"embeddable":true,"href":"https:\/\/archives.regards.fr\/index.php?rest_route=\/wp\/v2\/users\/558"}],"replies":[{"embeddable":true,"href":"https:\/\/archives.regards.fr\/index.php?rest_route=%2Fwp%2Fv2%2Fcomments&post=9051"}],"version-history":[{"count":0,"href":"https:\/\/archives.regards.fr\/index.php?rest_route=\/wp\/v2\/posts\/9051\/revisions"}],"wp:featuredmedia":[{"embeddable":true,"href":"https:\/\/archives.regards.fr\/index.php?rest_route=\/wp\/v2\/media\/22470"}],"wp:attachment":[{"href":"https:\/\/archives.regards.fr\/index.php?rest_route=%2Fwp%2Fv2%2Fmedia&parent=9051"}],"wp:term":[{"taxonomy":"category","embeddable":true,"href":"https:\/\/archives.regards.fr\/index.php?rest_route=%2Fwp%2Fv2%2Fcategories&post=9051"},{"taxonomy":"post_tag","embeddable":true,"href":"https:\/\/archives.regards.fr\/index.php?rest_route=%2Fwp%2Fv2%2Ftags&post=9051"}],"curies":[{"name":"wp","href":"https:\/\/api.w.org\/{rel}","templated":true}]}}