{"id":9045,"date":"2015-10-02T14:23:06","date_gmt":"2015-10-02T12:23:06","guid":{"rendered":"https:\/\/wp.muchomaas.com\/article-macron-la-collection\/"},"modified":"2023-06-23T23:20:36","modified_gmt":"2023-06-23T21:20:36","slug":"article-macron-la-collection","status":"publish","type":"post","link":"https:\/\/archives.regards.fr\/?p=9045","title":{"rendered":"Macron, la collection"},"content":{"rendered":"<p class=\"post_excerpt\">Le ministre de l&#8217;\u00c9conomie \u00e9tant une v\u00e9ritable machine \u00e0 d\u00e9biter des provocations plus ou moins volontaires, il devenait urgent de les compiler pour les historiens du futur. Best of, \u00e0 date.<\/p>\n<p><em> <strong><em>SCIENCES POLITIQUES<br \/>\n<\/strong><\/em> <\/em><\/p>\n<p><em>\u00ab Il y aura des moments difficiles avec l\u2019histoire de la gauche parce que cela supposera de revenir sur des certitudes pass\u00e9es, qui sont, \u00e0 mes yeux, des \u00e9toiles mortes. \u00bb<\/em> (Mediapart, octobre 2013)<\/p>\n<p><em>\u00ab Ce &#8220;socialisme de l\u2019offre&#8221; suppose de revisiter un des r\u00e9flexes de la gauche, selon lequel l\u2019entreprise est le lieu de la lutte des classes. \u00bb <\/em> (Mediapart, octobre 2013)<\/p>\n<p><em>\u00ab On ne peut plus pr\u00e9senter la gauche comme l\u2019extension infinie des droits. \u00bb <\/em> (Mediapart, octobre 2013)<\/p>\n<p><em>\u00ab Le travail du dimanche c\u2019est plus de libert\u00e9 et la libert\u00e9 c\u2019est une valeur de gauche. \u00bb<\/em> (RTL, 11\/12\/2014)<\/p>\n<p><em>\u00ab Le FN est un Syriza \u00e0 la fran\u00e7aise, c\u2019est le repli sur soi. \u00bb<\/em> (La Provence, 06\/07\/2015)<\/p>\n<p><em>\u00ab Il y a dans le processus d\u00e9mocratique et dans son fonctionnement un absent. Dans la politique fran\u00e7aise, cet absent est la figure du roi, dont je pense fondamentalement que le peuple fran\u00e7ais n\u2019a pas voulu la mort. \u00bb <\/em> (Le Point, 08\/07\/2015)<\/p>\n<p><em>\u00ab On va progressivement entrer dans une zone \u2013 on y est d\u00e9j\u00e0 d\u2019ailleurs \u2013 o\u00f9 la justification d\u2019avoir un emploi \u00e0 vie garanti sur des missions qui ne le justifient plus sera de moins en moins d\u00e9fendable. \u00bb <\/em> (19\/09)<\/p>\n<p><em>\u00ab Si on ne s\u2019\u00e9mancipe pas par le travail, je ne sais pas par quoi on s\u2019\u00e9mancipe. \u00bb<\/em> (27\/09\/2015)<\/p>\n<p><em>\u00ab La r\u00e9forme du pays c\u2019est de laisser les gens la faire. \u00bb<\/em> (01netTV, 07\/01\/2016)<\/p>\n<p><em>\u00ab Nous avons une force, c\u2019est que nous avons le CAC 40. Le paradoxe c\u2019est que beaucoup trop de Fran\u00e7ais ne l\u2019aiment pas. \u00bb<\/em> (18\/03\/2016)<\/p>\n<p><em>\u00ab Si on arrive devant les gens dans le contexte politique et social qu\u2019on conna\u00eet en leur disant \u2019j\u2019ai une bonne id\u00e9e, ce matin, on va supprimer ou r\u00e9former l\u2019ISF (&#8230;), \u00e0 mon avis \u00e7a ne va pas plaire \u00e0 tout le monde. \u00bb<\/em> (23\/06\/2016)<\/p>\n<p><em>\u00ab\u00a0Je suis pour les libert\u00e9s sur le plan \u00e9conomique et social. La libert\u00e9 permet une plus grande \u00e9galit\u00e9. \u00bb <\/em> (France Inter, 04\/09\/2016)<\/p>\n<p><em> <\/p>\n<h2>PHILOSOPHIE<\/h2>\n<p> <\/em><\/p>\n<p><em>\u00ab Il faut des jeunes Fran\u00e7ais qui aient envie de devenir milliardaires. \u00bb<\/em> (Les \u00c9chos, 07\/01\/2015)<\/p>\n<p><em>\u00ab Si j\u2019\u00e9tais ch\u00f4meur, je n\u2019attendrais pas tout de l\u2019autre, j\u2019essaierais de me battre d\u2019abord. \u00bb <\/em> (BFMTV, 18\/01\/2015)<\/p>\n<p><em>\u00ab\u00a0Je suis libre et volontaire, je n&#8217;ai pas de plan de carri\u00e8re. \u00bb<\/em> (BFMTV, 18\/02\/2015)<\/p>\n<p><em>\u00ab On ne commence jamais un match de football en pensant que l&#8217;on va perdre. \u00bb<\/em> (BBC, 16\/03\/2015)<\/p>\n<p><em>\u00ab Les jeunes g\u00e9n\u00e9rations veulent devenir entrepreneurs, pas fonctionnaires. \u00bb<\/em> (24\/09\/2015)<\/p>\n<p><em>\u00ab\u00a0Je ne fais pas les unes de la presse people ; la presse people fait des unes sur moi.\u00a0\u00bb<\/em> (France Inter, 04\/09\/2016)<\/p>\n<p><em> <strong><em>&#8220;\u00caTRE DE GAUCHE&#8221;<br \/>\n<\/strong><\/em> <\/em><\/p>\n<p><em>\u00ab Quand on est de gauche, on est contre l\u2019expulsion des \u00e9trangers et pour le pouvoir d\u2019achat des Fran\u00e7ais. Les yeux ferm\u00e9s, j\u2019aurais pu dire la m\u00eame chose il y a 5, 10 ou 15 ans \u2013 ce n\u2019est pas un truc moderne et il n\u2019y a pas d\u2019approche d\u2019ensemble. \u00bb <\/em> (Mediapart, octobre 2013)<\/p>\n<p><em>\u00ab \u00catre de gauche aujourd&#8217;hui, c&#8217;est donner \u00e0 chaque moment de la vie la possibilit\u00e9 d&#8217;avancer, de r\u00e9ussir. \u00bb <\/em> (Twitter, 18\/02\/2015)<\/p>\n<p><em>\u00ab Je dis qu&#8217;il faut que notre jeunesse ait envie de r\u00e9ussir. \u00catre de gauche c&#8217;est combattre la rente et permettre \u00e0 chacun d&#8217;aller plus haut. \u00bb<\/em> (BFMTV, 18\/01\/2015)<\/p>\n<p><em>\u00ab \u00catre de gauche aujourd&#8217;hui, c&#8217;est partir du r\u00e9el, et tout faire pour mettre nos concitoyens en capacit\u00e9 de travailler. \u00bb<\/em> (JDD, 22\/02\/2015)<\/p>\n<p><em>\u00ab Le travail c&#8217;est une valeur de la gauche, pas le conservatisme. \u00bb<\/em> (JDD, 22\/02\/2015)<\/p>\n<p><em>\u00ab Pour moi \u00eatre de gauche c&#8217;est rendre l&#8217;homme capable. \u00bb<\/em> (France 2, 12\/03\/2015)<\/p>\n<p><em>\u00ab Les Fran\u00e7ais se moquent de savoir si je suis socialiste de gauche, de droite ou social-lib\u00e9ral. \u00bb<\/em> (iT\u00e9l\u00e9, 26\/06\/2015)<\/p>\n<p><em>\u00ab J\u2019assume qu\u2019il y ait un lib\u00e9ralisme. Le lib\u00e9ralisme est une valeur de gauche. \u00bb<\/em> (Le Monde, 27\/09\/2015)<\/p>\n<p><em>\u00ab Je suis d\u2019un gouvernement de gauche et je l\u2019assume totalement avec les valeurs auxquelles je crois et ce qui me caract\u00e9rise. Mais je veux travailler avec des gens qui se sentent aujourd\u2019hui \u00e0 droite, aussi. \u00bb<\/em> (06\/04\/2016) <\/p>\n<p><em>\u00ab L\u2019honn\u00eatet\u00e9 m\u2019oblige \u00e0 vous dire que je ne suis pas socialiste. \u00bb<\/em> (19\/08\/2016) <\/p>\n<p><em> <\/p>\n<h2>HUMOUR<\/h2>\n<p> <\/em><\/p>\n<p><em>\u00ab Il y a dans cette soci\u00e9t\u00e9 [Gad] une majorit\u00e9 de femmes. Il y en a qui sont, pour beaucoup, illettr\u00e9es. \u00bb<\/em> (Europe 1, 17\/09\/2014)<\/p>\n<p><em>\u00ab Il y a beaucoup de Fran\u00e7ais et de Fran\u00e7ais qui aimeraient travailler le dimanche pour pr\u00e9cis\u00e9ment pouvoir se payer le cin\u00e9ma. \u00bb<\/em> (RTL, 11\/12\/2014)<\/p>\n<p><em>\u00ab Un groupe de travail planchera pour rendre la p\u00e9nibilit\u00e9 supportable pour les entreprises. \u00bb<\/em> (Radio Classique, 02\/12\/2014) <\/p>\n<p><em>\u00ab Je compte sur vous pour engager plus d\u2019apprentis. C\u2019est d\u00e9sormais gratuit quand ils sont mineurs. \u00bb<\/em> (Universit\u00e9 d\u2019\u00e9t\u00e9 du Medef, 19\/08\/2015)<\/p>\n<p><em>\u00ab <\/em> [ma r\u00e9forme des autocars] <em>est, toutes proportions gard\u00e9es, comme le lait que Pierre Mend\u00e8s France a impos\u00e9 dans les \u00e9coles pour lutter contre la d\u00e9nutrition dans les ann\u00e9es 50. \u00bb<\/em> (Le Parisien, 13\/11\/2015) <\/p>\n<p><em>\u00ab La vie d\u2019un entrepreneur est bien plus dure que celle d\u2019un salari\u00e9. \u00bb<\/em> (RMC, 20\/01\/2016)<\/p>\n<p>[\u00c0 un opposant \u00e0 la loi travail] <em>\u00ab Vous n\u2019allez pas me faire peur avec votre tee-shirt. La meilleure fa\u00e7on de se payer un costard, c\u2019est de travailler. \u00bb<\/em> (27\/05\/2016) <\/p>\n<p><em>\u00ab On ne tutoie pas un ministre, on ne l\u2019invective pas. \u00bb<\/em> (AFP, 31\/05\/2016) <\/p>\n<p><em>\u00ab\u00a0Quand on est jeune, 35 heures, ce n&#8217;est pas long.\u00a0\u00bb<\/em> (L&#8217;Obs, 09\/11\/2016)<div id='gallery-1' class='gallery galleryid-9045 gallery-columns-3 gallery-size-thumbnail'><figure class='gallery-item'>\n\t\t\t<div class='gallery-icon landscape'>\n\t\t\t\t<a href='https:\/\/archives.regards.fr\/wp-content\/uploads\/2015\/10\/macron-colle1375-544.jpg'><img loading=\"lazy\" decoding=\"async\" width=\"150\" height=\"150\" src=\"https:\/\/archives.regards.fr\/wp-content\/uploads\/2015\/10\/macron-colle1375-544-150x150.jpg\" class=\"attachment-thumbnail size-thumbnail\" alt=\"macron-colle1375.jpg\" \/><\/a>\n\t\t\t<\/div><\/figure>\n\t\t<\/div>\n<\/p>\n","protected":false},"excerpt":{"rendered":"<p>Le ministre de l&#8217;\u00c9conomie \u00e9tant une v\u00e9ritable machine \u00e0 d\u00e9biter des provocations plus ou moins volontaires, il devenait urgent de les compiler pour les historiens du futur. Best of, \u00e0 date.<\/p>\n","protected":false},"author":643,"featured_media":22464,"comment_status":"open","ping_status":"open","sticky":false,"template":"","format":"standard","meta":{"_themeisle_gutenberg_block_has_review":false,"footnotes":""},"categories":[157],"tags":[487],"class_list":["post-9045","post","type-post","status-publish","format-standard","has-post-thumbnail","hentry","category-web","tag-emmanuel-macron"],"_links":{"self":[{"href":"https:\/\/archives.regards.fr\/index.php?rest_route=\/wp\/v2\/posts\/9045","targetHints":{"allow":["GET"]}}],"collection":[{"href":"https:\/\/archives.regards.fr\/index.php?rest_route=\/wp\/v2\/posts"}],"about":[{"href":"https:\/\/archives.regards.fr\/index.php?rest_route=\/wp\/v2\/types\/post"}],"author":[{"embeddable":true,"href":"https:\/\/archives.regards.fr\/index.php?rest_route=\/wp\/v2\/users\/643"}],"replies":[{"embeddable":true,"href":"https:\/\/archives.regards.fr\/index.php?rest_route=%2Fwp%2Fv2%2Fcomments&post=9045"}],"version-history":[{"count":0,"href":"https:\/\/archives.regards.fr\/index.php?rest_route=\/wp\/v2\/posts\/9045\/revisions"}],"wp:featuredmedia":[{"embeddable":true,"href":"https:\/\/archives.regards.fr\/index.php?rest_route=\/wp\/v2\/media\/22464"}],"wp:attachment":[{"href":"https:\/\/archives.regards.fr\/index.php?rest_route=%2Fwp%2Fv2%2Fmedia&parent=9045"}],"wp:term":[{"taxonomy":"category","embeddable":true,"href":"https:\/\/archives.regards.fr\/index.php?rest_route=%2Fwp%2Fv2%2Fcategories&post=9045"},{"taxonomy":"post_tag","embeddable":true,"href":"https:\/\/archives.regards.fr\/index.php?rest_route=%2Fwp%2Fv2%2Ftags&post=9045"}],"curies":[{"name":"wp","href":"https:\/\/api.w.org\/{rel}","templated":true}]}}