{"id":8951,"date":"2015-08-27T18:52:55","date_gmt":"2015-08-27T16:52:55","guid":{"rendered":"https:\/\/wp.muchomaas.com\/article-elise-lowy-francois-de-rugy-tire\/"},"modified":"2023-06-23T23:20:24","modified_gmt":"2023-06-23T21:20:24","slug":"article-elise-lowy-francois-de-rugy-tire","status":"publish","type":"post","link":"https:\/\/archives.regards.fr\/?p=8951","title":{"rendered":"\u00c9lise Lowy : \u00ab Fran\u00e7ois de Rugy tire les conclusions de son isolement \u00bb"},"content":{"rendered":"<p class=\"post_excerpt\">Pour \u00c9lise Lowy, conseill\u00e8re r\u00e9gionale, membre du bureau ex\u00e9cutif de EE-LV et porte-voix de La Motion participative, la d\u00e9mission de Fran\u00e7ois de Rugy r\u00e9sulte du soutien \u00e0 une ligne gouvernementale de plus en plus d\u00e9savou\u00e9e au sein du parti \u00e9cologiste.<\/p>\n<p><strong>Regards. Comment avez-vous r\u00e9agi \u00e0 l\u2019annonce de d\u00e9mission de Fran\u00e7ois de Rugy ?<\/strong><\/p>\n<p><strong>\u00c9lise Lowy.<\/strong> Je n\u2019ai pas \u00e9t\u00e9 surprise. C\u2019est un aboutissement logique au regard de ce que l\u2019on voit se profiler depuis des mois. Les lignes bougent \u00e0 l\u2019int\u00e9rieur d\u2019EE-LV et les d\u00e9fenseurs de Fran\u00e7ois Hollande ont perdu du terrain. Fran\u00e7ois de Rugy incarne depuis toujours une orientation proche du PS. Il n\u2019est pas \u00e9tonnant qu&#8217;il tire aujourd&#8217;hui les conclusions de son isolement. Contre vents et mar\u00e9es, il d\u00e9fend la politique lib\u00e9rale et productiviste du gouvernement alors qu\u2019une majorit\u00e9 croissante de militants refuse de soutenir cette orientation pro-gouvernementale, qu\u2019ils soient sur une ligne d\u2019autonomie stricte ou d\u2019alliance avec le Front de gauche. Par ailleurs, Fran\u00e7ois de Rugy n\u2019a pas un sens tr\u00e8s pouss\u00e9 du collectif. Il fait partie de ces \u00e9lus qui privil\u00e9gient une carri\u00e8re tr\u00e8s personnelle.<\/p>\n<p><strong>Est-ce que le timing de son d\u00e9part a \u00e0 voir avec le remaniement qui pourrait se advenir dans les jours ou semaines qui viennent, \u00e0 la suite du d\u00e9part de Fran\u00e7ois Rebsamen ? <\/strong><\/p>\n<p>C\u2019est fort possible. Fran\u00e7ois de Rugy veut donner des gages \u00e0 Fran\u00e7ois Hollande. <\/p>\n<p><em> <\/p>\n<h2> La rupture avec les choix gouvernementaux est consomm\u00e9e, c\u2019est le contour du rassemblement alternatif qui fait d\u00e9bat.<\/h2>\n<p> <\/em><\/p>\n<p><strong>Il est \u00e9tonnant que Fran\u00e7ois de Rugy soit parti seul\u2026 D\u2019autres leaders vont-ils le suivre ? <\/strong><\/p>\n<p>J\u2019attends de voir ce que va faire Jean-Vincent Plac\u00e9, notamment\u2026 Nous n\u2019avons aucun \u00e9l\u00e9ment sur un \u00e9ventuel mouvement collectif dans ce sens. Les probl\u00e8mes de fonctionnement interne ont nous ont emp\u00each\u00e9s de mener une clarification strat\u00e9gique de mani\u00e8re d\u00e9mocratique et collective. C\u2019est ce qu\u2019il faut obtenir rapidement. Nous tenons un Conseil f\u00e9d\u00e9ral \u00e0 la mi-septembre et je crois qu\u2019il est temps que cette clarification strat\u00e9gique ait lieu. Il est important de noter que, dans aucune r\u00e9gion, EE-LV n\u2019est parti dans un t\u00eate-\u00e0-t\u00eate avec le PS. La rupture avec les choix gouvernementaux est consomm\u00e9e, c\u2019est le contour du rassemblement alternatif qui fait d\u00e9bat. S\u2019il ne faut pas brusquer les rythmes militants, je pense qu\u2019EE-LV avance aujourd&#8217;hui dans le bon sens. <\/p>\n<p><strong>Quel bilan tirez vous des journ\u00e9es d\u2019\u00e9t\u00e9 d\u2019EE-LV qui ont \u00e9t\u00e9 traduites par les m\u00e9dias comme un grand moment de brouille interne ? <\/strong><\/p>\n<p>Ce n\u2019est pas la r\u00e9alit\u00e9 de cette universit\u00e9 d\u2019\u00e9t\u00e9. Une bulle m\u00e9diatique s\u2019est cr\u00e9\u00e9e alors que nous n\u2019avons m\u00eame pas vu Jean-Vincent Plac\u00e9 ou Fran\u00e7ois de Rugy ! Les militants ont travaill\u00e9 sur le fond, ont discut\u00e9 des \u00e9lections r\u00e9gionales et des rassemblements \u00e9cologistes ou avec le Front de Gauche, ont pr\u00e9par\u00e9 la COP21 avec la Fondation de l\u2019\u00e9cologie politique, etc. Les d\u00e9bats ont \u00e9t\u00e9 tr\u00e8s riches et n\u2019ont rien eu \u00e0 voir avec la lecture qu&#8217;en ont faite les grands m\u00e9dias. Par ailleurs, dans les pl\u00e9ni\u00e8res et les forums, nous avons constat\u00e9 un int\u00e9r\u00eat notable pour la reconstruction d\u2019une alternative \u00e9colo radicale, qui s\u2019affirme en rupture avec la ligne du PS et du gouvernement. <\/p>\n<p><strong>Que pensez-vous de la candidature de C\u00e9cile Duflot pour 2017 ? <\/strong><\/p>\n<p>La pr\u00e9sidentielle est un pi\u00e8ge qui emp\u00eache d\u2019avancer dans un cadre commun, au sein d\u2019un rassemblement alternatif large, social et \u00e9cologiste. Il faut partir du projet, des militants, et trouver ensuite le ou la candidate appropri\u00e9(e) pour porter cette nouvelle dynamique. La logique des \u00e9go et des clans enferme dans des guerres de personnes qui ne permettront pas de faire du neuf, de susciter de l\u2019enthousiasme, d\u2019\u00eatre \u00e0 la hauteur des enjeux. La candidature commune qu\u2019il nous faut en 2017 doit \u00eatre port\u00e9e par une diversit\u00e9 militante.<br \/>\n<div id='gallery-1' class='gallery galleryid-8951 gallery-columns-3 gallery-size-thumbnail'><figure class='gallery-item'>\n\t\t\t<div class='gallery-icon landscape'>\n\t\t\t\t<a href='https:\/\/archives.regards.fr\/wp-content\/uploads\/2015\/08\/itw-lowyjpg-e931-cf4.jpg'><img loading=\"lazy\" decoding=\"async\" width=\"150\" height=\"150\" src=\"https:\/\/archives.regards.fr\/wp-content\/uploads\/2015\/08\/itw-lowyjpg-e931-cf4-150x150.jpg\" class=\"attachment-thumbnail size-thumbnail\" alt=\"itw-lowyjpg-e931.jpg\" \/><\/a>\n\t\t\t<\/div><\/figure>\n\t\t<\/div>\n<\/p>\n","protected":false},"excerpt":{"rendered":"<p>Pour \u00c9lise Lowy, conseill\u00e8re r\u00e9gionale, membre du bureau ex\u00e9cutif de EE-LV et porte-voix de La Motion participative, la d\u00e9mission de Fran\u00e7ois de Rugy r\u00e9sulte du soutien \u00e0 une ligne gouvernementale de plus en plus d\u00e9savou\u00e9e au sein du parti \u00e9cologiste.<\/p>\n","protected":false},"author":1,"featured_media":22348,"comment_status":"open","ping_status":"open","sticky":false,"template":"","format":"standard","meta":{"_themeisle_gutenberg_block_has_review":false,"footnotes":""},"categories":[157],"tags":[457,293],"class_list":["post-8951","post","type-post","status-publish","format-standard","has-post-thumbnail","hentry","category-web","tag-eelv","tag-entretien"],"_links":{"self":[{"href":"https:\/\/archives.regards.fr\/index.php?rest_route=\/wp\/v2\/posts\/8951","targetHints":{"allow":["GET"]}}],"collection":[{"href":"https:\/\/archives.regards.fr\/index.php?rest_route=\/wp\/v2\/posts"}],"about":[{"href":"https:\/\/archives.regards.fr\/index.php?rest_route=\/wp\/v2\/types\/post"}],"author":[{"embeddable":true,"href":"https:\/\/archives.regards.fr\/index.php?rest_route=\/wp\/v2\/users\/1"}],"replies":[{"embeddable":true,"href":"https:\/\/archives.regards.fr\/index.php?rest_route=%2Fwp%2Fv2%2Fcomments&post=8951"}],"version-history":[{"count":0,"href":"https:\/\/archives.regards.fr\/index.php?rest_route=\/wp\/v2\/posts\/8951\/revisions"}],"wp:featuredmedia":[{"embeddable":true,"href":"https:\/\/archives.regards.fr\/index.php?rest_route=\/wp\/v2\/media\/22348"}],"wp:attachment":[{"href":"https:\/\/archives.regards.fr\/index.php?rest_route=%2Fwp%2Fv2%2Fmedia&parent=8951"}],"wp:term":[{"taxonomy":"category","embeddable":true,"href":"https:\/\/archives.regards.fr\/index.php?rest_route=%2Fwp%2Fv2%2Fcategories&post=8951"},{"taxonomy":"post_tag","embeddable":true,"href":"https:\/\/archives.regards.fr\/index.php?rest_route=%2Fwp%2Fv2%2Ftags&post=8951"}],"curies":[{"name":"wp","href":"https:\/\/api.w.org\/{rel}","templated":true}]}}