{"id":8942,"date":"2015-08-25T17:08:43","date_gmt":"2015-08-25T15:08:43","guid":{"rendered":"https:\/\/wp.muchomaas.com\/article-pour-la-gauche-europeenne-le\/"},"modified":"2023-06-23T23:20:23","modified_gmt":"2023-06-23T21:20:23","slug":"article-pour-la-gauche-europeenne-le","status":"publish","type":"post","link":"https:\/\/archives.regards.fr\/?p=8942","title":{"rendered":"Pour la gauche europ\u00e9enne, le chantier du plan B"},"content":{"rendered":"<p class=\"post_excerpt\">Ni sortie de l\u2019euro, ni soumission \u00e0 la dictature financi\u00e8re : l&#8217;espoir rena\u00eet que les gauches europ\u00e9ennes, press\u00e9es par l\u2019exemple grec, s\u2019unissent pour proposer une alternative radicale \u00e0 la construction europ\u00e9enne actuelle. <\/p>\n<p>L\u2019\u00e9v\u00e9nement \u00e9tait pass\u00e9 inaper\u00e7u, et pourtant, en signant la <a href=\" http:\/\/www.eldiario.es\/catalunya\/politica\/Syriza-IU-ICV-Barcelona-Europa_0_349265382.html\">D\u00e9claration de Barcelone<\/a> en janvier dernier, Syriza, Izquierda unida (Gauche unie) et Iniciativa per Catalunya Verds (ICV, \u00e9cologistes catalans) impulsaient l\u2019id\u00e9e d\u2019une collaboration internationale des gauches radicales pour lutter contre l\u2019Europe n\u00e9olib\u00e9rale par l\u2019arme d\u00e9mocratique. Depuis, Syriza a eu trop \u00e0 faire, face aux assauts de la Tro\u00efka, pour continuer \u00e0 mettre en place ce projet. Mais les Grecs ne sont pas seuls et l\u2019id\u00e9e progresse.<\/p>\n<p>Un air frais est venu du congr\u00e8s du Parti de gauche (PG), plus pr\u00e9cis\u00e9ment d\u2019une publication d\u2019Eric Coquerel, le 18 ao\u00fbt dernier, intitul\u00e9e <a href=\" http:\/\/www.eric-coquerel.fr\/node\/299\">&#8220;Pour un sommet internationaliste du plan B&#8221;<\/a>. Constatant l\u2019\u00e9chec de la d\u00e9mocratie face \u00e0 l\u2019absurdit\u00e9 du syst\u00e8me \u00e9conomique europ\u00e9en, le secr\u00e9taire national propose la tenue d\u2019 <em>\u00ab un sommet internationaliste du plan B d\u00e8s le dernier trimestre 2015<\/em> [qui] <em>r\u00e9unirait toutes les forces de l\u2019autre gauche de l\u2019UE acceptant de travailler et de r\u00e9fl\u00e9chir concr\u00e8tement \u00e0 ce sc\u00e9nario \u00bb<\/em>.<\/p>\n<p><strong><em>Agir pour casser le carcan de l\u2019UE<br \/>\n<\/strong><\/em><\/p>\n<p>&#8220;Plan B&#8221;, l\u2019expression avait d\u00e9j\u00e0 \u00e9t\u00e9 utilis\u00e9e par un certain Yanis Varoufakis. L\u2019ancien ministre grec des Finances avait planifi\u00e9 une solution \u00e9conomique viable pour la Gr\u00e8ce en cas d\u2019\u00e9chec des n\u00e9gociations avec les cr\u00e9anciers de son pays. L\u2019id\u00e9e \u00e9tait de s\u2019abstraire des exigences de la Tro\u00efka pour \u00e9laborer un <em>\u00ab syst\u00e8me bancaire parall\u00e8le \u00bb<\/em>, sans pour autant sortir de l\u2019euro. Un plan que Tsipras aurait rejet\u00e9 \u00e0 la derni\u00e8re minute, juste apr\u00e8s le r\u00e9sultat du r\u00e9f\u00e9rendum, poussant Varoufakis \u00e0 la d\u00e9mission.<\/p>\n<p>Le PG d\u00e9veloppe le plan de Varoufakis, en appelant \u00e0 son internationalisation. Coquerel l\u2019explique lui-m\u00eame de cette fa\u00e7on : <em>\u00ab On ne peut r\u00e9former l\u2019UE, il faut agir pour casser ce carcan. C\u2019est la condition m\u00eame pour sortir les peuples europ\u00e9ens de l\u2019orni\u00e8re aust\u00e9ritaire et relancer un projet coop\u00e9ratif entre eux. \u00bb<\/em> Pour qu\u2019un coup d\u2019\u00c9tat financier ne se reproduise pas sur un pays isol\u00e9, ce projet se base sur une synchronisation des positions politiques entre pays. <em>\u00ab Il ne s\u2019agit pas de s\u2019en tirer au mieux dans chacun de nos pays en comptant sur les marges de man\u0153uvre plus ou moins fortes que sa puissance \u00e9conomique, son poids d\u00e9mographique lui donnent. \u00bb<\/em> Le sc\u00e9nario est pr\u00e9cis\u00e9 par Guillaume Eti\u00e9vant, secr\u00e9taire national du PG, dans une tribune publi\u00e9e par <em>Politis<\/em> : <em>\u00ab Le pr\u00e9alable au changement n\u2019est pas la sortie (de l\u2019euro, ndlr), mais bien au contraire la bataille politique pour cr\u00e9er une crise diplomatique et politique au sein de l\u2019Union europ\u00e9enne. \u00bb<\/em><\/p>\n<p>Enfin, la gauche pourrait prendre la main sur une menace, activ\u00e9e comme levier d\u2019action jusqu\u2019\u00e0 pr\u00e9sent par Angela Merkel et ses sbires sous le nom de &#8220;Grexit&#8221;. Reste \u00e0 coucher sur le papier les modalit\u00e9s d\u2019une telle alternative. C\u2019est tout l\u2019enjeu de cette <em>\u00ab conf\u00e9rence europ\u00e9enne du plan B \u00bb<\/em>, <a href=\" https:\/\/www.lepartidegauche.fr\/edito\/europe-l-heure-plan-b-33168\">qui se donne pour objectif<\/a> d\u2019<em>\u00ab examiner concr\u00e8tement tous les sc\u00e9narios, et leur adaptation \u00e0 l\u2019int\u00e9r\u00eat de chaque pays. \u00bb<\/em> Esp\u00e9rons que toutes les forces de gauches europ\u00e9ennes r\u00e9pondront pr\u00e9sent.<\/p>\n<p><strong><em>\u00ab Organiser la r\u00e9sistance europ\u00e9enne \u00bb<br \/>\n<\/strong><\/em><\/p>\n<p>Le week-end dernier, lors de sa rencontre avec Jean-Luc M\u00e9lenchon, Yanis Varoufakis a pour sa part accept\u00e9 ce rendez-vous du plan B, se donnant pour projet de <em>\u00ab d\u00e9mocratiser l&#8217;Europe \u00e0 nouveau \u00bb<\/em>.<\/p>\n<blockquote class=\"twitter-tweet\" lang=\"fr\">\n<p lang=\"fr\" dir=\"ltr\">.<a href=\"https:\/\/twitter.com\/yanisvaroufakis\">@yanisvaroufakis<\/a> d&#39;accord pour une conf\u00e9rence europ\u00e9enne pour un plan B face \u00e0 l&#39;Europe allemande. <a href=\"http:\/\/t.co\/RWuvI5gtWc\">pic.twitter.com\/RWuvI5gtWc<\/a><\/p>\n<p>&mdash; Jean-Luc M\u00e9lenchon (@JLMelenchon) <a href=\"https:\/\/twitter.com\/JLMelenchon\/status\/635345789842235392\">23 Ao\u00fbt 2015<\/a><\/p><\/blockquote>\n<p><script async src=\"\/\/platform.twitter.com\/widgets.js\" charset=\"utf-8\"><\/script><\/p>\n<p>\u00c0 l\u2019issue de cet entretien d\u2019un vingtaine de minutes, le co-fondateur du PG a d\u00e9clar\u00e9 : <em>\u00ab Puisque les Allemands ont un plan A, ficher dehors tous ceux qui ne sont pas d&#8217;accord avec eux, eh bien nous, nous allons avoir un plan B, c&#8217;est ce qu&#8217;on fait dans ce cas-l\u00e0. Chacun a des id\u00e9es sur le sujet. Il faut les confronter et il faut vite se coordonner pour organiser la r\u00e9sistance europ\u00e9enne. \u00bb<\/em> De plus, M\u00e9lenchon a invit\u00e9 Varoufakis \u00e0 venir le rejoindre pour la F\u00eate de l\u2019Huma \u202fo\u00f9, selon Patrick Le Hyaric, un <em><a href=\"http:\/\/www.humanite.fr\/fete-de-lhumanite-un-forum-europeen-pour-sortir-de-lausterite-au-centre-des-debats-581987 \">\u00ab grand forum europ\u00e9en\u202f<\/a>(\u2026) sur les moyens pour sortir des politiques d\u2019aust\u00e9rit\u00e9 et ren\u00e9gocier les dettes \u00bb<\/em> se tiendra le samedi apr\u00e8s-midi. Les violons s&#8217;accorderaient-ils ?<\/p>\n<p>Quelques heures apr\u00e8s avoir vu Jean-Luc M\u00e9lenchon, Yanis Varoufakis rejoignait Arnaud Montebourg \u00e0 la f\u00eate de la Rose. Il appelait alors \u00e0 impulser une <em>\u00ab alliance des Europ\u00e9ens qui proposent quelque chose de radical : la d\u00e9mocratie. Que l&#8217;on passe enfin d&#8217;une Europe des gouvernements \u00e0 une Europe des peuples. \u00bb<\/em> La folle id\u00e9e de l\u2019\u00e9conomiste grec est en fin de compte celle-ci : d\u00e9passer l\u2019Europe mon\u00e9taire, r\u00e9gie par des banquiers et des administrateurs nomm\u00e9s, par une d\u00e9mocratisation des institutions. Secr\u00e9taire nationale du PG et conseill\u00e8re de Paris, <a href=\"http:\/\/blogs.mediapart.fr\/blog\/danielle-simonnet\/230815\/un-plan-b-face-l-europe-allemande\">Danielle Simonnet commentait<\/a> cette rencontre ainsi : <em>\u00ab Montebourg et les socialistes frondeurs auront aussi \u00e0 en d\u00e9battre [\u2026] pour sauver la d\u00e9mocratie. \u00bb<\/em> Le champ de l\u2019alternative s\u2019ouvre. Reste \u00e0 chacun d\u2019y trouver et d\u2019y accepter sa place.<\/p>\n<p><strong><em>L\u2019atout Varoufakis<br \/>\n<\/strong><\/em><\/p>\n<p>De leur c\u00f4t\u00e9, ce lundi 24 ao\u00fbt, M\u00e9lenchon, Coquerel et Simonnet prenaient un premier contact par visioconf\u00e9rence avec Panay\u00f3tis Lafaz\u00e1nis, responsable grec d\u2019Unit\u00e9 populaire, le nouveau parti des dissidents de Syriza. Varoufakis, lui, continuera son tour d\u2019Europe politique ambitieux et prometteur, le 23 octobre \u00e0 Londres, o\u00f9 il rencontrera Pablo Iglesias pour un d\u00e9bat sur <a href=\" https:\/\/membership.theguardian.com\/event\/guardian-live-yanis-varoufakis-and-pablo-iglesias-in-conversation-18258797555\"><em>\u00ab la nouvelle gauche europ\u00e9enne : un futur pour l\u2019Europe ? \u00bb<\/em><\/a>. Jamais la question n\u2019aura \u00e9t\u00e9 aussi pr\u00e9sente au c\u0153ur des pr\u00e9occupations de la gauche radicale. D\u2019o\u00f9 l\u2019int\u00e9r\u00eat d\u2019y apporter une r\u00e9ponse commune.<\/p>\n<p>On en vient \u00e0 se demander si Yanis Varoufakis n&#8217;est pas l\u2019homme par lequel les gauches radicales europ\u00e9ennes s\u2019uniront, des frondeurs du PS fran\u00e7ais aux <a href=\"https:\/\/wp.muchomaas.com\/web\/article\/syriza-la-gauche-radicale-et-ses\">d\u00e9missionnaires de Syriza<\/a>. Car l\u2019ancien ministre grec des Finances pr\u00e9sente l\u2019avantage d\u2019\u00eatre \u00e0 la fois encore li\u00e9 \u00e0 Alexis Tsipras, par sa fid\u00e9lit\u00e9 \u00e0 Syriza, tout en ayant toujours fait la preuve de son ind\u00e9pendance d\u2019esprit. Cet entre-deux, ou plut\u00f4t cette dualit\u00e9, offre une multiplicit\u00e9 de possibles en termes de convergence des sensibilit\u00e9s, de compromis internes\u2026 Pour qu\u2019enfin, les gauches radicales europ\u00e9ennes se l\u00e8vent et, ensemble, exigent une alternative : un plan B.<br \/>\n<div id='gallery-1' class='gallery galleryid-8942 gallery-columns-3 gallery-size-thumbnail'><figure class='gallery-item'>\n\t\t\t<div class='gallery-icon landscape'>\n\t\t\t\t<a href='https:\/\/archives.regards.fr\/wp-content\/uploads\/2015\/08\/planb-varouf5ea6-d89.jpg'><img loading=\"lazy\" decoding=\"async\" width=\"150\" height=\"150\" src=\"https:\/\/archives.regards.fr\/wp-content\/uploads\/2015\/08\/planb-varouf5ea6-d89-150x150.jpg\" class=\"attachment-thumbnail size-thumbnail\" alt=\"planb-varouf5ea6.jpg\" \/><\/a>\n\t\t\t<\/div><\/figure>\n\t\t<\/div>\n<\/p>\n","protected":false},"excerpt":{"rendered":"<p>Ni sortie de l\u2019euro, ni soumission \u00e0 la dictature financi\u00e8re : l&#8217;espoir rena\u00eet que les gauches europ\u00e9ennes, press\u00e9es par l\u2019exemple grec, s\u2019unissent pour proposer une alternative radicale \u00e0 la construction europ\u00e9enne actuelle. <\/p>\n","protected":false},"author":1203,"featured_media":22339,"comment_status":"open","ping_status":"open","sticky":false,"template":"","format":"standard","meta":{"_themeisle_gutenberg_block_has_review":false,"footnotes":""},"categories":[157],"tags":[352,295],"class_list":["post-8942","post","type-post","status-publish","format-standard","has-post-thumbnail","hentry","category-web","tag-europe","tag-nupes"],"_links":{"self":[{"href":"https:\/\/archives.regards.fr\/index.php?rest_route=\/wp\/v2\/posts\/8942","targetHints":{"allow":["GET"]}}],"collection":[{"href":"https:\/\/archives.regards.fr\/index.php?rest_route=\/wp\/v2\/posts"}],"about":[{"href":"https:\/\/archives.regards.fr\/index.php?rest_route=\/wp\/v2\/types\/post"}],"author":[{"embeddable":true,"href":"https:\/\/archives.regards.fr\/index.php?rest_route=\/wp\/v2\/users\/1203"}],"replies":[{"embeddable":true,"href":"https:\/\/archives.regards.fr\/index.php?rest_route=%2Fwp%2Fv2%2Fcomments&post=8942"}],"version-history":[{"count":0,"href":"https:\/\/archives.regards.fr\/index.php?rest_route=\/wp\/v2\/posts\/8942\/revisions"}],"wp:featuredmedia":[{"embeddable":true,"href":"https:\/\/archives.regards.fr\/index.php?rest_route=\/wp\/v2\/media\/22339"}],"wp:attachment":[{"href":"https:\/\/archives.regards.fr\/index.php?rest_route=%2Fwp%2Fv2%2Fmedia&parent=8942"}],"wp:term":[{"taxonomy":"category","embeddable":true,"href":"https:\/\/archives.regards.fr\/index.php?rest_route=%2Fwp%2Fv2%2Fcategories&post=8942"},{"taxonomy":"post_tag","embeddable":true,"href":"https:\/\/archives.regards.fr\/index.php?rest_route=%2Fwp%2Fv2%2Ftags&post=8942"}],"curies":[{"name":"wp","href":"https:\/\/api.w.org\/{rel}","templated":true}]}}