{"id":8900,"date":"2015-07-13T14:41:49","date_gmt":"2015-07-13T12:41:49","guid":{"rendered":"https:\/\/wp.muchomaas.com\/article-le-grexit-appartient-au-passe\/"},"modified":"2023-06-23T23:20:15","modified_gmt":"2023-06-23T21:20:15","slug":"article-le-grexit-appartient-au-passe","status":"publish","type":"post","link":"https:\/\/archives.regards.fr\/?p=8900","title":{"rendered":"Le &#8220;Grexit appartient au pass\u00e9&#8221; assure Tsipras"},"content":{"rendered":"<p class=\"post_excerpt\">\u00c0 la sortie de la r\u00e9union de l&#8217;Eurogroupe qui a consacr\u00e9 un accord entre la Gr\u00e8ce et ses cr\u00e9anciers, le premier ministre Alexis Tsipras a comment\u00e9 cette issue en t\u00e2chant de mettre en valeur ce qu&#8217;elle offre de perspectives \u00e0 son pays.<\/p>\n<p><em>\u00ab\u00a0La d\u00e9cision prise aujourd&#8217;hui permet le maintien pour la stabilit\u00e9 financi\u00e8re de la Gr\u00e8ce, donne des possibilit\u00e9s de relance. La mise en oeuvre sera difficile\u00a0\u00bb<\/em>, a pr\u00e9venu le premier ministre grec Alexis Tsipras, en sortant du sommet marathon qui a abouti \u00e0 un accord de sauvetage de la Gr\u00e8ce. <em>\u00ab\u00a0Les mesures pr\u00e9vues sont celles vot\u00e9es au parlement grec. Elles renforcent la r\u00e9cession mais j&#8217;esp\u00e8re que les 35 milliards d&#8217;euros de mesures et la restructuration de la dette permettront aux march\u00e9s et aux investisseurs de comprendre que le Grexit appartient au pass\u00e9\u00a0\u00bb<\/em> et qu&#8217;elles <em>\u00ab\u00a0attireront les investissements n\u00e9cessaires pour compenser la r\u00e9cession\u00a0\u00bb<\/em>, a-t-il ajout\u00e9.<\/p>\n<p><em>\u00ab\u00a0D&#8217;autre part, le fardeau sera reparti de fa\u00e7on juste. Ce ne sont pas ceux qui ont pay\u00e9 les ann\u00e9es pr\u00e9c\u00e9dentes qui vont continuer \u00e0 payer cette fois-ci. Ceux qui avaient r\u00e9ussi \u00e0 \u00e9viter de payer leur part, paieront\u00a0\u00bb<\/em>. <em>\u00ab\u00a0Nous continuerons \u00e0 lutter afin de pouvoir renouer avec la croissance et regagner notre souverainet\u00e9 perdue. Nous avons gagn\u00e9 la souverainet\u00e9 populaire, le message de la d\u00e9mocratie a \u00e9t\u00e9 transmis en Europe et dans le monde entier, c&#8217;\u00e9tait le plus important.\u00a0\u00bb<\/em><\/p>\n<p><em>\u00ab\u00a0Nous avons \u00e9vit\u00e9 le projet de transfert des actifs \u00e0 l&#8217;\u00e9tranger, nous avons \u00e9vit\u00e9 l&#8217;effondrement du syst\u00e8me financier, nous avons pu, dans cette lutte tr\u00e8s dure, obtenir une restructuration de la dette et un financement \u00e0 moyen terme\u00a0\u00bb,<\/em> a \u00e9num\u00e9r\u00e9 le premier ministre grec Alexis Tsipras, en sortant du sommet marathon qui a abouti \u00e0 un accord de sauvetage de la Gr\u00e8ce.<\/p>\n<p><em>\u00ab\u00a0Je souhaite remercier tous mes collaborateurs car ensemble nous avons lutt\u00e9 jusqu&#8217;au bout. \u00bb<\/em><div id='gallery-1' class='gallery galleryid-8900 gallery-columns-3 gallery-size-thumbnail'><figure class='gallery-item'>\n\t\t\t<div class='gallery-icon landscape'>\n\t\t\t\t<a href='https:\/\/archives.regards.fr\/wp-content\/uploads\/2015\/07\/tsipras-comment-950.jpg'><img loading=\"lazy\" decoding=\"async\" width=\"150\" height=\"150\" src=\"https:\/\/archives.regards.fr\/wp-content\/uploads\/2015\/07\/tsipras-comment-950-150x150.jpg\" class=\"attachment-thumbnail size-thumbnail\" alt=\"tsipras-comment.jpg\" \/><\/a>\n\t\t\t<\/div><\/figure>\n\t\t<\/div>\n<\/p>\n","protected":false},"excerpt":{"rendered":"<p>\u00c0 la sortie de la r\u00e9union de l&#8217;Eurogroupe qui a consacr\u00e9 un accord entre la Gr\u00e8ce et ses cr\u00e9anciers, le premier ministre Alexis Tsipras a comment\u00e9 cette issue en t\u00e2chant de mettre en valeur ce qu&#8217;elle offre de perspectives \u00e0 son pays.<\/p>\n","protected":false},"author":643,"featured_media":22261,"comment_status":"open","ping_status":"open","sticky":false,"template":"","format":"standard","meta":{"_themeisle_gutenberg_block_has_review":false,"footnotes":""},"categories":[157],"tags":[420,478],"class_list":["post-8900","post","type-post","status-publish","format-standard","has-post-thumbnail","hentry","category-web","tag-grece","tag-syriza"],"_links":{"self":[{"href":"https:\/\/archives.regards.fr\/index.php?rest_route=\/wp\/v2\/posts\/8900","targetHints":{"allow":["GET"]}}],"collection":[{"href":"https:\/\/archives.regards.fr\/index.php?rest_route=\/wp\/v2\/posts"}],"about":[{"href":"https:\/\/archives.regards.fr\/index.php?rest_route=\/wp\/v2\/types\/post"}],"author":[{"embeddable":true,"href":"https:\/\/archives.regards.fr\/index.php?rest_route=\/wp\/v2\/users\/643"}],"replies":[{"embeddable":true,"href":"https:\/\/archives.regards.fr\/index.php?rest_route=%2Fwp%2Fv2%2Fcomments&post=8900"}],"version-history":[{"count":0,"href":"https:\/\/archives.regards.fr\/index.php?rest_route=\/wp\/v2\/posts\/8900\/revisions"}],"wp:featuredmedia":[{"embeddable":true,"href":"https:\/\/archives.regards.fr\/index.php?rest_route=\/wp\/v2\/media\/22261"}],"wp:attachment":[{"href":"https:\/\/archives.regards.fr\/index.php?rest_route=%2Fwp%2Fv2%2Fmedia&parent=8900"}],"wp:term":[{"taxonomy":"category","embeddable":true,"href":"https:\/\/archives.regards.fr\/index.php?rest_route=%2Fwp%2Fv2%2Fcategories&post=8900"},{"taxonomy":"post_tag","embeddable":true,"href":"https:\/\/archives.regards.fr\/index.php?rest_route=%2Fwp%2Fv2%2Ftags&post=8900"}],"curies":[{"name":"wp","href":"https:\/\/api.w.org\/{rel}","templated":true}]}}