{"id":8883,"date":"2015-07-06T19:06:05","date_gmt":"2015-07-06T17:06:05","guid":{"rendered":"https:\/\/wp.muchomaas.com\/article-yanis-varoufakis-le-james-dean-de\/"},"modified":"2023-07-03T14:41:17","modified_gmt":"2023-07-03T12:41:17","slug":"article-yanis-varoufakis-le-james-dean-de","status":"publish","type":"post","link":"https:\/\/archives.regards.fr\/?p=8883","title":{"rendered":"Yanis Varoufakis, le James Dean de la gauche europ\u00e9enne"},"content":{"rendered":"<p class=\"post_excerpt\">Le d\u00e9sormais ex-ministre des Finances grec a travers\u00e9 le ciel europ\u00e9en comme un m\u00e9t\u00e9ore. Mais en bousculant les hypocrisies, en portant une parole intransigeante et en pr\u00e9f\u00e9rant les int\u00e9r\u00eats de son pays aux siens, il y aura laiss\u00e9 une trace durable.<\/p>\n<p>On se souviendra peut-\u00eatre de Yanis Varoufakis comme le James Dean de la gauche europ\u00e9enne : un homme politique par accident qui aura bri\u00e8vement illumin\u00e9 le ciel obscur de la politique europ\u00e9enne. On saisira alors la pleine mesure du personnage romantique, un pragmatique aux multiples centres d\u2019int\u00e9r\u00eat qui a fait ce qu\u2019aucun professionnel de la politique (f\u00fbt-il issu de la gauche radicale) ne fera jamais : promouvoir des id\u00e9es pour le bien commun plut\u00f4t que pour favoriser une carri\u00e8re personnelle. C\u2019est la cl\u00e9 de son d\u00e9part du gouvernement grec, apr\u00e8s la magnifique victoire du &#8220;non&#8221; au r\u00e9f\u00e9rendum.<\/p>\n<p>Contrairement aux commentaires revanchards des m\u00e9dias dominants, Varoufakis n\u2019a pas \u00e9t\u00e9 vir\u00e9 par Alexis Tsipras : il est parti de son plein gr\u00e9, conscient que commence une autre phase politique \u00e0 laquelle il ne souhaitait pas \u00eatre associ\u00e9. Le professeur d\u2019\u00e9conomie sait mieux que quiconque que le gouvernement grec va devoir faire des concessions importantes afin de tenter d\u2019arracher l\u2019essentiel : la restructuration de la dette, condition <em>sine qua non<\/em> pour sortir la Gr\u00e8ce de l\u2019endettement et de l\u2019aust\u00e9rit\u00e9 <em>ad vitam aeternam<\/em>.<\/p>\n<p><strong><em>\u00c9carter la menace d&#8217;un coup de force<br \/>\n<\/strong><\/em><\/p>\n<p>D\u00e8s l\u2019annonce des r\u00e9sultats du r\u00e9f\u00e9rendum dimanche soir, les membres de l\u2019Eurogroupe, second\u00e9s par les chefs de gouvernements, ont accueilli avec leur habituelle morgue le &#8220;non&#8221; grec. En substance, ils estiment qu\u2019il n\u2019y aura pas d\u2019accord avec le gouvernement Tsipras tant qu\u2019il ne soumettra pas le pays \u00e0 un nouveau programme d\u2019aust\u00e9rit\u00e9. On s\u2019y attendait. La question qui se pose est de savoir dans quelle mesure Tsipras acceptera les politiques pr\u00e9conis\u00e9es dans le dernier document n\u00e9goci\u00e9 la semaine derni\u00e8re (privatisations, hausse du taux de TVA, recul du d\u00e9part \u00e0 la retraite). Quelles concessions Tsipras est-il pr\u00eat \u00e0 consentir et en \u00e9change de quoi ?<\/p>\n<p>Lundi matin, le premier ministre grec a r\u00e9uni d\u2019urgence les dirigeants des principaux partis nationaux dans l\u2019espoir de pr\u00e9senter un front uni face aux cr\u00e9diteurs. Il a re\u00e7u leur soutien \u00e0 l\u2019exception du Parti communiste grec (KKE). La d\u00e9marche est habile, car elle \u00e9carte d\u00e9finitivement la menace d\u2019un coup de force de l\u2019Eurogroupe, qui souhaitait imposer un <em>\u00ab gouvernement de technocrates \u00bb<\/em>. Alexis Tsipras peut ici arguer d\u2019un soutien national au-del\u00e0 du mandat populaire issu des urnes. Il semble aussi rechercher un compromis quantitatif autour de mesures d\u2019aust\u00e9rit\u00e9 en \u00e9change d\u2019une injection de fonds et d\u2019une restructuration de la dette. La rupture avec l\u2019euro, tant attendue par certains \u00e0 gauche, n\u2019est toujours pas \u00e0 l\u2019ordre du jour.<\/p>\n<p>Curieusement, le &#8220;non&#8221; massif semble avoir \u00e9cart\u00e9 le Grexit, \u00e0 tout le moins \u00e0 court terme. Car parmi les 61% d\u2019\u00e9lecteurs qui se sont prononc\u00e9s en faveur du &#8220;non&#8221;, une large majorit\u00e9 d\u2019entre eux ne souhaite ni sortir de la zone euro, ni quitter l\u2019Union europ\u00e9enne. Tsipras se sait contraint par ce mandat populaire : sauver le pays de l\u2019asphyxie financi\u00e8re totale, sans engager de nouvelles politiques d\u2019aust\u00e9rit\u00e9 qui appauvriront davantage les classes populaires ; tout cela sans sortir de la zone euro.<\/p>\n<p><strong><em>L&#8217;homme \u00e0 abattre<br \/>\n<\/strong><\/em><\/p>\n<p>Yanis Varoufakis est un professeur d\u2019\u00e9conomie et un homme politique &#8220;par accident&#8221;. Alexis Tsipras est un professionnel de la politique. Selon la distinction faite par Max Weber, le premier r\u00e9pond \u00e0 une \u00e9thique de la conviction, tandis que le second a entre les mains l\u2019avenir de la Gr\u00e8ce, de la gauche grecque (et europ\u00e9enne). Ce dernier est donc davantage sensible \u00e0 l\u2019\u00e9thique de la responsabilit\u00e9. C\u2019est l\u00e0 o\u00f9 le chemin des deux hommes divergent. Cependant, Varoufakis ne va pas devenir un opposant de Tsipras. Il est probable qu\u2019il continuera de prodiguer force conseils au gouvernement et il le soutiendra assur\u00e9ment. Simplement, Varoufakis semble avoir renonc\u00e9 \u00e0 mettre en \u0153uvre les politiques d\u2019aust\u00e9rit\u00e9 qui s\u2019annoncent.<\/p>\n<p>Il y a \u00e9videmment un paradoxe dans la trajectoire de cet \u00e9conomiste attachant et brillant. Un temps conseiller de George Papandreou, arriv\u00e9 au gouvernement avec une r\u00e9putation de &#8220;centriste&#8221; dans les cercles de Syriza, Yanis Varoufakis s\u2019est r\u00e9v\u00e9l\u00e9 un opposant tenace aux coups de force de la Tro\u00efka. C\u2019est \u00e0 ce titre qu\u2019il est devenu le ministre de Syriza le plus d\u00e9test\u00e9 dans les capitales europ\u00e9ennes. Pragmatique, s\u00fbr de lui mais jamais arrogant, comp\u00e9tent, dr\u00f4le, lettr\u00e9, parlant un anglais des plus \u00e9l\u00e9gants, Varoufakis est un personnage atypique dans le paysage d\u00e9sol\u00e9 de la gauche radicale europ\u00e9enne. Pour ces raisons, ses ennemis capitalistes de tout poil ont flair\u00e9 le danger : Varoufakis \u00e9tait devenu l\u2019homme \u00e0 abattre.<\/p>\n<p>Ce &#8220;marxiste impr\u00e9visible&#8221; est un homme de gauche radicale \u00e0 l\u2019anglo-saxonne, \u00e0 la fois mat\u00e9rialiste, lib\u00e9ral et libertaire : il a ridiculis\u00e9 l\u2019autoritarisme mercantile des gouvernements europ\u00e9ens et confondu la corruption des m\u00e9dias dominants. L\u2019\u00e9conomiste a aussi ringardis\u00e9 les directions de la gauche radicale europ\u00e9enne, engonc\u00e9es dans un entre-soi rh\u00e9torique que m\u00e9prisent les peuples. Yanis Varoufakis est un <em>doer<\/em> (faiseur). Il a d\u00e9montr\u00e9 que le radicalisme de gauche n\u2019a rien \u00e0 voir avec la surench\u00e8re verbale, mais se mesure \u00e0 l\u2019accomplissement d\u2019actions concr\u00e8tes pour le bien commun.<\/p>\n","protected":false},"excerpt":{"rendered":"<p>Le d\u00e9sormais ex-ministre des Finances grec a travers\u00e9 le ciel europ\u00e9en comme un m\u00e9t\u00e9ore. Mais en bousculant les hypocrisies, en portant une parole intransigeante et en pr\u00e9f\u00e9rant les int\u00e9r\u00eats de son pays aux siens, il y aura laiss\u00e9 une trace durable.<\/p>\n","protected":false},"author":1241,"featured_media":0,"comment_status":"open","ping_status":"open","sticky":false,"template":"","format":"standard","meta":{"_themeisle_gutenberg_block_has_review":false,"footnotes":""},"categories":[216],"tags":[420,478],"class_list":["post-8883","post","type-post","status-publish","format-standard","hentry","category-des-verites-desagreables-par-philippe-marliere","tag-grece","tag-syriza"],"_links":{"self":[{"href":"https:\/\/archives.regards.fr\/index.php?rest_route=\/wp\/v2\/posts\/8883","targetHints":{"allow":["GET"]}}],"collection":[{"href":"https:\/\/archives.regards.fr\/index.php?rest_route=\/wp\/v2\/posts"}],"about":[{"href":"https:\/\/archives.regards.fr\/index.php?rest_route=\/wp\/v2\/types\/post"}],"author":[{"embeddable":true,"href":"https:\/\/archives.regards.fr\/index.php?rest_route=\/wp\/v2\/users\/1241"}],"replies":[{"embeddable":true,"href":"https:\/\/archives.regards.fr\/index.php?rest_route=%2Fwp%2Fv2%2Fcomments&post=8883"}],"version-history":[{"count":0,"href":"https:\/\/archives.regards.fr\/index.php?rest_route=\/wp\/v2\/posts\/8883\/revisions"}],"wp:attachment":[{"href":"https:\/\/archives.regards.fr\/index.php?rest_route=%2Fwp%2Fv2%2Fmedia&parent=8883"}],"wp:term":[{"taxonomy":"category","embeddable":true,"href":"https:\/\/archives.regards.fr\/index.php?rest_route=%2Fwp%2Fv2%2Fcategories&post=8883"},{"taxonomy":"post_tag","embeddable":true,"href":"https:\/\/archives.regards.fr\/index.php?rest_route=%2Fwp%2Fv2%2Ftags&post=8883"}],"curies":[{"name":"wp","href":"https:\/\/api.w.org\/{rel}","templated":true}]}}