{"id":8880,"date":"2015-07-06T16:12:36","date_gmt":"2015-07-06T14:12:36","guid":{"rendered":"https:\/\/wp.muchomaas.com\/article-oxi-la-fete-democratique\/"},"modified":"2015-07-06T16:12:36","modified_gmt":"2015-07-06T14:12:36","slug":"article-oxi-la-fete-democratique","status":"publish","type":"post","link":"https:\/\/archives.regards.fr\/?p=8880","title":{"rendered":"OXI, la f\u00eate d\u00e9mocratique"},"content":{"rendered":"<p class=\"post_excerpt\">Le gouvernement grec a lanc\u00e9 un d\u00e9fi politique et donn\u00e9 une le\u00e7on de d\u00e9mocratie \u00e0 l&#8217;oligarchie europ\u00e9enne. Il a aussi inflig\u00e9 une d\u00e9faite \u00e0 l&#8217;alliance des multinationales, des hauts fonctionnaires, des politiciens de droite et des tenants du social-lib\u00e9ralisme.<\/p>\n<p>Naturellement, rien n\u2019est r\u00e9gl\u00e9. Bien s\u00fbr, les classes dominantes d\u2019Europe n\u2019ont pas dit leur dernier mot : elles ne renonceront jamais \u00e0 faire \u00e9chouer le gouvernement grec et \u00e0 imposer leur dogme aust\u00e9ritaire. Oui, sans doute, y a-t-il des faiblesses et des contradictions dans le camp populaire. Mais\u2026 quand m\u00eame : 61,3% ! On me pardonnera sans doute de savourer le moment pr\u00e9sent et de remettre \u00e0 (un peu) plus tard analyses et projections. <\/p>\n<p>On se souviendra longtemps du dernier rassemblement de campagne, tenu vendredi sur la place Syntagma \u00e0 Ath\u00e8nes et du discours d\u2019Alexis Tsipras : <em>\u00ab Aujourd\u2019hui est un jour de f\u00eate. Ce jour est une f\u00eate de la d\u00e9mocratie. \u00bb<\/em> Et c\u2019est l\u00e0 la premi\u00e8re chose \u00e0 retenir de la semaine historique que l\u2019on vient de vivre : confront\u00e9 au chantage des &#8220;institutions&#8221;, alors m\u00eame que sa l\u00e9gitimit\u00e9 (acquise lors des \u00e9lections l\u00e9gislatives de janvier dernier) \u00e9tait intacte, le gouvernement dirig\u00e9 par Syriza a fait le choix courageux de demander au peuple grec la confirmation de son mandat. <\/p>\n<p>Rien que cela \u00e9tait d\u00e9j\u00e0, ind\u00e9pendamment m\u00eame du r\u00e9sultat, une le\u00e7on et un d\u00e9fi adress\u00e9s \u00e0 l\u2019oligarchie europ\u00e9enne tellement habitu\u00e9e \u00e0 se passer de l\u2019avis des peuples\u2026 quand elle ne s\u2019assoit pas franchement dessus. Comme le disait si bien une pancarte aper\u00e7ue lors d\u2019une des manifestations parisiennes : <em>\u00ab \u00c0 Paris, le 49-3. A Ath\u00e8nes, la parole au peuple. \u00bb<\/em> Ce sont effectivement deux conceptions de la politique qui s\u2019affrontent\u2026<\/p>\n<p><strong><em>L\u2019oligarchie et ses supporters<br \/>\n<\/strong><\/em><\/p>\n<p>Le second \u00e9l\u00e9ment \u00e0 souligner est \u00e9videmment la remarquable le\u00e7on de courage politique donn\u00e9e aux autres peuples europ\u00e9ens par le peuple grec. Parce que le moins que l\u2019on puisse dire est que les partisans grecs et europ\u00e9ens du &#8220;oui&#8221; n\u2019ont recul\u00e9 devant aucune d\u00e9sinformation, aucun mensonge, aucune insulte, aucun chantage. \u00c0 commencer par le v\u00e9ritable coup d\u2019\u00c9tat financier et politique op\u00e9r\u00e9 par la BCE : lorsqu\u2019elle a coup\u00e9 les liquidit\u00e9s aux banques grecques apr\u00e8s l\u2019annonce de la tenue d\u2019un r\u00e9f\u00e9rendum, elle esp\u00e9rait sans doute faire plier le gouvernement grec. Ou, \u00e0 d\u00e9faut, cr\u00e9er un certain d\u00e9sordre \u00e9conomique dont les Grecs auraient, pensait-elle, rejet\u00e9 la responsabilit\u00e9 sur Tsipras. <\/p>\n<p>Plus g\u00e9n\u00e9ralement, l\u2019oligarchie et ses supporters, notamment dans les m\u00e9dias, ont sp\u00e9cul\u00e9 sans vergogne sur la crainte du chaos. Une intense campagne de la peur s\u2019est d\u00e9velopp\u00e9e tout au long de la semaine, avec de nombreux relais \u00e0 l\u2019\u00e9tranger. <\/p>\n<p>Au final, tout cela a \u00e9t\u00e9 vain. Malgr\u00e9 des inqui\u00e9tudes bien compr\u00e9hensibles quant \u00e0 l\u2019avenir de la Gr\u00e8ce et \u00e0 leur propre avenir, plus de 61% des \u00e9lecteurs ont exprim\u00e9 sans ambigu\u00eft\u00e9 leur rejet de l\u2019aust\u00e9rit\u00e9. Un choix salutaire, d\u2019abord pour la soci\u00e9t\u00e9 grecque qui a d\u00e9j\u00e0 tellement souffert ces derni\u00e8res ann\u00e9es. Ensuite, pour les peuples du Sud de l\u2019Europe, tout autant vilipend\u00e9s que les Grecs par la bourgeoisie europ\u00e9enne et ses mercenaires. Et, plus g\u00e9n\u00e9ralement, pour les classes populaires d\u2019Europe.<\/p>\n<p><strong><em>La haine des Grecs<br \/>\n<\/strong><\/em><\/p>\n<p>Enfin, on n\u2019est pas pr\u00e8s d\u2019oublier les \u00e9crits et les d\u00e9clarations d\u2019un certain nombre de personnalit\u00e9s politiques dont les masques sont tomb\u00e9s, en Europe et en France. Le matin m\u00eame du r\u00e9f\u00e9rendum, \u00e0 la t\u00e9l\u00e9vision, Xavier Bertrand insultait encore \u00e0 nouveau Alexis Tsipras. Mais il n\u2019\u00e9tait alors que le dernier de la longue liste de celles et ceux qui se sont illustr\u00e9s dans le registre de la violence et de la haine des Grecs : Nicolas Sarkozy, Wolfgang Sch\u00e4uble, Christine Lagarde, Pierre Moscovici. Et bien d\u2019autres\u2026 <\/p>\n<p>Cette violence et cette haine n\u2019ont pas d\u00e9sarm\u00e9, m\u00eame apr\u00e8s le r\u00e9sultat du scrutin. Sit\u00f4t le &#8220;non&#8221; connu, c\u2019est un &#8220;social-d\u00e9mocrate&#8221;, Sigmar Gabriel, ministre allemand de l\u2019\u00c9conomie, qui  a manifest\u00e9 la volont\u00e9 de chasser la Gr\u00e8ce de l\u2019Europe. On a l\u00e0 une nouvelle illustration de la complicit\u00e9 profonde qui unit dirigeants des entreprises multinationales, hauts fonctionnaires de l\u2019Union europ\u00e9enne, politiciens de droite, mais aussi responsables sociaux-lib\u00e9raux.<\/p>\n<p>Cette alliance vient de conna\u00eetre un \u00e9chec cinglant. Comme le pr\u00e9sentait Alexis Tsipras vendredi dernier, <em>\u00ab le peuple grec a maintes fois d\u00e9montr\u00e9 au cours de son histoire qu\u2019il savait retourner un ultimatum \u00e0 son exp\u00e9diteur \u00bb<\/em>. C\u2019est exactement ce qui s\u2019est pass\u00e9 hier. Maintenant, son choix doit \u00eatre respect\u00e9 !<\/p>\n","protected":false},"excerpt":{"rendered":"<p>Le gouvernement grec a lanc\u00e9 un d\u00e9fi politique et donn\u00e9 une le\u00e7on de d\u00e9mocratie \u00e0 l&#8217;oligarchie europ\u00e9enne. Il a aussi inflig\u00e9 une d\u00e9faite \u00e0 l&#8217;alliance des multinationales, des hauts fonctionnaires, des politiciens de droite et des tenants du social-lib\u00e9ralisme.<\/p>\n","protected":false},"author":1,"featured_media":0,"comment_status":"open","ping_status":"open","sticky":false,"template":"","format":"standard","meta":{"_themeisle_gutenberg_block_has_review":false,"footnotes":""},"categories":[157],"tags":[420,478],"class_list":["post-8880","post","type-post","status-publish","format-standard","hentry","category-web","tag-grece","tag-syriza"],"_links":{"self":[{"href":"https:\/\/archives.regards.fr\/index.php?rest_route=\/wp\/v2\/posts\/8880","targetHints":{"allow":["GET"]}}],"collection":[{"href":"https:\/\/archives.regards.fr\/index.php?rest_route=\/wp\/v2\/posts"}],"about":[{"href":"https:\/\/archives.regards.fr\/index.php?rest_route=\/wp\/v2\/types\/post"}],"author":[{"embeddable":true,"href":"https:\/\/archives.regards.fr\/index.php?rest_route=\/wp\/v2\/users\/1"}],"replies":[{"embeddable":true,"href":"https:\/\/archives.regards.fr\/index.php?rest_route=%2Fwp%2Fv2%2Fcomments&post=8880"}],"version-history":[{"count":0,"href":"https:\/\/archives.regards.fr\/index.php?rest_route=\/wp\/v2\/posts\/8880\/revisions"}],"wp:attachment":[{"href":"https:\/\/archives.regards.fr\/index.php?rest_route=%2Fwp%2Fv2%2Fmedia&parent=8880"}],"wp:term":[{"taxonomy":"category","embeddable":true,"href":"https:\/\/archives.regards.fr\/index.php?rest_route=%2Fwp%2Fv2%2Fcategories&post=8880"},{"taxonomy":"post_tag","embeddable":true,"href":"https:\/\/archives.regards.fr\/index.php?rest_route=%2Fwp%2Fv2%2Ftags&post=8880"}],"curies":[{"name":"wp","href":"https:\/\/api.w.org\/{rel}","templated":true}]}}