{"id":8871,"date":"2015-07-02T14:46:05","date_gmt":"2015-07-02T12:46:05","guid":{"rendered":"https:\/\/wp.muchomaas.com\/article-nous-n-irons-pas-a-avignon\/"},"modified":"2015-07-02T14:46:05","modified_gmt":"2015-07-02T12:46:05","slug":"article-nous-n-irons-pas-a-avignon","status":"publish","type":"post","link":"https:\/\/archives.regards.fr\/?p=8871","title":{"rendered":"Nous n&#8217;irons pas \u00e0 Avignon"},"content":{"rendered":"<p class=\"post_excerpt\">Pour la dix-septi\u00e8me ann\u00e9e, Gare au Th\u00e9\u00e2tre propose Nous n&#8217;irons pas \u00e0 Avignon. Un festival d&#8217;un mois, install\u00e9 \u00e0 Vitry-sur-Seine et dont la programmation d\u00e9fend autant la pluridisciplinarit\u00e9 que la convivialit\u00e9. <\/p>\n<p>1 336. C&#8217;est le nombre de spectacles qui se joueront ce mois de juillet durant le festival OFF d&#8217;Avignon. \u00c0 ce chiffre vertigineux s&#8217;ajoute les spectacles du IN, versant officiel de la manifestation, et tous les impromptus que les spectateurs ou badauds pourront croiser au d\u00e9tour d&#8217;une rue. Ce bon millier pourra en faire r\u00eaver certains. C&#8217;est m\u00e9conna\u00eetre \u2013 ou oublier \u2013 la r\u00e9alit\u00e9 \u00e0 laquelle il s&#8217;adosse : \u00e0 Avignon, les compagnies du OFF payent tout, de la location de salle au logement et \u00e0 la communication. Ce qu&#8217;on nous promet comme &#8220;la plus grande f\u00eate du th\u00e9\u00e2tre&#8221; est aussi, pour reprendre les termes de la critique Diane Scott, un vaste mouvement de d\u00e9placement de fonds publics (nombre de compagnies \u00e9tant subventionn\u00e9es) vers les propri\u00e9taires priv\u00e9s du Vaucluse. <\/p>\n<p>Face \u00e0 cette h\u00e9g\u00e9monie avignonnaise et \u00e0 ce syst\u00e8me de march\u00e9, diverses structures proposent de-ci, de-l\u00e0, leur festival. Fa\u00e7on de construire d&#8217;autres mod\u00e8les, d&#8217;autres modes de fonctionnement plus respectueux autant envers les spectateurs que vers les artistes. Parmi ceux-ci figure Nous n\u2019irons pas \u00e0 Avignon, qui depuis sa cr\u00e9ation en 1999 d\u00e9fend ouvertement une alternative \u00e0 l&#8217;endettement des compagnies ainsi que la possibilit\u00e9 d&#8217;un rendez-vous estival et convivial en banlieue parisienne. <\/p>\n<p><strong><em>Spectacles \u00e0 toute heure<br \/>\n<\/strong><\/em><\/p>\n<p>Port\u00e9 par Gare au Th\u00e9\u00e2tre, fabrique th\u00e9\u00e2trale pluridisciplinaire, Nous n&#8217;irons pas \u00e0 Avignon offre quatre semaines durant une trentaine de spectacles. \u00c0 toutes les heures de 15h \u00e0 22h, accessibles pour certains au jeune public, volontairement \u00e9clectiques, les spectacles jouent \u00e0 chaque fois une semaine. Si les trois derni\u00e8res sont plac\u00e9es sous la banni\u00e8re d&#8217;une programmation plus ou moins th\u00e9matique (&#8220;Le\u00e7ons de vie&#8221; du 8 au 12 ; &#8220;Voyages, voyages&#8221; du 15 au 19 ; &#8220;derni\u00e8re ligne droite&#8221; du 22 au 26\/07), la premi\u00e8re se d\u00e9die \u00e0 une r\u00e9gion de France. Une id\u00e9e pertinente, qui permet aux spectateurs d&#8217;embrasser la pluralit\u00e9 de la cr\u00e9ation d&#8217;un m\u00eame territoire, voire de d\u00e9couvrir des m\u00eames artistes dans diff\u00e9rents projets&#8230; <\/p>\n<p>En 2015, c&#8217;est la Bourgogne qui s&#8217;y cogne avec huit compagnies accueillies. Et de la performance <em>Visite d&#8217;atelier d&#8217;artiste<\/em> des Derniers hommes au <em>Miracle dans la fosse<\/em> de la compagnie SF (dans lequel le com\u00e9dien S\u00e9bastien Foutoyet risque de d\u00e9ployer toute sa plasticit\u00e9 de jeu) jusqu&#8217;\u00e0 la cr\u00e9ation jeune public <em>Moi et ma bouche <\/em> mise en sc\u00e8ne par Jean-Philippe Naas \u2013 pour ne citer qu&#8217;eux \u2013 se concentre toute la richesse d&#8217;univers artistiques singuliers et aventureux. <\/p>\n","protected":false},"excerpt":{"rendered":"<p>Pour la dix-septi\u00e8me ann\u00e9e, Gare au Th\u00e9\u00e2tre propose Nous n&#8217;irons pas \u00e0 Avignon. Un festival d&#8217;un mois, install\u00e9 \u00e0 Vitry-sur-Seine et dont la programmation d\u00e9fend autant la pluridisciplinarit\u00e9 que la convivialit\u00e9. <\/p>\n","protected":false},"author":1,"featured_media":0,"comment_status":"open","ping_status":"open","sticky":false,"template":"","format":"standard","meta":{"_themeisle_gutenberg_block_has_review":false,"footnotes":""},"categories":[157],"tags":[405],"class_list":["post-8871","post","type-post","status-publish","format-standard","hentry","category-web","tag-theatre"],"_links":{"self":[{"href":"https:\/\/archives.regards.fr\/index.php?rest_route=\/wp\/v2\/posts\/8871","targetHints":{"allow":["GET"]}}],"collection":[{"href":"https:\/\/archives.regards.fr\/index.php?rest_route=\/wp\/v2\/posts"}],"about":[{"href":"https:\/\/archives.regards.fr\/index.php?rest_route=\/wp\/v2\/types\/post"}],"author":[{"embeddable":true,"href":"https:\/\/archives.regards.fr\/index.php?rest_route=\/wp\/v2\/users\/1"}],"replies":[{"embeddable":true,"href":"https:\/\/archives.regards.fr\/index.php?rest_route=%2Fwp%2Fv2%2Fcomments&post=8871"}],"version-history":[{"count":0,"href":"https:\/\/archives.regards.fr\/index.php?rest_route=\/wp\/v2\/posts\/8871\/revisions"}],"wp:attachment":[{"href":"https:\/\/archives.regards.fr\/index.php?rest_route=%2Fwp%2Fv2%2Fmedia&parent=8871"}],"wp:term":[{"taxonomy":"category","embeddable":true,"href":"https:\/\/archives.regards.fr\/index.php?rest_route=%2Fwp%2Fv2%2Fcategories&post=8871"},{"taxonomy":"post_tag","embeddable":true,"href":"https:\/\/archives.regards.fr\/index.php?rest_route=%2Fwp%2Fv2%2Ftags&post=8871"}],"curies":[{"name":"wp","href":"https:\/\/api.w.org\/{rel}","templated":true}]}}