{"id":8800,"date":"2015-06-12T12:14:36","date_gmt":"2015-06-12T10:14:36","guid":{"rendered":"https:\/\/wp.muchomaas.com\/article-portfolio-migrants-une-journee-a\/"},"modified":"2023-06-23T23:20:01","modified_gmt":"2023-06-23T21:20:01","slug":"article-portfolio-migrants-une-journee-a","status":"publish","type":"post","link":"https:\/\/archives.regards.fr\/?p=8800","title":{"rendered":"Portfolio : migrants, une journ\u00e9e \u00e0 la Chapelle"},"content":{"rendered":"<p class=\"post_excerpt\">La chasse aux r\u00e9fugi\u00e9s a culmin\u00e9 dans toute son absurdit\u00e9 avec les \u00e9vacuations successives des camps de la Chapelle \u00e0 Paris. Reportage photo de Laurent Hazgui sur la journ\u00e9e de mardi.<\/p>\n<p>C&#8217;est l&#8217;enfer. Pour les migrants violemment expuls\u00e9s. Pour ces \u00eatres humains trait\u00e9s comme du b\u00e9tail parce qu&#8217;ils cherchent \u00e0 vivre dignement, librement. C&#8217;est la honte. Pour la France. Pour la gauche.<\/p>\n<p>Comment trouver les mots ? Nous sommes sous le choc. Qu&#8217;un gouvernement dit de gauche puisse mener la m\u00eame politique absurde socialement et \u00e9conomiquement, inepte sur le plan des droits humains, nous r\u00e9volte. Nous avons choisi de l&#8217;exprimer en images, avec le regard de notre photographe Laurent Hazgui, pr\u00e9sent mardi au Bois Dormoy et rue de la Chapelle.<div id='gallery-1' class='gallery galleryid-8800 gallery-columns-3 gallery-size-thumbnail'><figure class='gallery-item'>\n\t\t\t<div class='gallery-icon landscape'>\n\t\t\t\t<a href='https:\/\/archives.regards.fr\/wp-content\/uploads\/2015\/06\/chapelle-06-66f.jpg'><img loading=\"lazy\" decoding=\"async\" width=\"150\" height=\"150\" src=\"https:\/\/archives.regards.fr\/wp-content\/uploads\/2015\/06\/chapelle-06-66f-150x150.jpg\" class=\"attachment-thumbnail size-thumbnail\" alt=\"chapelle-06.jpg\" \/><\/a>\n\t\t\t<\/div><\/figure><figure class='gallery-item'>\n\t\t\t<div class='gallery-icon landscape'>\n\t\t\t\t<a href='https:\/\/archives.regards.fr\/wp-content\/uploads\/2015\/06\/chapelle-05-215.jpg'><img loading=\"lazy\" decoding=\"async\" width=\"150\" height=\"150\" src=\"https:\/\/archives.regards.fr\/wp-content\/uploads\/2015\/06\/chapelle-05-215-150x150.jpg\" class=\"attachment-thumbnail size-thumbnail\" alt=\"chapelle-05.jpg\" \/><\/a>\n\t\t\t<\/div><\/figure><figure class='gallery-item'>\n\t\t\t<div class='gallery-icon landscape'>\n\t\t\t\t<a href='https:\/\/archives.regards.fr\/wp-content\/uploads\/2015\/06\/chapelle-02-937.jpg'><img loading=\"lazy\" decoding=\"async\" width=\"150\" height=\"150\" src=\"https:\/\/archives.regards.fr\/wp-content\/uploads\/2015\/06\/chapelle-02-937-150x150.jpg\" class=\"attachment-thumbnail size-thumbnail\" alt=\"chapelle-02.jpg\" \/><\/a>\n\t\t\t<\/div><\/figure><figure class='gallery-item'>\n\t\t\t<div class='gallery-icon landscape'>\n\t\t\t\t<a href='https:\/\/archives.regards.fr\/wp-content\/uploads\/2015\/06\/chapelle-01-d4d.jpg'><img loading=\"lazy\" decoding=\"async\" width=\"150\" height=\"150\" src=\"https:\/\/archives.regards.fr\/wp-content\/uploads\/2015\/06\/chapelle-01-d4d-150x150.jpg\" class=\"attachment-thumbnail size-thumbnail\" alt=\"chapelle-01.jpg\" \/><\/a>\n\t\t\t<\/div><\/figure>\n\t\t<\/div>\n<\/p>\n","protected":false},"excerpt":{"rendered":"<p>La chasse aux r\u00e9fugi\u00e9s a culmin\u00e9 dans toute son absurdit\u00e9 avec les \u00e9vacuations successives des camps de la Chapelle \u00e0 Paris. Reportage photo de Laurent Hazgui sur la journ\u00e9e de mardi.<\/p>\n","protected":false},"author":1,"featured_media":22134,"comment_status":"open","ping_status":"open","sticky":false,"template":"","format":"standard","meta":{"_themeisle_gutenberg_block_has_review":false,"footnotes":""},"categories":[157],"tags":[375],"class_list":["post-8800","post","type-post","status-publish","format-standard","has-post-thumbnail","hentry","category-web","tag-immigration"],"_links":{"self":[{"href":"https:\/\/archives.regards.fr\/index.php?rest_route=\/wp\/v2\/posts\/8800","targetHints":{"allow":["GET"]}}],"collection":[{"href":"https:\/\/archives.regards.fr\/index.php?rest_route=\/wp\/v2\/posts"}],"about":[{"href":"https:\/\/archives.regards.fr\/index.php?rest_route=\/wp\/v2\/types\/post"}],"author":[{"embeddable":true,"href":"https:\/\/archives.regards.fr\/index.php?rest_route=\/wp\/v2\/users\/1"}],"replies":[{"embeddable":true,"href":"https:\/\/archives.regards.fr\/index.php?rest_route=%2Fwp%2Fv2%2Fcomments&post=8800"}],"version-history":[{"count":0,"href":"https:\/\/archives.regards.fr\/index.php?rest_route=\/wp\/v2\/posts\/8800\/revisions"}],"wp:featuredmedia":[{"embeddable":true,"href":"https:\/\/archives.regards.fr\/index.php?rest_route=\/wp\/v2\/media\/22134"}],"wp:attachment":[{"href":"https:\/\/archives.regards.fr\/index.php?rest_route=%2Fwp%2Fv2%2Fmedia&parent=8800"}],"wp:term":[{"taxonomy":"category","embeddable":true,"href":"https:\/\/archives.regards.fr\/index.php?rest_route=%2Fwp%2Fv2%2Fcategories&post=8800"},{"taxonomy":"post_tag","embeddable":true,"href":"https:\/\/archives.regards.fr\/index.php?rest_route=%2Fwp%2Fv2%2Ftags&post=8800"}],"curies":[{"name":"wp","href":"https:\/\/api.w.org\/{rel}","templated":true}]}}