{"id":8781,"date":"2015-06-08T01:19:41","date_gmt":"2015-06-07T23:19:41","guid":{"rendered":"https:\/\/wp.muchomaas.com\/article-pouria-amirshahi-il-faut-depasser\/"},"modified":"2023-06-23T23:19:58","modified_gmt":"2023-06-23T21:19:58","slug":"article-pouria-amirshahi-il-faut-depasser","status":"publish","type":"post","link":"https:\/\/archives.regards.fr\/?p=8781","title":{"rendered":"Pouria Amirshahi : \u00ab Il faut d\u00e9passer les tribus de la gauche \u00bb"},"content":{"rendered":"<p class=\"post_excerpt\">\u00c0 la sortie du congr\u00e8s du PS, le d\u00e9put\u00e9 frondeur Pouria Amirshahi propose un nouveau mouvement citoyen pour pr\u00e9parer l&#8217;apr\u00e8s 2017 : un \u00ab mouvement commun\u00a0\u00bb et ouvert pour r\u00e9investir le d\u00e9bat public et imposer les id\u00e9es qui rassemblent \u00e0 gauche.<\/p>\n<p><strong>Regards. \u00c0 l\u2019issue du congr\u00e8s du Parti socialiste, vous appelez vos camarades \u00e0 \u00ab exister \u00e0 c\u00f4t\u00e9 du PS \u00bb. Qu\u2019est-ce que cela signifie concr\u00e8tement ?<br \/>\n<\/strong><\/p>\n<p><strong>Pouria Amirshahi. <\/strong> J\u2019ai, \u00e0 plusieurs reprises et depuis longtemps, caract\u00e9ris\u00e9 la politique du gouvernement comme lib\u00e9rale et s\u00e9curitaire. Aujourd\u2019hui, il faut la d\u00e9passer. Le Parti socialiste est vieillissant, molletiste\u2026 Je ne veux plus perdre de temps en bagarres internes \u00e0 la gauche, mais aller vers un mouvement commun avec les \u00e9cologistes, les communistes, ainsi que ces milliers de citoyens qui ne se reconnaissent plus dans les partis. Pour cr\u00e9er ce mouvement citoyen de type nouveau, il faut d\u00e9passer les chapelles, les tribus, de la gauche. Donc, il faut \u00e9viter les pr\u00e9alables, les injonctions mortif\u00e8res comme celle de quitter sa famille politique et, \u00e0 l\u2019inverse, faire le pari de la sinc\u00e9rit\u00e9.<\/p>\n<p><em> <strong><em>\u00ab Je ne demande \u00e0 personne de quitter son parti \u00bb<br \/>\n<\/strong><\/em> <\/em><\/p>\n<p><strong>Est-ce vraiment possible ?<br \/>\n<\/strong><\/p>\n<p>Nous sommes nombreux \u00e0 \u00eatre d\u2019accord sur les enjeux pour l\u2019avenir : l\u2019\u00e9cologie alternative, la redistribution des richesses, une autre politique \u00e9trang\u00e8re. Il est essentiel de r\u00e9unir celles et ceux qui vont dans ce sens. Mais il ne faut pas poser de pr\u00e9alable. Donc, je ne demande \u00e0 personne de quitter son parti, mais bien d\u2019agir pour r\u00e9imposer, dans le d\u00e9bat public, les id\u00e9es transformatrices que sont l&#8217;\u00e9galit\u00e9 r\u00e9elle entre Fran\u00e7ais de toutes consciences et provenances ; la raison et la morale en \u00e9conomie ; une autre strat\u00e9gie dans la mondialisation\u2026 Ces id\u00e9es sont absentes du d\u00e9bat public en raison de la m\u00e9diocrit\u00e9, des frilosit\u00e9s, des renoncements et des servitudes qui emp\u00eachent de s\u2019exprimer aujourd\u2019hui dans les cadres partisans.<\/p>\n<p><strong>\u00ab Exister \u00e0 c\u00f4t\u00e9 du PS \u00bb n\u2019est-ce pas, d\u00e9j\u00e0, ce que font les gauches du PS au travers du club &#8220;Gauche avenir&#8221;, les frondeurs lors des universit\u00e9s d\u2019\u00e9t\u00e9, ce que vous avez-vous-m\u00eame fait \u00e0 la Bellevilloise ?<br \/>\n<\/strong><\/p>\n<p>C\u2019est en effet dans cet objectif que j\u2019ai organis\u00e9 <a href=\"https:\/\/wp.muchomaas.com\/web\/echanger-pour-changer-la-gauche-se,7963\">une rencontre \u00e0 la Bellevilloise<\/a> en demandant, alors, aux politiques d\u2019\u00eatre humbles, \u00e0 l\u2019image de celles et ceux que nous avons mandat de repr\u00e9senter. J\u2019ai voulu que nous, dirigeants politiques ou \u00e9lus, \u00e9coutions la soci\u00e9t\u00e9 civile. Derni\u00e8rement encore, j\u2019ai particip\u00e9, dans le m\u00eame sens, au Forum europ\u00e9en des alternatives. C\u2019est aussi ce que nous avons entrepris, il y a deux ans, avec celles et ceux que vous, journalistes, vous appelez &#8220;frondeurs&#8221;. Nous avons t\u00e2ch\u00e9 de d\u00e9passer les clivages, les chapelles, les enjeux de personne. Cela a permis de mettre \u00e0 jour des pr\u00e9occupations partag\u00e9es avec nos amis \u00e9cologistes et communistes. Il est plus que temps de d\u00e9passer la sid\u00e9ration dans laquelle nous a tous plong\u00e9s le tournant op\u00e9r\u00e9 par le pr\u00e9sident de la R\u00e9publique. En m\u00eame temps, vous le rappelez, nous avons travaill\u00e9 depuis deux ans. Et cet amalgame politique commence \u00e0 prendre tournure. Il faut d\u00e9sormais aller plus loin et renouer avec une action r\u00e9solue en faveur du progr\u00e8s.<\/p>\n<p><em> <strong><em>\u00ab Il faut \u00e9viter le poison de la pr\u00e9sidentielle de 2017 \u00bb<br \/>\n<\/strong><\/em> <\/em><\/p>\n<p><strong>Beaucoup, \u00e0 gauche du PS, posent la question de votre sinc\u00e9rit\u00e9. Que leur r\u00e9pondez-vous ?<br \/>\n<\/strong><\/p>\n<p>Aucune majorit\u00e9 parlementaire ne refuse de voter la confiance ou le budget pr\u00e9sent\u00e9 par l\u2019ex\u00e9cutif qu\u2019elle a mis en place. Je l\u2019ai fait, \u00e0 plusieurs reprises. On peut certes me reprocher de ne pas avoir vot\u00e9 contre. Mais s\u2019abstenir, c\u2019est d\u00e9j\u00e0 refuser. \u00c0 c\u00f4t\u00e9, j\u2019ai vot\u00e9 en faveur d\u2019une \u00e9crasante majorit\u00e9 de lois qui allaient dans le bon sens. Sans sectarisme ni agressivit\u00e9, nous avons, avec les &#8220;frondeurs&#8221;, impos\u00e9 l\u2019id\u00e9e d\u2019un d\u00e9bat parlementaire libre. Parce que nous proc\u00e9dons du peuple et pas de l\u2019ex\u00e9cutif. Nous avons, collectivement, fait acte d\u2019\u00e9mancipation tout en nous regroupant, en f\u00e9d\u00e9rant des parlementaires issus de sensibilit\u00e9s diff\u00e9rentes. D\u00e9sormais, il est temps de nous ouvrir \u00e0 la soci\u00e9t\u00e9, d\u2019acc\u00e9l\u00e9rer le mouvement dialectique entre la politique citoyenne et sa repr\u00e9sentation. C\u2019est pour cela qu\u2019il faut mener un dialogue permanent, avec celles et ceux qui sont dans les partis de gauche mais, surtout, avec celles et ceux qui luttent au quotidien contre les discriminations, avec les artistes, les syndicalistes, les entrepreneurs de l\u2019\u00e9conome sociale et solidaire\u2026 <\/p>\n<p><strong>Comment faire pour donner \u00e0 voir ce nouveau rassemblement alors que les \u00e9ch\u00e9ances \u00e9lectorales se rapprochent ?<br \/>\n<\/strong><\/p>\n<p>Il faut \u00e9viter le poison de la pr\u00e9sidentielle de 2017 qui p\u00e9trifie ceux qui manquent de courage et qui exacerbe les opportunismes. S\u2019il est possible de se rassembler d\u2019ici l\u00e0, si nous parvenons \u00e0 donner \u00e0 voir ce mouvement commun, pourquoi pas. Sinon, chacun fera son choix. Mais je pr\u00e9f\u00e8re que nous pr\u00e9parions la France d\u2019apr\u00e8s, d\u2019apr\u00e8s 2017. Pour cela, il faut repolitiser les temps inter-\u00e9lectoraux, ceux qui s\u00e9parent les diff\u00e9rents scrutins. <div id='gallery-1' class='gallery galleryid-8781 gallery-columns-3 gallery-size-thumbnail'><figure class='gallery-item'>\n\t\t\t<div class='gallery-icon landscape'>\n\t\t\t\t<a href='https:\/\/archives.regards.fr\/wp-content\/uploads\/2015\/06\/pouria-amirshahi-home-ffd.jpg'><img loading=\"lazy\" decoding=\"async\" width=\"150\" height=\"150\" src=\"https:\/\/archives.regards.fr\/wp-content\/uploads\/2015\/06\/pouria-amirshahi-home-ffd-150x150.jpg\" class=\"attachment-thumbnail size-thumbnail\" alt=\"pouria-amirshahi-home.jpg\" \/><\/a>\n\t\t\t<\/div><\/figure>\n\t\t<\/div>\n<\/p>\n","protected":false},"excerpt":{"rendered":"<p>\u00c0 la sortie du congr\u00e8s du PS, le d\u00e9put\u00e9 frondeur Pouria Amirshahi propose un nouveau mouvement citoyen pour pr\u00e9parer l&#8217;apr\u00e8s 2017 : un \u00ab mouvement commun\u00a0\u00bb et ouvert pour r\u00e9investir le d\u00e9bat public et imposer les id\u00e9es qui rassemblent \u00e0 gauche.<\/p>\n","protected":false},"author":1149,"featured_media":22114,"comment_status":"open","ping_status":"open","sticky":false,"template":"","format":"standard","meta":{"_themeisle_gutenberg_block_has_review":false,"footnotes":""},"categories":[157],"tags":[293,390],"class_list":["post-8781","post","type-post","status-publish","format-standard","has-post-thumbnail","hentry","category-web","tag-entretien","tag-parti-socialiste"],"_links":{"self":[{"href":"https:\/\/archives.regards.fr\/index.php?rest_route=\/wp\/v2\/posts\/8781","targetHints":{"allow":["GET"]}}],"collection":[{"href":"https:\/\/archives.regards.fr\/index.php?rest_route=\/wp\/v2\/posts"}],"about":[{"href":"https:\/\/archives.regards.fr\/index.php?rest_route=\/wp\/v2\/types\/post"}],"author":[{"embeddable":true,"href":"https:\/\/archives.regards.fr\/index.php?rest_route=\/wp\/v2\/users\/1149"}],"replies":[{"embeddable":true,"href":"https:\/\/archives.regards.fr\/index.php?rest_route=%2Fwp%2Fv2%2Fcomments&post=8781"}],"version-history":[{"count":0,"href":"https:\/\/archives.regards.fr\/index.php?rest_route=\/wp\/v2\/posts\/8781\/revisions"}],"wp:featuredmedia":[{"embeddable":true,"href":"https:\/\/archives.regards.fr\/index.php?rest_route=\/wp\/v2\/media\/22114"}],"wp:attachment":[{"href":"https:\/\/archives.regards.fr\/index.php?rest_route=%2Fwp%2Fv2%2Fmedia&parent=8781"}],"wp:term":[{"taxonomy":"category","embeddable":true,"href":"https:\/\/archives.regards.fr\/index.php?rest_route=%2Fwp%2Fv2%2Fcategories&post=8781"},{"taxonomy":"post_tag","embeddable":true,"href":"https:\/\/archives.regards.fr\/index.php?rest_route=%2Fwp%2Fv2%2Ftags&post=8781"}],"curies":[{"name":"wp","href":"https:\/\/api.w.org\/{rel}","templated":true}]}}