{"id":8739,"date":"2015-06-04T10:12:53","date_gmt":"2015-06-04T08:12:53","guid":{"rendered":"https:\/\/wp.muchomaas.com\/article-le-journal-de-beziers-un-torchon\/"},"modified":"2023-06-23T23:19:53","modified_gmt":"2023-06-23T21:19:53","slug":"article-le-journal-de-beziers-un-torchon","status":"publish","type":"post","link":"https:\/\/archives.regards.fr\/?p=8739","title":{"rendered":"Le Journal de B\u00e9ziers, un torchon br\u00fblant"},"content":{"rendered":"<p class=\"post_excerpt\">Police ou journal, Robert M\u00e9nard arme tout ce qui est municipal dans la ville qu&#8217;il dirige d\u00e9sormais. Ou comment lancer un nouveau m\u00e9dia d&#8217;extr\u00eame droite pour mettre des mots et des images sur une politique d\u00e9j\u00e0 \u00e9c\u0153urante.<\/p>\n<p>C&#8217;est une publication si caricaturale qu&#8217;on l&#8217;on pourrait croire \u00e0 une parodie. Mais la r\u00e9alit\u00e9 du nouveau journal municipal de B\u00e9ziers fait vite passer l&#8217;envie d&#8217;en rire. Lecture du num\u00e9ro 13, dat\u00e9 du 15 mai 2015, que les plus courageux pourront t\u00e9l\u00e9charger <a href=\"http:\/\/www.ville-beziers.fr\/sites\/ville-beziers.fr\/files\/media\/pdf\/jdb_n13_mai_02_web.pdf\">ici<\/a>. <\/p>\n<p><strong><em>Une forme \u00e0 la hauteur du fond<br \/>\n<\/strong><\/em><\/p>\n<p>Pass\u00e9e la couverture, une Marianne alti\u00e8re regardant avec insistance sur sa droite, les surprises commencent. D\u00e8s la page 2, la publicit\u00e9 pour all\u00e9ger son Imp\u00f4t sur la fortune (ISF) vaut son pesant de cacahu\u00e8tes\u00a0: <em>\u00ab\u00a0Un virus va encore frapper\u00a0\u00bb, \u00ab\u00a0sa prolif\u00e9ration s&#8217;\u00e9tend chaque ann\u00e9e\u00a0\u00bb<\/em> et, pour faire bonne mesure, <em>\u00ab\u00a0en mai, il est encore temps d&#8217;att\u00e9nuer cette \u00e9pid\u00e9mie\u00a0\u00bb<\/em>. \u00c0 l&#8217;arri\u00e8re-plan, un semblant de mol\u00e9cule du VIH\u00a0: la classe. Nul doute que, pour s&#8217;adresser aux 259 des 45.440 foyers fiscaux de B\u00e9ziers (chiffres 2013) assujettis \u00e0 l&#8217;ISF, un simple courrier aurait \u00e9t\u00e9 plus \u00e9conomique. Mais le ton est donn\u00e9 et la premi\u00e8re impression qui se d\u00e9gage \u00e0 la lecture du <em>Journal de B\u00e9ziers<\/em> est d&#8217;abord visuelle. La maquette se situe quelque part entre <em>D\u00e9tective<\/em> pour la version fran\u00e7aise et les tablo\u00efds anglais les plus r\u00e9pugnants comme <em>The Sun<\/em> pour les r\u00e9f\u00e9rences internationales. <\/p>\n<p>La construction de la page est volontairement criarde et racoleuse. Une s\u00e9rie de tr\u00e8s courts articles dont le titre est quasiment plus long que le contenu. Pour qui cherche une information \u00e9tay\u00e9e et argument\u00e9e, c&#8217;est incontestablement rat\u00e9, mais le commentaire en moins de cinq-cents signes agr\u00e9ment\u00e9 d&#8217;une photo a cet immense avantage de pouvoir \u00eatre lu par tous. <em>\u00ab\u00a0Je voulais faire un journal populaire\u00a0\u00bb<\/em>, a d\u00e9clar\u00e9 Robert M\u00e9nard\u00a0: reconnaissons que la forme retenue est sans doute efficace pour distiller page apr\u00e8s page le poison des th\u00e9matiques d&#8217;extr\u00eame droite.<\/p>\n<p>L&#8217;ours de la publication se r\u00e9duit \u00e0 la plus simple expression\u00a0: le nom du directeur de la publication, celui du maire de B\u00e9ziers. Il est vrai qu&#8217;aucun des articles n&#8217;est sign\u00e9, pas m\u00eame l&#8217;\u00e9ditorial. &#8220;Il ne faut plus interdire de parler des chiffres de l&#8217;immigration&#8221;. Le maire reconna\u00eet prendre lui-m\u00eame la plume tout comme son directeur de cabinet ancien de Troisi\u00e8me voie et Nouvelle  r\u00e9sistance. \u00c0 vrai dire, \u00e7a se voit.<\/p>\n<p><strong><em>Labourer les th\u00e8mes de l&#8217;extr\u00eame droite<br \/>\n<\/strong><\/em><\/p>\n<p>La derni\u00e8re livraison du <em>Journal de B\u00e9ziers<\/em> ne se contente pas des questions du fichage ethnique et religieux (lire l&#8217;encadr\u00e9 ci-dessous), ce sont toutes les th\u00e9matiques de l&#8217;extr\u00eame droite qui sont abord\u00e9s. Celle de la s\u00e9curit\u00e9, de l&#8217;ordre, n&#8217;est pas oubli\u00e9e. Vantant les r\u00e9sultats de sa politique et la baisse de la d\u00e9linquance sur sa ville, l&#8217;article (enfin si l&#8217;on peut dire) est titr\u00e9 &#8220;Sale temps pour les voyous&#8221;. La mise en image se fait par une pseudo interpellation d&#8217;un jeune \u2013 forc\u00e9ment un jeune \u2013 par ce qui devrait \u00eatre un policier municipal, mais qui ressemble \u00e0 s&#8217;y m\u00e9prendre \u00e0 un gros bras de l&#8217;extr\u00eame droite.<\/p>\n<p><img loading=\"lazy\" decoding=\"async\" class=\" aligncenter size-full wp-image-22051\" src=\"https:\/\/wp.muchomaas.com\/wp-content\/uploads\/2015\/06\/beziers-journal-1-b27.jpg\" alt=\"beziers-journal-1.jpg\" align=\"center\" width=\"460\" height=\"299\" srcset=\"https:\/\/archives.regards.fr\/wp-content\/uploads\/2015\/06\/beziers-journal-1-b27.jpg 460w, https:\/\/archives.regards.fr\/wp-content\/uploads\/2015\/06\/beziers-journal-1-b27-300x195.jpg 300w\" sizes=\"auto, (max-width: 460px) 100vw, 460px\" \/><\/p>\n<p>La s\u00e9lection culturelle est du m\u00eame tonneau. Dans la rubrique &#8220;\u00c7a n&#8217;engage que nous&#8221;, le DVD recommand\u00e9 est ainsi <em>La Famille B\u00e9lier<\/em>, agr\u00e9ment\u00e9 d&#8217;une photo de Louane Emera, l&#8217;actrice principale, et de la formule <em>\u00ab\u00a0Lolita de souche\u00a0\u00bb<\/em>. Les quelques lignes qui justifient ce choix ne font gu\u00e8re envie\u00a0: <em>\u00ab\u00a0Un film qui<\/em> (\u2026) <em>joue sur la France d&#8217;avant. Une France rurale o\u00f9 on chante du Sardou \u00e0 pleins poumons\u00a0\u00bb, <\/em> une France <em>\u00ab\u00a0o\u00f9 personne n&#8217;avait besoin de parler sans cesse de &#8220;vivre ensemble&#8221; et o\u00f9 on n&#8217;avait pas besoin de d\u00e9battre sur les repas de substitution \u00e0 la cantine\u00a0de l&#8217;\u00e9cole\u00a0\u00bb<\/em>. Et l&#8217;article de conclure sur l&#8217;actrice\u00a0: <em>\u00ab\u00a0N\u00e9e en 1996, dans l&#8217;obscure cit\u00e9  de H\u00e9nin-Beaumont<\/em> (!),<em> la petite fran\u00e7aise de souche a tout pour app\u00e2ter le nostalgique des ann\u00e9es heureuses\u00a0\u00bb, \u00ab\u00a0les historiens du futur gloseront sans doute sur son cas\u00a0\u00bb.<\/em><\/p>\n<p>Coup de chance, les mots crois\u00e9s de ce num\u00e9ro ont pour th\u00e8me la p\u00e2tisserie, dans un num\u00e9ro pr\u00e9c\u00e9dent c&#8217;\u00e9tait un &#8220;sp\u00e9cial guerre d&#8217;Alg\u00e9rie&#8221;.<\/p>\n<p><strong><em>B\u00e9ziers ce n&#8217;est pas non plus le paradis de l&#8217;opposition<br \/>\n<\/strong><\/em><\/p>\n<p>Le journal municipal se conclut par les textes des groupes d&#8217;opposition au sein du conseil municipal. Une petite note de la r\u00e9daction vient rappeler, \u00e0 regret sans doute, que cet espace oppositionnel est obligatoire. Fort heureusement, <em>\u00ab\u00a0La Tribune du groupe PS ne nous est pas parvenue\u00a0\u00bb<\/em>, ce qui permet d&#8217;a\u00e9rer la page avec une colonne vide. Mais si Robert M\u00e9nard ne peut interdire aux groupes un minimum d&#8217;expression publique, il n&#8217;h\u00e9site pas \u00e0 ajouter des commentaires aux \u00e9crits de ses opposants. Ainsi au court texte du conseiller communiste Aim\u00e9 Couquet, qui d\u00e9nonce le fichage ethnique, s&#8217;ajoute la remarque suivante tout en nuance\u00a0:<em> \u00ab\u00a0Aim\u00e9 Couquet devrait se rappeler l&#8217;\u00e9poque o\u00f9 son parti d\u00e9fon\u00e7ait les foyers de travailleurs \u00e0 coup de bulldozer&#8230; il devrait donc avoir la pudeur de se taire.\u00a0\u00bb<\/em><\/p>\n<p>Robert M\u00e9nard a fait de B\u00e9ziers un laboratoire de l&#8217;extr\u00eame droite. En s&#8217;emparant de la mairie, il b\u00e9n\u00e9ficie d\u00e9sormais de moyens institutionnels qui lui permettent d&#8217;enraciner ses th\u00e9matiques au sein de la population. <em>\u00ab Nous d\u00e9fendons nos id\u00e9es, nous avons \u00e9t\u00e9 \u00e9lus. Notre journal a un point de vue, tous les journaux municipaux font la m\u00eame chose \u00bb, a<\/em> ainsi d\u00e9clar\u00e9 le maire de B\u00e9ziers. Tir\u00e9 \u00e0 44.000 exemplaires, le journal municipal initialement mensuel est pass\u00e9 \u00e0 un rythme bimensuel. Une mani\u00e8re comme une autre d&#8217;\u00e9largir son emprise sur la ville, avec un certain succ\u00e8s\u00a0: lors des \u00e9lections d\u00e9partementales, le FN a emport\u00e9 les trois cantons de B\u00e9ziers, envoyant ainsi six \u00e9lus au Conseil d\u00e9partemental de l&#8217;H\u00e9rault. <div id='gallery-1' class='gallery galleryid-8739 gallery-columns-3 gallery-size-thumbnail'><figure class='gallery-item'>\n\t\t\t<div class='gallery-icon landscape'>\n\t\t\t\t<a href='https:\/\/archives.regards.fr\/wp-content\/uploads\/2015\/05\/beziers-journal-2-c27.jpg'><img loading=\"lazy\" decoding=\"async\" width=\"150\" height=\"150\" src=\"https:\/\/archives.regards.fr\/wp-content\/uploads\/2015\/05\/beziers-journal-2-c27-150x150.jpg\" class=\"attachment-thumbnail size-thumbnail\" alt=\"beziers-journal-2.jpg\" \/><\/a>\n\t\t\t<\/div><\/figure><figure class='gallery-item'>\n\t\t\t<div class='gallery-icon landscape'>\n\t\t\t\t<a href='https:\/\/archives.regards.fr\/wp-content\/uploads\/2015\/05\/beziers-journal-1-85d.jpg'><img loading=\"lazy\" decoding=\"async\" width=\"150\" height=\"150\" src=\"https:\/\/archives.regards.fr\/wp-content\/uploads\/2015\/05\/beziers-journal-1-85d-150x150.jpg\" class=\"attachment-thumbnail size-thumbnail\" alt=\"beziers-journal-1.jpg\" \/><\/a>\n\t\t\t<\/div><\/figure>\n\t\t<\/div>\n<\/p>\n","protected":false},"excerpt":{"rendered":"<p>Police ou journal, Robert M\u00e9nard arme tout ce qui est municipal dans la ville qu&#8217;il dirige d\u00e9sormais. Ou comment lancer un nouveau m\u00e9dia d&#8217;extr\u00eame droite pour mettre des mots et des images sur une politique d\u00e9j\u00e0 \u00e9c\u0153urante.<\/p>\n","protected":false},"author":1097,"featured_media":22051,"comment_status":"open","ping_status":"open","sticky":false,"template":"","format":"standard","meta":{"_themeisle_gutenberg_block_has_review":false,"footnotes":""},"categories":[157],"tags":[355],"class_list":["post-8739","post","type-post","status-publish","format-standard","has-post-thumbnail","hentry","category-web","tag-extreme-droite"],"_links":{"self":[{"href":"https:\/\/archives.regards.fr\/index.php?rest_route=\/wp\/v2\/posts\/8739","targetHints":{"allow":["GET"]}}],"collection":[{"href":"https:\/\/archives.regards.fr\/index.php?rest_route=\/wp\/v2\/posts"}],"about":[{"href":"https:\/\/archives.regards.fr\/index.php?rest_route=\/wp\/v2\/types\/post"}],"author":[{"embeddable":true,"href":"https:\/\/archives.regards.fr\/index.php?rest_route=\/wp\/v2\/users\/1097"}],"replies":[{"embeddable":true,"href":"https:\/\/archives.regards.fr\/index.php?rest_route=%2Fwp%2Fv2%2Fcomments&post=8739"}],"version-history":[{"count":0,"href":"https:\/\/archives.regards.fr\/index.php?rest_route=\/wp\/v2\/posts\/8739\/revisions"}],"wp:featuredmedia":[{"embeddable":true,"href":"https:\/\/archives.regards.fr\/index.php?rest_route=\/wp\/v2\/media\/22051"}],"wp:attachment":[{"href":"https:\/\/archives.regards.fr\/index.php?rest_route=%2Fwp%2Fv2%2Fmedia&parent=8739"}],"wp:term":[{"taxonomy":"category","embeddable":true,"href":"https:\/\/archives.regards.fr\/index.php?rest_route=%2Fwp%2Fv2%2Fcategories&post=8739"},{"taxonomy":"post_tag","embeddable":true,"href":"https:\/\/archives.regards.fr\/index.php?rest_route=%2Fwp%2Fv2%2Ftags&post=8739"}],"curies":[{"name":"wp","href":"https:\/\/api.w.org\/{rel}","templated":true}]}}