{"id":8736,"date":"2015-05-28T01:14:34","date_gmt":"2015-05-27T23:14:34","guid":{"rendered":"https:\/\/wp.muchomaas.com\/article-cambadelis-l-homme-du-vieux-monde\/"},"modified":"2015-05-28T01:14:34","modified_gmt":"2015-05-27T23:14:34","slug":"article-cambadelis-l-homme-du-vieux-monde","status":"publish","type":"post","link":"https:\/\/archives.regards.fr\/?p=8736","title":{"rendered":"Cambad\u00e9lis, l\u2019homme du vieux monde"},"content":{"rendered":"<p class=\"post_excerpt\">Portrait. Le premier secr\u00e9taire du PS est un homme d\u2019appareil, \u00e0 l\u2019ancienne, qui arpente les f\u00e9d\u00e9rations pour cultiver les r\u00e9seaux et garde le go\u00fbt des combinaisons. Avec lui, le PS n&#8217;implose pas, mais il est de plus en plus d\u00e9connect\u00e9 du r\u00e9el.<\/p>\n<p>Extrait du num\u00e9ro 33 de <em>Regards<\/em>, hiver 2015.<\/p>\n<p style=\"text-align: center;\">* * * <\/p>\n<p>Il n\u2019a pas de crainte \u00e0 avoir. Ce jeudi 28 mai 2015, vers une heure du matin, Jean-Christophe Cambad\u00e9lis pourra f\u00eater, dans son bureau de la rue de Solferino, son sacre. Enfin, il aura \u00e9t\u00e9 \u00e9lu premier secr\u00e9taire du Parti socialiste et, cette fois, par les militants. Le vote qui d\u00e9bute \u00e0 17 heures ne laisse planer aucun doute apr\u00e8s le ralliement de deux des trois motions qui concouraient face \u00e0 celle dont il \u00e9tait le premier signataire (lire <a href=\"https:\/\/wp.muchomaas.com\/web\/PS-la-motion-A-plutot-que-le-plan\">&#8220;PS : la motion A plut\u00f4t que le plan B&#8221;<\/a>). <\/p>\n<p>Oppos\u00e9 \u00e0 Christian Paul, Cambad\u00e9lis a juste l\u2019objectif de faire au moins aussi bien que lorsqu\u2019il a \u00e9t\u00e9 \u00e9lu par le conseil national, en remplacement d\u2019Harlem D\u00e9sir, soit 63%. <em>\u00ab Quand on veut vraiment quelque chose, \u00e7a finit par arriver \u00bb<\/em>, lui fait dire Pascale Fautrier, dans <a href=\"https:\/\/wp.muchomaas.com\/web\/article\/50-nuances-de-rouge\">son roman <em>Les Rouges<\/em><\/a>. Cet homme d\u2019appareil est l\u2019un des derniers de son esp\u00e8ce. Un insubmersible aussi.<\/p>\n<p><strong><em>L&#8217;app\u00e9tit du survivant<br \/>\n<\/strong><\/em><\/p>\n<p>Il a surv\u00e9cu \u00e0 deux condamnations pour abus de biens sociaux et emploi fictif. La premi\u00e8re d\u2019entre-elles remonte aux ann\u00e9es 90 et \u00e0 un poste dans une soci\u00e9t\u00e9 gestionnaire de foyers d\u2019immigr\u00e9s, dont le pr\u00e9sident est un ancien membre actif du Front national\u2026 D\u00e9licat pour le fondateur du Manifeste contre le Front national, cr\u00e9\u00e9 \u00e0 la fin des ann\u00e9es 80 pour faire pendant \u00e0 SOS-Racisme, l\u2019organisation du fr\u00e8re ennemi et ancien de la LCR Julien Dray. La seconde date de 2006 et concerne son emploi fictif \u00e0 la Mutuelle nationale des \u00e9tudiants de France (Mnef). <\/p>\n<p>De ces deux affaires, Cambad\u00e9lis garde la certitude d\u2019\u00eatre encore vivant, au sens politique. <em>\u00ab Ma femme dirait que je me crois immortel \u00bb, <\/em> confie l\u2019int\u00e9ress\u00e9 aux journalistes. Il raconte \u00e0 l\u2019envie, pour ne pas contredire son \u00e9pouse, cette chute premi\u00e8re, lorsqu\u2019il a huit ans et qu\u2019il vit au Canada o\u00f9 son noceur de p\u00e8re est parti faire fortune. Quatre \u00e9tages, une voiture amortit le choc, il en ressort indemne. <\/p>\n<p>Depuis, Cambad\u00e9lis garde un app\u00e9tit f\u00e9roce pour la vie. Mais cette vie rime avec la politique, \u00e0 laquelle il donne tout. <em>\u00ab Il est extr\u00eamement, enti\u00e8rement, politique \u00bb, <\/em> r\u00e9sume Patrick Mennucci, qui le conna\u00eet depuis la fin des ann\u00e9es 70 et la cr\u00e9ation de l\u2019Union nationale des \u00e9tudiants de France ind\u00e9pendante et d\u00e9mocratique (Unef-ID). Avec Manuel Valls, Jean-Marie Le Guen et Julien Dray, ils rassemblent, dans cette organisation \u00e9tudiante, trotskistes lambertistes de l\u2019Organisation communiste internationaliste (OCI), &#8220;pablistes&#8221; de la Ligue communiste r\u00e9volutionnaire (LCR) et socialistes. Le tout pour faire pi\u00e8ce aux communistes de l\u2019Unef renouveau et pour <em>\u00ab chasser les gauchistes des facs \u00bb.<\/em> Cambad\u00e9lis, issu de l\u2019OCI, en prend la t\u00eate.<\/p>\n<p><strong><em>\u00c0 l&#8217;\u00e9cole du trotskisme<br \/>\n<\/strong><\/em><\/p>\n<p>Il s\u2019est taill\u00e9 une solide r\u00e9putation \u00e0 l\u2019occasion de son combat initiatique contre la r\u00e9forme Sauni\u00e9-Se\u00eft\u00e9 en 1976. C\u2019est dans ce contexte que le rencontre Yann Couvidat, membre \u00e0 l\u2019\u00e9poque des comit\u00e9s communistes pour l\u2019autogestion (organisation trotskiste minoritaire) et d\u00e9l\u00e9gu\u00e9 de son campus de Bordeaux 2 \u00e0 la coordination \u00e9tudiante.<em> \u00ab Mon premier souvenir de Cambad\u00e9lis est tr\u00e8s graphique : il vient d\u2019interrompre la coordination pour aller faire sa gymnastique pendant trente minutes. \u00bb <\/em> <\/p>\n<p>Celui qui est alors le camarade Kostas s\u2019entretient toujours. Dans les ann\u00e9es 2000, il fait <em>\u00ab cent longueurs de bassin \u00bb<\/em> le matin pour conserver cette allure qui est un des \u00e9l\u00e9ments de sa r\u00e9ussite. <em>\u00ab Il est tr\u00e8s attentif au regard des autres, notamment celui des femmes \u00bb,<\/em> explique un de ses camarades de la &#8220;f\u00e9d\u00e9ration \u00e9tudiante&#8221; lambertiste.<\/p>\n<p>Ce c\u00f4t\u00e9 s\u00e9ducteur : grand gabarit, moue boudeuse, yeux noirs qui vous fouillent jusqu\u2019aux entrailles, il s\u2019en sert encore. Ainsi, ces <em>\u00ab mille \u00bb<\/em> militants r\u00e9unis en d\u00e9cembre pour conclure trois mois d\u2019\u00e9tats g\u00e9n\u00e9raux des socialistes \u2013 les m\u00eames qui ont applaudi \u00e0 chaque critique lanc\u00e9e contre la politique gouvernementale -, se l\u00e8vent et l\u2019ovationnent \u00e0 tout rompre. Matois, <em>\u00ab retors \u00bb<\/em> pour certains, Cambad\u00e9lis n\u2019ignore rien de la psychologie de masse. Sa formation initiale encore : le trotskisme cette <em>\u00ab ENA de la politique \u00bb<\/em>, selon le mot de Christian Piquet, ancien de la LCR, adversaire puis comparse de &#8220;Camba&#8221; \u00e0 l\u2019\u00e9poque du manifeste contre le Front national puis des Assises de la transformation sociale d\u00e8s 1994 \u2013 assises qui vont d\u00e9boucher sur la gauche plurielle.<\/p>\n<p><strong><em>L&#8217;artisan des synth\u00e8ses improbables<br \/>\n<\/strong><\/em><\/p>\n<p>&#8220;Camba&#8221; est en effet le type qui a l\u2019intuition d\u2019une nouvelle alliance avec les communistes, les \u00e9colos, les chev\u00e8nementistes, les radicaux de gauche, un an \u00e0 peine apr\u00e8s la d\u00e9route \u00e9lectorale de 1993 qui lui a valu de perdre son si\u00e8ge de d\u00e9put\u00e9 du 19e arrondissement de Paris. La dissolution inattendue de 1997 lui permettra de retrouver son mandat, mais pas de prendre la t\u00eate du Parti socialiste, qu\u2019il semble pourtant attendre comme un d\u00fb de la part de son ancien camarade en lambertisme Lionel Jospin. <\/p>\n<p>Las, pour lui, Cambad\u00e9lis est <em>\u00ab victime de sa r\u00e9putation \u00bb<\/em>. Celle d\u2019un animal \u00e0 sang froid, man\u0153uvrier, tacticien \u00e0 l\u2019extr\u00eame. Quitte \u00e0 assumer des positions contradictoires. Karel Yon explique dans sa th\u00e8se consacr\u00e9e \u00e0 Convergence(s) socialiste(s), le groupe que fonde et dirige Cambad\u00e9lis en sortant de l\u2019OCI : <em>\u00ab La rigidit\u00e9 du lambertisme permet <\/em> (\u2026) <em>des dispositions \u00e0 g\u00e9rer des discours et des positions contradictoires. \u00bb<\/em><\/p>\n<p>Ce substrat permet \u00e0 Cambad\u00e9lis, d\u00e8s son entr\u00e9e au PS, de se poser en artisan des synth\u00e8ses improbables entre la ligne droiti\u00e8re, qui le verra fid\u00e8le lieutenant de Dominique Strauss-Kahn, et social-d\u00e9mocratie redistributrice. En homme-orchestre du congr\u00e8s de Reims, en 2008, il rassemble les strauss-kahniens, les amis de Martine Aubry et les fabiusiens dans une alliance tactique &#8220;tout sauf S\u00e9gol\u00e8ne Royal&#8221;.<\/p>\n<p><strong><em>\u00ab Un homme d&#8217;appareil \u00e0 100% \u00bb<br \/>\n<\/strong><\/em><\/p>\n<p>Le congr\u00e8s de 2015 a \u00e9t\u00e9 une nouvelle occasion de faire synth\u00e8se entre les lib\u00e9raux sociaux de Manuel Valls et les socio-d\u00e9mocrates de Martine Aubry. En b\u00e2tissant cette alliance, il s\u2019est positionn\u00e9, encore et toujours, au centre de gravit\u00e9 du PS, <em>\u00ab le seul endroit o\u00f9 il estime que l\u2019on peut agir \u00bb<\/em>, r\u00e9sume Guillaume Balas, proche de Beno\u00eet Hamon et co-animateur de la motion &#8220;\u00c0 Gauche pour gagner&#8221;. Le d\u00e9put\u00e9 europ\u00e9en poursuit :<em> \u00ab Jean-Christophe est tr\u00e8s attentif aux rapports de forces qu\u2019il d\u00e9cortique pour trouver le centre de gravit\u00e9 et c\u2019est l\u00e0 qu\u2019il cherche toujours \u00e0 se situer. \u00bb <\/em> <\/p>\n<p>Contrairement \u00e0 Julien Dray qui rentre au PS en m\u00eame temps que lui, Cambad\u00e9lis ne cherchera jamais \u00e0 y cr\u00e9er un courant de gauche. Comme s\u2019il avait aussi compris qu\u2019un tel courant ne lui permettrait jamais de devenir patron du PS. <em>\u00ab \u00catre premier secr\u00e9taire, c\u2019est son r\u00eave depuis que je le connais \u00bb<\/em>, t\u00e9moigne Isabelle Thomas, d\u00e9put\u00e9e europ\u00e9enne, ancienne pr\u00e9sidente de l\u2019Unef-ID, qui l&#8217;a rencontr\u00e9 autour de 1984. <\/p>\n<p>Dans un parti exsangue, guett\u00e9 par le surpoids des \u00e9narques, l\u2019apparatchik Cambad\u00e9lis d\u00e9tonne. Pas uniquement en raison de ses m\u00e9thodes, que r\u00e9sume Marie-Pierre Vieu, en observatrice avis\u00e9e : <em>\u00ab C\u2019est un homme d\u2019appareil \u00e0 100% : il fait et d\u00e9fait les alliances, il joue avec les gens comme avec du lego. \u00bb<\/em> Le nouveau montage politique s\u2019adosse aux discours de la gauche du PS pour mieux le contr\u00f4ler, dixit Guillaume Balas, donner des gages <em>\u00ab \u00e0 une droite du parti qui a l\u2019intelligence de se cacher derri\u00e8re Jean-Christophe \u00bb,<\/em> constate Isabelle Thomas. <\/p>\n<p><strong><em>Les id\u00e9es au filtre de sa strat\u00e9gie<br \/>\n<\/strong><\/em><\/p>\n<p>Cambad\u00e9lis sait r\u00e9cup\u00e9rer les id\u00e9es qu\u2019il voit grandir et se les approprier, pour en ma\u00eetriser la progression. C\u2019est ainsi qu\u2019il a impuls\u00e9 un tournant &#8220;\u00e9co-socialiste&#8221; et &#8220;alter-europ\u00e9en&#8221; \u00e0 un parti socialiste nouvellement promoteur de la <em>\u00ab la soci\u00e9t\u00e9 du bien vivre \u00bb<\/em>, \u00e9cho assum\u00e9 au <em>buen vivir<\/em> d\u00e9velopp\u00e9 par Paul Ari\u00e8s et les d\u00e9croissants. Si tout le monde reconna\u00eet \u00e0 l\u2019actuel premier secr\u00e9taire du PS <em>\u00ab une des meilleures formations politiques parmi les dirigeants du parti \u00bb,<\/em> &#8220;Camba&#8221; n\u2019est pas un cr\u00e9ateur d\u2019id\u00e9ologie. <em>\u00ab Il passe toutes les id\u00e9es au filtre de sa strat\u00e9gie : unit\u00e9 du parti et rassemblement de la gauche \u00bb<\/em>, pr\u00e9cise un bon connaisseur des arcanes solf\u00e9riniennes. <\/p>\n<p>Isabelle Thomas acquiesce sur la capacit\u00e9 de synth\u00e8se mais pointe que c\u2019est l\u00e0 la faiblesse du premier secr\u00e9taire : <em>\u00ab Il a horreur de la bi-polarisation des id\u00e9es. \u00bb<\/em> Guillaume Balas : <em>\u00ab Jean-Christophe n\u2019a pas le sens du moment politique \u00bb<\/em>, celui o\u00f9 tout peut basculer. <em>\u00ab Il pr\u00e9f\u00e8re la p\u00e9rennit\u00e9 de l\u2019appareil. \u00bb<\/em> Le principal int\u00e9ress\u00e9 confirme <a href=\"Les gouvernements passent, le parti reste. Le PS, c'est la seule trace constante \u00e0 travers l'histoire de ce qu'est la gauche\">dans <em>Le Monde<\/a><\/em> : <em>\u00ab Les gouvernements passent, le parti reste. Le PS, c&#8217;est la seule trace constante \u00e0 travers l&#8217;histoire de ce qu&#8217;est la gauche. \u00bb<\/em><\/p>\n<p>C\u2019est donc ce parti qu\u2019il a labour\u00e9, de sections en f\u00e9d\u00e9rations, \u00e0 l\u2019ancienne, pour s\u00e9duire les cadres mis \u00e0 mal par les d\u00e9faites de mars 2014 et du printemps 2015. Il les a fait r\u00eaver d\u2019un parti socialiste h\u00e9g\u00e9monique \u00e0 gauche et fort de 500.000 adh\u00e9rents <em>\u00ab d\u2019ici 2017 \u00bb<\/em>. Dans leurs yeux, il peut <em>\u00ab lire leur consentement \u00e0 son d\u00e9sir \u00bb<\/em>, selon les mots de Pascale Fautrier. Mais, au final, le vrai ressort de la victoire de Cambad\u00e9lis a \u00e9t\u00e9 de d\u00e9connecter le PS de la politique du gouvernement. En ce sens, il est le symbole de cette p\u00e9riode o\u00f9 <em>\u00ab le vieux n\u2019en finit pas de mourir et le neuf peine \u00e0 \u00e9clore \u00bb.<\/em> Tout comme le PS, il est ce <em>\u00ab vieux \u00bb<\/em> et ne veut pas mourir.<\/p>\n","protected":false},"excerpt":{"rendered":"<p>Portrait. Le premier secr\u00e9taire du PS est un homme d\u2019appareil, \u00e0 l\u2019ancienne, qui arpente les f\u00e9d\u00e9rations pour cultiver les r\u00e9seaux et garde le go\u00fbt des combinaisons. Avec lui, le PS n&#8217;implose pas, mais il est de plus en plus d\u00e9connect\u00e9 du r\u00e9el.<\/p>\n","protected":false},"author":1149,"featured_media":0,"comment_status":"open","ping_status":"open","sticky":false,"template":"","format":"standard","meta":{"_themeisle_gutenberg_block_has_review":false,"footnotes":""},"categories":[157],"tags":[390],"class_list":["post-8736","post","type-post","status-publish","format-standard","hentry","category-web","tag-parti-socialiste"],"_links":{"self":[{"href":"https:\/\/archives.regards.fr\/index.php?rest_route=\/wp\/v2\/posts\/8736","targetHints":{"allow":["GET"]}}],"collection":[{"href":"https:\/\/archives.regards.fr\/index.php?rest_route=\/wp\/v2\/posts"}],"about":[{"href":"https:\/\/archives.regards.fr\/index.php?rest_route=\/wp\/v2\/types\/post"}],"author":[{"embeddable":true,"href":"https:\/\/archives.regards.fr\/index.php?rest_route=\/wp\/v2\/users\/1149"}],"replies":[{"embeddable":true,"href":"https:\/\/archives.regards.fr\/index.php?rest_route=%2Fwp%2Fv2%2Fcomments&post=8736"}],"version-history":[{"count":0,"href":"https:\/\/archives.regards.fr\/index.php?rest_route=\/wp\/v2\/posts\/8736\/revisions"}],"wp:attachment":[{"href":"https:\/\/archives.regards.fr\/index.php?rest_route=%2Fwp%2Fv2%2Fmedia&parent=8736"}],"wp:term":[{"taxonomy":"category","embeddable":true,"href":"https:\/\/archives.regards.fr\/index.php?rest_route=%2Fwp%2Fv2%2Fcategories&post=8736"},{"taxonomy":"post_tag","embeddable":true,"href":"https:\/\/archives.regards.fr\/index.php?rest_route=%2Fwp%2Fv2%2Ftags&post=8736"}],"curies":[{"name":"wp","href":"https:\/\/api.w.org\/{rel}","templated":true}]}}