{"id":8683,"date":"2015-05-12T10:21:02","date_gmt":"2015-05-12T08:21:02","guid":{"rendered":"https:\/\/wp.muchomaas.com\/article-le-clientelisme-arme-dassault-a\/"},"modified":"2015-05-12T10:21:02","modified_gmt":"2015-05-12T08:21:02","slug":"article-le-clientelisme-arme-dassault-a","status":"publish","type":"post","link":"https:\/\/archives.regards.fr\/?p=8683","title":{"rendered":"Le client\u00e9lisme, arme Dassault \u00e0 Corbeil-Essonnes"},"content":{"rendered":"<p class=\"post_excerpt\">Un livre du militant communiste Bruno Piriou, plac\u00e9 aux premi\u00e8res loges, d\u00e9monte le &#8220;syst\u00e8me Dassault&#8221; \u00e0 Corbeil-Essonnes. Un syst\u00e8me qui prosp\u00e8re sur les d\u00e9combres provoqu\u00e9s par le lib\u00e9ralisme dans le tissu social, et ne fait qu&#8217;en aggraver les d\u00e9g\u00e2ts.<\/p>\n<p>Depuis vingt ans, Bruno Piriou est l\u2019opposant de Serge Dassault \u00e0 Corbeil-Essonnes. Ce militant communiste a d\u00e9cid\u00e9 d\u2019\u00e9crire un livre sur cette exp\u00e9rience in\u00e9dite, souvent violente, p\u00e9trie de d\u00e9faites \u2013 parfois \u00e0 un cheveu, comme en 2008 avec 174 voix d\u2019\u00e9cart. <\/p>\n<p>Paru chez Fayard, <em>L\u2019argent maudit<\/em> est d\u2019abord le r\u00e9cit de la mainmise d\u2019un milliardaire sur une ville, la description du &#8220;syst\u00e8me Dassault&#8221; et de sa chronique judicaire. Mais ce livre est en r\u00e9alit\u00e9 bien plus que cela. <\/p>\n<p><strong><em>\u00ab Le caract\u00e8re exceptionnel du syst\u00e8me Dassault \u00bb<br \/>\n<\/strong><\/em><\/p>\n<p>Le caract\u00e8re exceptionnel du profil de Serge Dassault et du niveau de corruption en jeu masque des enjeux beaucoup plus courants, ceux du d\u00e9veloppement du client\u00e9lisme \u00e0 l\u2019heure du d\u00e9clin du communisme municipal et de l\u2019av\u00e8nement du n\u00e9olib\u00e9ralisme. Bruno Piriou constate que <em>\u00ab plus on creuse et d\u00e9couvre le caract\u00e8re exceptionnel du syst\u00e8me Dassault \u00e0 Corbeil-Essonnes, plus s\u2019y dessinent les lignes g\u00e9n\u00e9rales qui traversent la soci\u00e9t\u00e9 fran\u00e7aise aujourd\u2019hui \u00bb<\/em>. <\/p>\n<p>Serge Dassault conquiert la ville en 1995, un bastion communiste depuis 1959. Sa victoire est un revers pour une tradition qui, nous dit Piriou, n\u2019a pas su s\u2019adapter aux r\u00e9alit\u00e9s nouvelles : <em>\u00ab D\u2019un c\u00f4t\u00e9, les demandes sociales en tous genres explosent face aux carences de l\u2019\u00c9tat et aux fermetures d\u2019entreprises ; de l\u2019autre, les leviers traditionnels du communisme municipal s\u2019affaiblissent \u00e0 une vitesse in\u00e9dite. Cet effet de ciseau plonge la municipalit\u00e9 dans l\u2019incapacit\u00e9 d\u2019innover, puis de r\u00e9sister, dans son r\u00f4le de redistribution. \u00bb<\/em> <\/p>\n<p>L\u2019arriv\u00e9e de Dassault se traduit d\u2019abord par un embellissement de la ville, la cr\u00e9ation d\u2019une police municipale, la construction d\u2019une mosqu\u00e9e, la d\u00e9molition de HLM \u2013 vestiges symboliques du communisme municipal. Dassault se montre en homme puissant, qui tutoie les ministres et arrive au repas des retrait\u00e9s en h\u00e9licopt\u00e8re. Progressivement, il vend les centres de vacances, supprime la cantine pour les enfants de ch\u00f4meurs, d\u00e9baptise les noms de rue ou baisse la fiscalit\u00e9 pour les actionnaires d\u2019IBM. <\/p>\n<p><strong><em>\u00ab P\u00f4le emploi et le P\u00e8re No\u00ebl r\u00e9unis \u00bb<br \/>\n<\/strong><\/em><\/p>\n<p>\u00c0 l\u2019aide de sa fortune, Dassault distille les aides, distribue les billets. <em>\u00ab Sa position au sommet de la soci\u00e9t\u00e9, sa fortune ahurissante ne fonctionnent pas comme un repoussoir, mais comme une ressource qu\u2019il nous conc\u00e8de \u00bb<\/em>, d\u00e9crypte l\u2019ancien dirigeant des Jeunes communistes. Les emplois \u00e0 la mairie sans qualification se d\u00e9veloppent, les associations fantoches aussi. Les soutiens se monnayent, de nombreux habitants tirent pragmatiquement profit de Dassault pour se sortir d\u2019affaire dans ce monde \u00e9go\u00efste, pr\u00e9caris\u00e9, en panne de projection collective. <em>\u00ab Dassault, c\u2019est P\u00f4le emploi et le P\u00e8re No\u00ebl r\u00e9unis\u2026 \u00bb<\/em>, ironise un habitant. <\/p>\n<p>Prot\u00e9g\u00e9 par la droite au pouvoir mais b\u00e9n\u00e9ficiant aussi, pendant une longue p\u00e9riode, de la bienveillance d\u2019un Manuel Valls, le clan Dassault se d\u00e9gage des mailles de la Justice : les affaires mettent du temps \u00e0 \u00e9clore, en d\u00e9pit des plaintes r\u00e9currentes de Bruno Piriou, des dossiers constitu\u00e9s \u00e0 la force du poignet pour d\u00e9montrer les faits de corruption. Mais ce que raconte ce livre, c\u2019est que la multiplication des affaires est tr\u00e8s peu voire non sanctionn\u00e9e dans les urnes. <\/p>\n<p>Les proc\u00e9dures concernant blanchiment d\u2019argent, abus de biens sociaux ou achats de vote explosent au fil du temps, mais les scores de Dassault puis Jean-Pierre Bechter ne mollissent pas. Une majorit\u00e9 dans la ville semble s\u2019en tenir \u00e0 ce constat dress\u00e9 par Piriou : <em>\u00ab Dans un contexte de d\u00e9fiance \u00e0 l\u2019\u00e9gard des institutions et o\u00f9 le droit commun ne garantit pas l\u2019ascension sociale, chacun a autour de soi la preuve concr\u00e8te qu\u2019un coup de pouce du milliardaire peut changer la vie. \u00bb<\/em><\/p>\n<p><strong><em>\u00ab Le client\u00e9lisme ne sert qu\u2019une cause \u00bb<br \/>\n<\/strong><\/em><\/p>\n<p>La promesse de Dassault a le m\u00e9rite d\u2019\u00eatre concr\u00e8te et palpable quand les grands discours ne r\u00e9pondent pas aux demandes individuelles concr\u00e8tes : <em>\u00ab L\u2019ancrage du syst\u00e8me en cause repose sur l\u2019absence de perspectives pour une partie de la population, et notamment la jeunesse. \u00bb<\/em> Et Piriou de citer les travaux de Roberto Saviano sur la mafia en Corse : <em>\u00ab Tout est permis parce que tout est pourri. \u00bb<\/em> Nous sommes dans un monde o\u00f9 le d\u00e9ficit moral g\u00e9n\u00e9ralis\u00e9 excuse les petits arrangements. <\/p>\n<p>Le d\u00e9clin du monde ouvrier, le d\u00e9veloppement du ch\u00f4mage et de la pr\u00e9carit\u00e9 ont pour expression l\u2019av\u00e8nement d\u2019un syst\u00e8me d\u2019individualisme radical. Autrement dit, le client\u00e9lisme est devenu le mode de fonctionnement de la soci\u00e9t\u00e9 ultralib\u00e9rale, sorte de corollaire n\u00e9cessaire. Mais <em>\u00ab le client\u00e9lisme ne sert qu\u2019une cause, celle des oligarques, pour que rien ne change \u00bb<\/em>, conclut Bruno Piriou. <\/p>\n<p>L\u2019\u00e9lu dresse ainsi le bilan comptable de la ville : <em>\u00ab En vingt ans, les emplois ont chut\u00e9, le nombre de commerces ferm\u00e9s n\u2019a cess\u00e9 d\u2019augmenter, la vie associative s\u2019est ass\u00e9ch\u00e9e, les services publics de la petite enfance, de la jeunesse, se sont d\u00e9grad\u00e9s<\/em> (\u2026). <em>Mais le plus grave me para\u00eet \u00eatre la perte du go\u00fbt \u00e0 s\u2019\u00e9manciper. \u00bb <\/em> Ce sont les voies de la remobilisation politique dans les villes populaires que Bruno Piriou continue de chercher, avec honn\u00eatet\u00e9, d\u00e9termination, conviction. Et pendant ce temps, un gouvernement dit de gauche se f\u00e9licite des premi\u00e8res ventes d&#8217;avions Rafale \u00e0 l\u2019\u00e9tranger\u2026 <\/p>\n","protected":false},"excerpt":{"rendered":"<p>Un livre du militant communiste Bruno Piriou, plac\u00e9 aux premi\u00e8res loges, d\u00e9monte le &#8220;syst\u00e8me Dassault&#8221; \u00e0 Corbeil-Essonnes. Un syst\u00e8me qui prosp\u00e8re sur les d\u00e9combres provoqu\u00e9s par le lib\u00e9ralisme dans le tissu social, et ne fait qu&#8217;en aggraver les d\u00e9g\u00e2ts.<\/p>\n","protected":false},"author":570,"featured_media":0,"comment_status":"open","ping_status":"open","sticky":false,"template":"","format":"standard","meta":{"_themeisle_gutenberg_block_has_review":false,"footnotes":""},"categories":[157],"tags":[],"class_list":["post-8683","post","type-post","status-publish","format-standard","hentry","category-web"],"_links":{"self":[{"href":"https:\/\/archives.regards.fr\/index.php?rest_route=\/wp\/v2\/posts\/8683","targetHints":{"allow":["GET"]}}],"collection":[{"href":"https:\/\/archives.regards.fr\/index.php?rest_route=\/wp\/v2\/posts"}],"about":[{"href":"https:\/\/archives.regards.fr\/index.php?rest_route=\/wp\/v2\/types\/post"}],"author":[{"embeddable":true,"href":"https:\/\/archives.regards.fr\/index.php?rest_route=\/wp\/v2\/users\/570"}],"replies":[{"embeddable":true,"href":"https:\/\/archives.regards.fr\/index.php?rest_route=%2Fwp%2Fv2%2Fcomments&post=8683"}],"version-history":[{"count":0,"href":"https:\/\/archives.regards.fr\/index.php?rest_route=\/wp\/v2\/posts\/8683\/revisions"}],"wp:attachment":[{"href":"https:\/\/archives.regards.fr\/index.php?rest_route=%2Fwp%2Fv2%2Fmedia&parent=8683"}],"wp:term":[{"taxonomy":"category","embeddable":true,"href":"https:\/\/archives.regards.fr\/index.php?rest_route=%2Fwp%2Fv2%2Fcategories&post=8683"},{"taxonomy":"post_tag","embeddable":true,"href":"https:\/\/archives.regards.fr\/index.php?rest_route=%2Fwp%2Fv2%2Ftags&post=8683"}],"curies":[{"name":"wp","href":"https:\/\/api.w.org\/{rel}","templated":true}]}}