{"id":8669,"date":"2015-05-06T17:05:36","date_gmt":"2015-05-06T15:05:36","guid":{"rendered":"https:\/\/wp.muchomaas.com\/article-le-front-national-un-ennemi-de\/"},"modified":"2015-05-06T17:05:36","modified_gmt":"2015-05-06T15:05:36","slug":"article-le-front-national-un-ennemi-de","status":"publish","type":"post","link":"https:\/\/archives.regards.fr\/?p=8669","title":{"rendered":"Le Front national a raval\u00e9 sa fa\u00e7ade, pas ses id\u00e9es"},"content":{"rendered":"<p class=\"post_excerpt\">Aveu de Robert M\u00e9nard sur ses statistiques ethniques, psychodrame familial \u00e0 la t\u00eate du FN : l&#8217;extr\u00eame droite reste l&#8217;extr\u00eame droite, mais on attend encore que quelque chose succ\u00e8de \u00e0 l&#8217;indignation, la sid\u00e9ration ou la complaisance.<\/p>\n<p>La s\u00e9quence du 1er mai a marqu\u00e9 une \u00e9tape dans l\u2019\u00e9volution de l\u2019extr\u00eame droite fran\u00e7aise. Sid\u00e9r\u00e9s par ce qu\u2019ils relatent comme une ascension irr\u00e9sistible vers le pouvoir, avec des photos de Marine Le Pen toujours plus souriante et des interviews d\u2019elle toujours plus complaisantes (<em>\u00ab Madame Le Pen, estimez-vous avoir r\u00e9ussi votre 1er mai ? \u00bb<\/em>, interrogeait, b\u00e9at, un grand journaliste peu soucieux de traquer l\u2019id\u00e9ologie frontiste), les grands m\u00e9dias ont d\u00e9peint en long et en large une saga familiale dramaturgique, aux relents psychologiques. <\/p>\n<p><strong><em>Les mots ont chang\u00e9, pas l&#8217;id\u00e9ologie<br \/>\n<\/strong><\/em><\/p>\n<p>Du fond du discours de Marine Le Pen, il n\u2019a pas \u00e9t\u00e9 question. Or, si la fille s\u2019est d\u00e9gag\u00e9e du p\u00e8re, si elle a r\u00e9ussi \u00e0 donner un visage ripolin\u00e9 au FN, \u00e0 se dissocier des outrances n\u00e9gationnistes et racistes les plus inadmissibles de Jean-Marie Le Pen pour la France d\u2019aujourd\u2019hui, la filiation politique reste intacte. La suspension du p\u00e8re du FN parfait la strat\u00e9gie de Marine Le Pen qui esp\u00e8re ainsi marquer une rupture \u00e0 m\u00eame de la propulser \u00e0 l\u2019\u00c9lys\u00e9e. Et puis, l\u2019extr\u00eame droite aime la discipline et le culte du chef. Marine Le Pen ne d\u00e9roge pas \u00e0 la r\u00e8gle. En sanctionnant son p\u00e8re, elle s\u2019est affirm\u00e9e comme leader supr\u00eame du FN. Il n\u2019y a pas de place pour deux chefs \u00e0 l\u2019extr\u00eame droite. Ce sera donc elle. Quelle diff\u00e9rence ?<\/p>\n<p>Oui, les mots ont ici et l\u00e0 chang\u00e9, les croix gamm\u00e9es et les cr\u00e2nes ras\u00e9s sont mis de c\u00f4t\u00e9 au profit de profils politiques plus classiques, plus technos, \u00e0 l\u2019instar de l\u2019\u00e9narque Florian Philippot. Mais le c\u0153ur id\u00e9ologique reste intact. L\u2019ennemi de l\u2019int\u00e9rieur reste l\u00e0 : il n\u2019est plus le juif des grandes heures antis\u00e9mites du FN, mais le musulman qui envahit le pays. La glorification d\u2019une France \u00e9ternelle, blanche et chr\u00e9tienne, est intacte. La pr\u00e9f\u00e9rence nationale, qui est en r\u00e9alit\u00e9 une pr\u00e9f\u00e9rence raciale, demeure l\u2019alpha et l\u2019om\u00e9ga du r\u00e9cit frontiste. <\/p>\n<p>Robert M\u00e9nard, qui n\u2019est pas au FN mais l\u2019un de ses plus fid\u00e8les repr\u00e9sentants, maintenant maire de B\u00e9ziers, vient d\u2019en donner une triste illustration. <a href=\"http:\/\/www.francetvinfo.fr\/politique\/video-robert-menard-reconnait-compter-les-ecoliers-musulmans-a-beziers_894941.html\">Sur le plateau de <em>Mots crois\u00e9s<\/em><\/a> lundi soir, il avoue sans fard avoir compt\u00e9 les \u00e9l\u00e8ves pr\u00e9tendus musulmans pour arriver au chiffre pr\u00e9cis de 64,4% dans les classes de B\u00e9ziers. Un enfant dont le nom est \u00e0 consonance maghr\u00e9bine se trouve comptabilis\u00e9 comme musulman. <\/p>\n<p><strong><em>Guerre des identit\u00e9s<br \/>\n<\/strong><\/em><\/p>\n<p>La stigmatisation bat son plein, l\u2019affront juridique et politique est de taille de la part d&#8217;un maire qui s\u2019agenouille devant une st\u00e8le de l\u2019OAS et supprime le remboursement de la cantine scolaire aux enfants de ch\u00f4meurs. Si cette borne d\u00e9pass\u00e9e a soulev\u00e9 une large vague d\u2019indignation et de col\u00e8re, elle doit nous alerter sur les limites profondes de la mutation tant vant\u00e9e du FN. <\/p>\n<p>Le projet de l\u2019extr\u00eame droite demeure. Il repose sur la guerre des identit\u00e9s. Le FN s\u2019emploie ainsi \u00e0 diviser le peuple : dans une m\u00eame cage d\u2019escalier, un ouvrier blanc au SMIC qui en bave doit en vouloir \u00e0 son voisin de palier qui, issu de l\u2019immigration, touche le RSA. Il n\u2019est pas question pour l\u2019extr\u00eame droite de pointer l\u2019in\u00e9gale attribution des richesses, de d\u00e9noncer les fortunes gagn\u00e9es par les rentiers qui exploitent le travail du grand nombre, mais de dresser une partie des cat\u00e9gories populaires contre une autre, en fonction de l\u2019origine, de l\u2019identit\u00e9. Avec une m\u00e9thode : l\u2019autorit\u00e9, en lieu et place de la d\u00e9mocratie. <\/p>\n<p>C\u2019est ainsi qu\u2019aux \u00e9lections d\u00e9partementales, la deuxi\u00e8me proposition du FN, apr\u00e8s la pr\u00e9f\u00e9rence nationale, \u00e9tait d\u2019en finir avec les fraudeurs du RSA. Que les deux tiers de ceux qui ont droit \u00e0 ce minimum social ne le touchent pas \u2013 par m\u00e9connaissance du dispositif et difficult\u00e9s \u00e0 affronter les m\u00e9canismes administratifs \u2013 ne r\u00e9volte pas l\u2019extr\u00eame droite. Que l\u2019id\u00e9ologie dominante, et Fran\u00e7ois Hollande avec, valide comme une \u00e9vidence la jonction entre les milieux populaires et l\u2019extr\u00eame droite en dit long sur les impens\u00e9s de fond et l\u2019abandon des milieux populaires par les \u00e9lites. <\/p>\n<p><strong><em>Refuser l&#8217;ordre du jour frontiste<br \/>\n<\/strong><\/em><\/p>\n<p>Mais apr\u00e8s tout, quand Laurent Wauquiez de l\u2019UMP parle de <em>\u00ab cancer de l\u2019assistanat \u00bb<\/em> et qu\u2019Emmanuel Macron du PS explique que s\u2019il \u00e9tait ch\u00f4meur, <a href=\"https:\/\/wp.muchomaas.com\/web\/article\/macron-portrait-du-liquidateur\">il se battrait pour trouver un emploi<\/a>, comment imaginer une opposition cons\u00e9quente et ferme \u00e0 la construction id\u00e9ologique du FN ? Quand les Unes des grands hebdomadaires comme <em>L\u2019Express<\/em> ou <em>Le Point<\/em> sur &#8220;L\u2019islam, cette menace&#8221; se succ\u00e8dent, tel un nouveau marronnier, qu\u2019un d\u00e9put\u00e9 UMP parle d\u2019une <em>\u00ab cinqui\u00e8me colonne, organisation destin\u00e9e \u00e0 combattre notre pays de l\u2019int\u00e9rieur \u00bb<\/em>, comment s\u2019\u00e9tonner que le FN joue ensuite sur du velours pour avancer ses th\u00e8ses x\u00e9nophobes ? <\/p>\n<p>Dans un sondage Ipsos de 2014, on apprend ainsi que les Fran\u00e7ais estiment \u00e0 23% le nombre de musulmans en France. D\u2019apr\u00e8s diff\u00e9rentes enqu\u00eates sociologiques, le juste chiffre se situe autour de 8%. L\u2019obsession \u00e0 l\u2019\u00e9gard des musulmans a gagn\u00e9 les esprits dans notre pays. Elle tend \u00e0 se substituer aux pr\u00e9occupations li\u00e9es \u00e0 l\u2019\u00e9galit\u00e9, valeur \u00e0 laquelle pourtant les Fran\u00e7ais se montrent attach\u00e9s. Elle a pris le pas sur la conflictualit\u00e9 sociale, les antagonismes de classe. <\/p>\n<p>Il ne suffit pas de s\u2019indigner sur les plus ignobles faits et d\u00e9clarations de l\u2019extr\u00eame droite, il faut s\u2019attaquer au c\u0153ur de l\u2019id\u00e9ologie frontiste, refuser l\u2019imposition de ses th\u00e8mes de pr\u00e9dilection, offrir une autre vision des maux de la soci\u00e9t\u00e9 et des fa\u00e7ons de vivre mieux, de renouer avec la fiert\u00e9 populaire. Mais pour cela, encore faudrait-il sortir de la m\u00e9diocrit\u00e9 politique et de la sid\u00e9ration face aux perc\u00e9es frontistes.<\/p>\n","protected":false},"excerpt":{"rendered":"<p>Aveu de Robert M\u00e9nard sur ses statistiques ethniques, psychodrame familial \u00e0 la t\u00eate du FN : l&#8217;extr\u00eame droite reste l&#8217;extr\u00eame droite, mais on attend encore que quelque chose succ\u00e8de \u00e0 l&#8217;indignation, la sid\u00e9ration ou la complaisance.<\/p>\n","protected":false},"author":570,"featured_media":0,"comment_status":"open","ping_status":"open","sticky":false,"template":"","format":"standard","meta":{"_themeisle_gutenberg_block_has_review":false,"footnotes":""},"categories":[211],"tags":[355],"class_list":["post-8669","post","type-post","status-publish","format-standard","hentry","category-je-vois-rouge-par-clementine-autain","tag-extreme-droite"],"_links":{"self":[{"href":"https:\/\/archives.regards.fr\/index.php?rest_route=\/wp\/v2\/posts\/8669","targetHints":{"allow":["GET"]}}],"collection":[{"href":"https:\/\/archives.regards.fr\/index.php?rest_route=\/wp\/v2\/posts"}],"about":[{"href":"https:\/\/archives.regards.fr\/index.php?rest_route=\/wp\/v2\/types\/post"}],"author":[{"embeddable":true,"href":"https:\/\/archives.regards.fr\/index.php?rest_route=\/wp\/v2\/users\/570"}],"replies":[{"embeddable":true,"href":"https:\/\/archives.regards.fr\/index.php?rest_route=%2Fwp%2Fv2%2Fcomments&post=8669"}],"version-history":[{"count":0,"href":"https:\/\/archives.regards.fr\/index.php?rest_route=\/wp\/v2\/posts\/8669\/revisions"}],"wp:attachment":[{"href":"https:\/\/archives.regards.fr\/index.php?rest_route=%2Fwp%2Fv2%2Fmedia&parent=8669"}],"wp:term":[{"taxonomy":"category","embeddable":true,"href":"https:\/\/archives.regards.fr\/index.php?rest_route=%2Fwp%2Fv2%2Fcategories&post=8669"},{"taxonomy":"post_tag","embeddable":true,"href":"https:\/\/archives.regards.fr\/index.php?rest_route=%2Fwp%2Fv2%2Ftags&post=8669"}],"curies":[{"name":"wp","href":"https:\/\/api.w.org\/{rel}","templated":true}]}}