{"id":8644,"date":"2015-04-28T14:54:02","date_gmt":"2015-04-28T12:54:02","guid":{"rendered":"https:\/\/wp.muchomaas.com\/article-a-marseille-la-presse-se-retape\/"},"modified":"2023-06-23T23:19:36","modified_gmt":"2023-06-23T21:19:36","slug":"article-a-marseille-la-presse-se-retape","status":"publish","type":"post","link":"https:\/\/archives.regards.fr\/?p=8644","title":{"rendered":"\u00c0 Marseille, la presse se retape"},"content":{"rendered":"<p class=\"post_excerpt\">Menac\u00e9s de dispara\u00eetre ces derniers mois, <em>Marsactu, Le Ravi<\/em> et <em>La Marseillaise<\/em> entament leur relance. Avec au moins un objectif commun : ne pas laisser le monopole de l&#8217;information locale \u00e0 <em>La Provence<\/em> de Bernard Tapie. Le point sur leurs situations respectives.<\/p>\n<p><em> <\/p>\n<h2>Marsactu, la relance par l&#8217;abonnement<\/h2>\n<p> <\/em><\/p>\n<p><img loading=\"lazy\" decoding=\"async\" class=\" alignleft size-full wp-image-21914\" src=\"https:\/\/wp.muchomaas.com\/wp-content\/uploads\/2015\/04\/presse-marseille-marsactu-630.jpg\" alt=\"presse-marseille-marsactu.jpg\" align=\"left\" width=\"220\" height=\"272\" \/>Le 3 avril, le tribunal de commerce validait l&#8217;offre de reprise port\u00e9e par les 5 salari\u00e9s de ce journal en ligne lanc\u00e9 en 2010 et mis en liquidation judiciaire le 5 mars dernier.<\/p>\n<p>Leur projet est d\u00e9sormais port\u00e9 par le &#8220;Mouvement associatif pour la recr\u00e9ation d&#8217;un site d&#8217;actualit\u00e9 corrosif tonitruant et utile&#8221;. Une association transitoire avant la constitution de la structure juridique qui pourrait \u00eatre une entreprise solidaire de presse. La prochaine \u00e9ch\u00e9ance pour cette jeune \u00e9quipe (deux femmes et trois hommes, un seul a plus de quarante ans) est pr\u00e9vue avant l&#8217;\u00e9t\u00e9: le lancement d&#8217;un <em>crowdfunding<\/em> (financement participatif par le recueil de dons priv\u00e9s via une plateforme en ligne qui, en l&#8217;occurrence, reste \u00e0 choisir). <\/p>\n<p><em>\u00ab L&#8217;id\u00e9e est que les contreparties aux premiers donateurs soient des abonnements \u00bb,<\/em> r\u00e9sume Jean-Marie Leforestier, l&#8217;un des journalistes embarqu\u00e9s. <em>Marsactu<\/em> \u2013 soutenu, au moins moralement, par <em>Mediapart<\/em> \u2013 veut mettre en place <em>\u00ab un mod\u00e8le pour lequel l&#8217;abonnement sera la principale ressource \u00bb.<\/em> En clair, passer au payant. Avant sa liquidation, 20.000 lecteurs en moyenne visitaient le site gratuit plusieurs fois par semaine. Le montant mensuel qui leur sera d\u00e9sormais demand\u00e9 n&#8217;est pas encore fix\u00e9 mais un horizon est d\u00e9fini\u00a0: 5.000 abonn\u00e9s d&#8217;ici trois ans. De quoi permettre aux six ou sept salari\u00e9s pr\u00e9vus (dont les cinq journalistes) de <em>\u00ab poursuivre l&#8217;aventure \u00bb.<\/em> Qui, \u00e9ditorialement, devrait rebondir d\u00e8s le mois d&#8217;octobre prochain, afin d&#8217;\u00eatre <em>\u00ab en ordre de marche au moment des \u00e9lections r\u00e9gionales \u00bb <\/em>de d\u00e9cembre. <\/p>\n<p>Au cours des derni\u00e8res ann\u00e9es, <em>Marsactu<\/em> s&#8217;est fait une place dans le paysage m\u00e9diatique local par sa capacit\u00e9 \u00e0 documenter et \u00e0 d\u00e9crypter la vie politique locale. Les r\u00e9gionales pourraient donc signifier le retour de leurs soir\u00e9es \u00e9lectorale en live-tweet qui ont fait d\u00e9faut lors des r\u00e9centes d\u00e9partementales.<\/p>\n<p><em> <\/p>\n<h2>Le Ravi, une dynamique citoyenne<\/h2>\n<p> <\/em><\/p>\n<p><img loading=\"lazy\" decoding=\"async\" class=\" alignleft size-full wp-image-21915\" src=\"https:\/\/wp.muchomaas.com\/wp-content\/uploads\/2015\/04\/presse-marseille-ravi-a16.jpg\" alt=\"presse-marseille-ravi.jpg\" align=\"left\" width=\"220\" height=\"312\" srcset=\"https:\/\/archives.regards.fr\/wp-content\/uploads\/2015\/04\/presse-marseille-ravi-a16.jpg 220w, https:\/\/archives.regards.fr\/wp-content\/uploads\/2015\/04\/presse-marseille-ravi-a16-212x300.jpg 212w\" sizes=\"auto, (max-width: 220px) 100vw, 220px\" \/>La prochaine \u00e9ch\u00e9ance pour le mensuel est fix\u00e9e au 12 mai, date \u00e0 laquelle le tribunal doit se prononcer sur une prolongation de six mois de la p\u00e9riode d&#8217;observation en cours. <\/p>\n<p><em>\u00ab\u00a0Nous sommes confiants, notre administrateur judiciaire y est favorable\u00a0\u00bb<\/em>, assure Michel Gairaud, r\u00e9dacteur en chef d&#8217;un journal qui, depuis d\u00e9cembre, a enregistr\u00e9 600 abonnements suppl\u00e9mentaires\u00a0! &#8220;L&#8217;effet Charlie&#8221; a jou\u00e9 \u00e0 plein pour ce titre dont le dessin satirique est l&#8217;un des marqueurs historiques.<br \/>\n<em>Le Ravi<\/em> devrait donc pouvoir continuer de travailler \u00e0 la relance jusqu&#8217;en novembre sans se soucier de ses cr\u00e9anciers. <\/p>\n<p>La tutelle administrative sera ensuite lev\u00e9e, mais le gel des dettes aussi. <em>\u00ab On a six mois pour faire la preuve de notre capacit\u00e9 \u00e0 augmenter les ressources propres et \u00e0 valider des tours de table \u00bb,<\/em> pr\u00e9vient Michel Gairaud. Le tout en anticipant les nuages politiques qui se profilent avec notamment un possible passage de la r\u00e9gion \u00e0 la droite, voire au FN. <em>\u00ab La p\u00e9riode tr\u00e8s d\u00e9licate est maintenant derri\u00e8re nous, mais justement ce n&#8217;est pas le moment de l\u00e2cher prise\u00a0: l&#8217;enjeu crucial, c&#8217;est d&#8217;augmenter le nombre d&#8217;abonn\u00e9s. On reste sur cet objectif de 5000 en d\u00e9cembre.\u00a0\u00bb<\/em> Soit 0,001 % de la population de PACA, rappelle <em>Le Ravi<\/em> qui compte aujourd&#8217;hui 1.400 abonn\u00e9s. Parvenue \u00e0 cr\u00e9er autour de son projet de relance une petite dynamique citoyenne (cf. le succ\u00e8s de la soir\u00e9e de soutien le 13 mars dernier), l&#8217;\u00e9quipe aujourd&#8217;hui r\u00e9duite se projette sur un id\u00e9al de six \u00e9quivalents temps plein.<\/p>\n<p><em> <\/p>\n<h2>La Marseillaise, une reprise pour la continuit\u00e9<\/h2>\n<p> <\/em><\/p>\n<p><img loading=\"lazy\" decoding=\"async\" class=\" alignleft size-full wp-image-21916\" src=\"https:\/\/wp.muchomaas.com\/wp-content\/uploads\/2015\/04\/presse-marseille-marseillaise-4a8.jpg\" alt=\"presse-marseille-marseillaise.jpg\" align=\"left\" width=\"220\" height=\"310\" srcset=\"https:\/\/archives.regards.fr\/wp-content\/uploads\/2015\/04\/presse-marseille-marseillaise-4a8.jpg 220w, https:\/\/archives.regards.fr\/wp-content\/uploads\/2015\/04\/presse-marseille-marseillaise-4a8-213x300.jpg 213w\" sizes=\"auto, (max-width: 220px) 100vw, 220px\" \/>La SAS des \u00c9ditions des F\u00e9d\u00e9r\u00e9s, pr\u00e9sid\u00e9e par Pierre Dharr\u00e9ville, \u00e9galement secr\u00e9taire d\u00e9partemental du PCF des Bouches du Rh\u00f4ne, est le nouveau propri\u00e9taire du quotidien depuis le 15 avril. Leur offre valid\u00e9e par le tribunal de commerce permet de reprendre 117 des 208 salari\u00e9s que comptait le journal. Aux alentours du 15 mai, l&#8217;administrateur charg\u00e9 de conduire le plan social aura signifi\u00e9 leur d\u00e9part aux 91 restant sur le carreau. Parmi eux, des d\u00e9parts volontaires et des futurs retrait\u00e9s.<\/p>\n<p>En attendant, la r\u00e9daction de ce titre historique de la PQR dont un journaliste a \u00e9t\u00e9 d\u00e9cor\u00e9 du prix Albert Londres en 2014 [[Philippe Pujol pour sa s\u00e9rie d&#8217;articles autour du trafic de stup\u00e9fiants dans les quartiers nords de Marseille, publi\u00e9s \u00e0 l&#8217;\u00e9t\u00e9 2013 dans les colonnes du quotidien et d\u00e9sormais r\u00e9unis dans un ouvrage intitul\u00e9 <em>French deconnection au c\u0153ur des trafics<\/em> (Robert Laffont, 2014).]] reste \u00e0 pied d&#8217;\u0153uvre\u00a0: <em>\u00ab L&#8217;impression ne se fait plus au journal mais \u00e0 Vitrolles<\/em>, explique Pierre Dharr\u00e9ville, <em>on est pass\u00e9 de six \u00e9ditions \u00e0 trois et on commence \u00e0 modifier la structure du journal\u00a0\u00bb<\/em>. <\/p>\n<p>Trois axes de travail sont mis en avant\u00a0: le papier avec une nouvelle formule pr\u00e9vue pour septembre\u00a0; le site web qui devrait s&#8217;orienter vers des formules &#8220;premium&#8221;\u00a0; et une r\u00e9flexion autour d&#8217;un travail de mise en relation des lecteurs afin de leur proposer <em>\u00ab\u00a0des capacit\u00e9s d&#8217;initiative dans la cit\u00e9\u00a0\u00bb<\/em>, un <em>\u00ab m\u00e9dia de lien\u00a0\u00bb<\/em>.<\/p>\n<p>La ligne \u00e9ditoriale du journal devrait perdurer. <em>\u00ab\u00a0Nous nous y sommes engag\u00e9s aupr\u00e8s des salari\u00e9s.<\/em> La Marseillaise <em>va continuer d&#8217;\u00eatre ce journal d&#8217;opinion qui fait de l&#8217;information locale \u00e0 partir d&#8217;un point de vue qui est celui d&#8217;une volont\u00e9 de transformation sociale et d&#8217;\u00e9mancipation humaine. On veut nourrir un d\u00e9bat public qui se r\u00e9tr\u00e9cit singuli\u00e8rement. Il y a aujourd&#8217;hui un flux continu d&#8217;information qui peut cr\u00e9er un effet de sid\u00e9ration. Face \u00e0 cela, on assume compl\u00e8tement notre personnalit\u00e9\u00a0: on veut proposer une lecture du monde. \u00bb<\/em><div id='gallery-1' class='gallery galleryid-8644 gallery-columns-3 gallery-size-thumbnail'><figure class='gallery-item'>\n\t\t\t<div class='gallery-icon portrait'>\n\t\t\t\t<a href='https:\/\/archives.regards.fr\/wp-content\/uploads\/2015\/04\/presse-marseille-ravi-821.jpg'><img loading=\"lazy\" decoding=\"async\" width=\"150\" height=\"150\" src=\"https:\/\/archives.regards.fr\/wp-content\/uploads\/2015\/04\/presse-marseille-ravi-821-150x150.jpg\" class=\"attachment-thumbnail size-thumbnail\" alt=\"presse-marseille-ravi.jpg\" \/><\/a>\n\t\t\t<\/div><\/figure><figure class='gallery-item'>\n\t\t\t<div class='gallery-icon portrait'>\n\t\t\t\t<a href='https:\/\/archives.regards.fr\/wp-content\/uploads\/2015\/04\/presse-marseille-marseillaise-d96.jpg'><img loading=\"lazy\" decoding=\"async\" width=\"150\" height=\"150\" src=\"https:\/\/archives.regards.fr\/wp-content\/uploads\/2015\/04\/presse-marseille-marseillaise-d96-150x150.jpg\" class=\"attachment-thumbnail size-thumbnail\" alt=\"presse-marseille-marseillaise.jpg\" \/><\/a>\n\t\t\t<\/div><\/figure><figure class='gallery-item'>\n\t\t\t<div class='gallery-icon portrait'>\n\t\t\t\t<a href='https:\/\/archives.regards.fr\/wp-content\/uploads\/2015\/04\/presse-marseille-marsactu-ba9.jpg'><img loading=\"lazy\" decoding=\"async\" width=\"150\" height=\"150\" src=\"https:\/\/archives.regards.fr\/wp-content\/uploads\/2015\/04\/presse-marseille-marsactu-ba9-150x150.jpg\" class=\"attachment-thumbnail size-thumbnail\" alt=\"presse-marseille-marsactu.jpg\" \/><\/a>\n\t\t\t<\/div><\/figure>\n\t\t<\/div>\n<\/p>\n","protected":false},"excerpt":{"rendered":"<p>Menac\u00e9s de dispara\u00eetre ces derniers mois, <em>Marsactu, Le Ravi<\/em> et <em>La Marseillaise<\/em> entament leur relance. Avec au moins un objectif commun : ne pas laisser le monopole de l&#8217;information locale \u00e0 <em>La Provence<\/em> de Bernard Tapie. Le point sur leurs situations respectives.<\/p>\n","protected":false},"author":558,"featured_media":21914,"comment_status":"open","ping_status":"open","sticky":false,"template":"","format":"standard","meta":{"_themeisle_gutenberg_block_has_review":false,"footnotes":""},"categories":[157],"tags":[449,287],"class_list":["post-8644","post","type-post","status-publish","format-standard","has-post-thumbnail","hentry","category-web","tag-marseille","tag-medias"],"_links":{"self":[{"href":"https:\/\/archives.regards.fr\/index.php?rest_route=\/wp\/v2\/posts\/8644","targetHints":{"allow":["GET"]}}],"collection":[{"href":"https:\/\/archives.regards.fr\/index.php?rest_route=\/wp\/v2\/posts"}],"about":[{"href":"https:\/\/archives.regards.fr\/index.php?rest_route=\/wp\/v2\/types\/post"}],"author":[{"embeddable":true,"href":"https:\/\/archives.regards.fr\/index.php?rest_route=\/wp\/v2\/users\/558"}],"replies":[{"embeddable":true,"href":"https:\/\/archives.regards.fr\/index.php?rest_route=%2Fwp%2Fv2%2Fcomments&post=8644"}],"version-history":[{"count":0,"href":"https:\/\/archives.regards.fr\/index.php?rest_route=\/wp\/v2\/posts\/8644\/revisions"}],"wp:featuredmedia":[{"embeddable":true,"href":"https:\/\/archives.regards.fr\/index.php?rest_route=\/wp\/v2\/media\/21914"}],"wp:attachment":[{"href":"https:\/\/archives.regards.fr\/index.php?rest_route=%2Fwp%2Fv2%2Fmedia&parent=8644"}],"wp:term":[{"taxonomy":"category","embeddable":true,"href":"https:\/\/archives.regards.fr\/index.php?rest_route=%2Fwp%2Fv2%2Fcategories&post=8644"},{"taxonomy":"post_tag","embeddable":true,"href":"https:\/\/archives.regards.fr\/index.php?rest_route=%2Fwp%2Fv2%2Ftags&post=8644"}],"curies":[{"name":"wp","href":"https:\/\/api.w.org\/{rel}","templated":true}]}}