{"id":8636,"date":"2015-04-25T20:29:56","date_gmt":"2015-04-25T18:29:56","guid":{"rendered":"https:\/\/wp.muchomaas.com\/article-migrants-l-europe-militarise-sa\/"},"modified":"2023-06-23T23:19:35","modified_gmt":"2023-06-23T21:19:35","slug":"article-migrants-l-europe-militarise-sa","status":"publish","type":"post","link":"https:\/\/archives.regards.fr\/?p=8636","title":{"rendered":"Migrants : l\u2019Europe militarise sa r\u00e9ponse"},"content":{"rendered":"<p class=\"post_excerpt\">Les dirigeants europ\u00e9ens ont d\u00e9cid\u00e9 jeudi de demander \u00e0 l\u2019ONU un mandat pour mener des actions militaires contre les passeurs en Libye. Apr\u00e8s avoir criminalis\u00e9 les migrants, l\u2019UE s\u2019appr\u00eate \u00e0 armer la lutte contre l\u2019immigration clandestine.<\/p>\n<p>L&#8217;UE doit <em>\u00ab d\u00e9clarer la guerre aux trafiquants d&#8217;\u00eatres humains \u00bb<\/em>, a martel\u00e9 jeudi le commissaire aux affaires int\u00e9rieures, Dimitris Avramopoulos. La m\u00e9thode est bien connue des hommes politiques : quand on a un probl\u00e8me, on lui <em>\u00ab d\u00e9clare la guerre \u00bb.<\/em> Le plus souvent, c\u2019est m\u00e9taphorique : <em>\u00ab Je veux faire la guerre \u00e0 l&#8217;illettrisme, \u00e0 la pauvret\u00e9, au ch\u00f4mage, aux concurrences d\u00e9loyales, au communautarisme, \u00e0 la d\u00e9linquance, \u00e0 l&#8217;injustice \u00bb<\/em>, promettait par exemple Nicolas Sarkozy dans un discours de campagne en 2012, l\u2019emphase guerri\u00e8re du langage visant dans ce genre de cas \u00e0 compenser la faiblesse de l\u2019action r\u00e9elle. Il est \u00e0 craindre cependant que la d\u00e9claration belliqueuse de Monsieur Avramopoulos soit tout \u00e0 fait litt\u00e9rale. <\/p>\n<p>D\u00e8s le lendemain du naufrage en M\u00e9diterran\u00e9e, dimanche, d\u2019un chalutier avec quelque huit-cents migrants \u00e0 bord, les dirigeants europ\u00e9ens ont en effet \u00e9voqu\u00e9 la piste d\u2019une op\u00e9ration militaire contre les trafiquants qui profitent de la mis\u00e8re des personnes fuyant la guerre ou la mis\u00e8re. Si cela fait trente ans que l\u2019Europe criminalise l\u2019immigration, se contentant, en guise de politique migratoire, d\u2019un dispositif de surveillance des fronti\u00e8res, la militarisation de la lutte contre l&#8217;immigration clandestine serait une grande premi\u00e8re. <\/p>\n<p><strong><em>\u00ab Impossible de tarir cette source par la force \u00bb<br \/>\n<\/strong><\/em><\/p>\n<p>L\u2019Italie est parmi les \u00c9tats les plus offensifs en la mati\u00e8re, le chef du gouvernement Matteo Renzi ayant \u00e9voqu\u00e9 d\u00e8s mardi des <em>\u00ab interventions cibl\u00e9es \u00bb<\/em> contre les passeurs en Libye, devenu le pays d&#8217;embarquement des migrants et des candidats \u00e0 l&#8217;asile en direction de l&#8217;Italie et de Malte. <em>\u00ab Nous savons o\u00f9 les trafiquants mettent leurs bateaux, <\/em> assurait m\u00eame sa ministre de la D\u00e9fense Roberta Pinotti mercredi. <em>Les plans pour une intervention militaire sont l\u00e0. \u00bb<\/em> Parmi les propositions sur la table figure la destruction, par drones arm\u00e9s, des bateaux vides des passeurs sur les c\u00f4tes libyennes. <\/p>\n<p>Une voie hasardeuse : comment distinguer une embarcation de passeur d\u2019un chalutier de p\u00eacheurs ? Surtout, comment \u00eatre s\u00fbr que le bateau est vraiment vide ? Pour Kader Abderrahim, chercheur \u00e0 l\u2019Iris interrog\u00e9 par l\u2019AFP, l\u2019id\u00e9e d\u2019intervenir militairement en Libye est aussi dangereuse qu\u2019inefficace : <em>\u00ab C\u2019est un pays avec deux gouvernements, deux parlements, plus de 150 milices, 60.000 hommes arm\u00e9s au bas mot. On se retrouverait comme des pigeons dans un champ de foire \u00bb<\/em>, estime-t-il. <em>\u00ab\u00a0Faire un blocus ? Mettre cinq mille bateaux en M\u00e9diterran\u00e9e, poser des mines comme pendant la derni\u00e8re guerre ? C\u2019est absolument incontr\u00f4lable. Il faut s\u2019attaquer \u00e0 la cause du probl\u00e8me, pas \u00e0 sa cons\u00e9quence,<\/em> poursuit-il. <em>Ceux qui sont d\u00e9termin\u00e9s \u00e0 venir trouveront toujours des points d\u2019entr\u00e9e. \u00c7a rapporte tellement d\u2019argent que les trafiquants seront toujours tr\u00e8s cr\u00e9atifs en la mati\u00e8re. Il est impossible de tarir cette source par la force. \u00bb <\/em> <\/p>\n<p>Des consid\u00e9rations vite balay\u00e9es. Jeudi, l\u2019option militaire a \u00e9t\u00e9 confirm\u00e9e \u00e0 l\u2019issue du sommet europ\u00e9en extraordinaire \u00e0 Bruxelles. Outre l\u2019engagement \u00e0 accro\u00eetre leur pr\u00e9sence en mer, \u00e0 pr\u00e9venir les arriv\u00e9es <em>\u00ab irr\u00e9guli\u00e8res \u00bb<\/em> en renfor\u00e7ant les expulsions et \u00e0 organiser un syst\u00e8me d\u2019accueil plus <em>\u00ab solidaire \u00bb<\/em>, les vingt-huit chefs d\u2019\u00c9tat et de gouvernement europ\u00e9ens ont insist\u00e9 sur la n\u00e9cessit\u00e9 d\u2019<em>\u00ab identifier, capturer et d\u00e9truire \u00bb<\/em> les bateaux avant qu\u2019ils ne soient utilis\u00e9s par les passeurs. <\/p>\n<p><strong><em>Derni\u00e8re voie d&#8217;entr\u00e9e<br \/>\n<\/strong><\/em><\/p>\n<p>\u00c9tant donn\u00e9 que bombarder par drone des cibles dans un pays \u00e9tranger, comme l\u2019envisage l\u2019Italie, est un acte ill\u00e9gal au regard du droit international, la France et le Royaume-Uni vont pr\u00e9senter un projet de r\u00e9solution \u00e0 l\u2019ONU. Ils pourraient prendre pour mod\u00e8le l\u2019op\u00e9ration Atalante, d\u00e9ploy\u00e9e en 2008 avec l\u2019aval de l\u2019ONU, contre les pirates somaliens qui attaquaient les cargos dans l&#8217;oc\u00e9an Indien. <\/p>\n<p>La cheffe de la diplomatie europ\u00e9enne, Federica Mogherini, doit r\u00e9fl\u00e9chir aux conditions juridiques n\u00e9cessaires pour engager d\u2019\u00e9ventuelles op\u00e9rations militaires sur la c\u00f4te libyenne. David Cameron a quant \u00e0 lui annonc\u00e9 que le Royaume-Uni mettait \u00e0 disposition son navire de guerre, le HMS Bulwark, deux patrouilleurs ainsi que trois h\u00e9licopt\u00e8res pour <em>\u00ab d\u00e9molir les gangs \u00bb<\/em>. Matteo Renzi rencontrera lundi \u00e0 Rome le secr\u00e9taire g\u00e9n\u00e9ral de l&#8217;ONU Ban Ki-moon. <\/p>\n<p>Une mobilisation d\u2019une rapidit\u00e9 remarquable, suppos\u00e9e montrer que l\u2019UE est \u00e0 la hauteur des enjeux humanitaires du moment. Encore ne faudrait-il pas oublier, dans la pr\u00e9cipitation, que si ces <em>\u00ab marchands d\u2019esclaves du XXIe si\u00e8cle \u00bb <\/em> existent, c\u2019est parce qu\u2019ils repr\u00e9sentent le seul moyen d\u2019acc\u00e9der \u00e0 l\u2019Europe, qui a quasiment ferm\u00e9 toutes les voies d\u2019entr\u00e9e l\u00e9gales aux migrants. Pour supprimer les passeurs, il suffirait donc de r\u00e9tablir des voies l\u00e9gales. Une solution proprement politique qui s\u2019attaquerait au fond du probl\u00e8me, mais qui int\u00e9resse manifestement beaucoup moins les dirigeants europ\u00e9ens. <div id='gallery-1' class='gallery galleryid-8636 gallery-columns-3 gallery-size-thumbnail'><figure class='gallery-item'>\n\t\t\t<div class='gallery-icon landscape'>\n\t\t\t\t<a href='https:\/\/archives.regards.fr\/wp-content\/uploads\/2015\/04\/migrants-militarisation-d5f.jpg'><img loading=\"lazy\" decoding=\"async\" width=\"150\" height=\"150\" src=\"https:\/\/archives.regards.fr\/wp-content\/uploads\/2015\/04\/migrants-militarisation-d5f-150x150.jpg\" class=\"attachment-thumbnail size-thumbnail\" alt=\"migrants-militarisation.jpg\" \/><\/a>\n\t\t\t<\/div><\/figure>\n\t\t<\/div>\n<\/p>\n","protected":false},"excerpt":{"rendered":"<p>Les dirigeants europ\u00e9ens ont d\u00e9cid\u00e9 jeudi de demander \u00e0 l\u2019ONU un mandat pour mener des actions militaires contre les passeurs en Libye. Apr\u00e8s avoir criminalis\u00e9 les migrants, l\u2019UE s\u2019appr\u00eate \u00e0 armer la lutte contre l\u2019immigration clandestine.<\/p>\n","protected":false},"author":1098,"featured_media":21904,"comment_status":"open","ping_status":"open","sticky":false,"template":"","format":"standard","meta":{"_themeisle_gutenberg_block_has_review":false,"footnotes":""},"categories":[157],"tags":[352,375],"class_list":["post-8636","post","type-post","status-publish","format-standard","has-post-thumbnail","hentry","category-web","tag-europe","tag-immigration"],"_links":{"self":[{"href":"https:\/\/archives.regards.fr\/index.php?rest_route=\/wp\/v2\/posts\/8636","targetHints":{"allow":["GET"]}}],"collection":[{"href":"https:\/\/archives.regards.fr\/index.php?rest_route=\/wp\/v2\/posts"}],"about":[{"href":"https:\/\/archives.regards.fr\/index.php?rest_route=\/wp\/v2\/types\/post"}],"author":[{"embeddable":true,"href":"https:\/\/archives.regards.fr\/index.php?rest_route=\/wp\/v2\/users\/1098"}],"replies":[{"embeddable":true,"href":"https:\/\/archives.regards.fr\/index.php?rest_route=%2Fwp%2Fv2%2Fcomments&post=8636"}],"version-history":[{"count":0,"href":"https:\/\/archives.regards.fr\/index.php?rest_route=\/wp\/v2\/posts\/8636\/revisions"}],"wp:featuredmedia":[{"embeddable":true,"href":"https:\/\/archives.regards.fr\/index.php?rest_route=\/wp\/v2\/media\/21904"}],"wp:attachment":[{"href":"https:\/\/archives.regards.fr\/index.php?rest_route=%2Fwp%2Fv2%2Fmedia&parent=8636"}],"wp:term":[{"taxonomy":"category","embeddable":true,"href":"https:\/\/archives.regards.fr\/index.php?rest_route=%2Fwp%2Fv2%2Fcategories&post=8636"},{"taxonomy":"post_tag","embeddable":true,"href":"https:\/\/archives.regards.fr\/index.php?rest_route=%2Fwp%2Fv2%2Ftags&post=8636"}],"curies":[{"name":"wp","href":"https:\/\/api.w.org\/{rel}","templated":true}]}}