{"id":8630,"date":"2015-04-23T15:01:51","date_gmt":"2015-04-23T13:01:51","guid":{"rendered":"https:\/\/wp.muchomaas.com\/article-serge-guichard-sous-couvert-de\/"},"modified":"2015-04-23T15:01:51","modified_gmt":"2015-04-23T13:01:51","slug":"article-serge-guichard-sous-couvert-de","status":"publish","type":"post","link":"https:\/\/archives.regards.fr\/?p=8630","title":{"rendered":"Serge Guichard : \u00ab Sous couvert de compassion, les politiques men\u00e9es \u00e9crasent les migrants \u00bb"},"content":{"rendered":"<p class=\"post_excerpt\">Les naufrages en M\u00e9diterran\u00e9e sont la cons\u00e9quence in\u00e9luctable des politiques europ\u00e9ennes d&#8217;asile et d&#8217;immigration, explique le militant Serge Guichard, pour qui on ne r\u00e9soudra pas le probl\u00e8me sans l&#8217;aborder du point de vue des migrants.<\/p>\n<p>Serge Guichard a longtemps milit\u00e9 aupr\u00e8s des migrants, notamment \u00e0 Calais, et des Roms. Il est le co-auteur de <a href=\"http:\/\/www.lafabrique.fr\/catalogue.php?idArt=836\"><em>Roms &#038; riverains. Une politique municipale de la race<\/em><\/a> (avec Aur\u00e9lie Windels, Carine Fouteau et \u00c9ric Fassin \u2013 La Fabrique 2014).<\/p>\n<p><strong>Regards. Les r\u00e9cents naufrages ont recr\u00e9\u00e9 de l&#8217;attention pour les drames qui se d\u00e9roulent en M\u00e9diterran\u00e9e, mais n&#8217;est-on pas condamn\u00e9 \u00e0 g\u00e9rer une catastrophe permanente ?<br \/>\n<\/strong><\/p>\n<p><strong>Serge Guichard. <\/strong> Les pays europ\u00e9ens sont condamn\u00e9s \u00e0 g\u00e9rer une catastrophe permanente aussi longtemps qu&#8217;ils continueront \u00e0 cr\u00e9er celle-ci. On nous laisse penser que ce serait un probl\u00e8me de passeurs, mais l&#8217;Europe devrait d&#8217;abord se demander pourquoi des gens sont pr\u00eats \u00e0 risquer leur vie pour migrer, et trouver une autre gestion que celle de la catastrophe permanente. <\/p>\n<p><strong>Les missions de Frontex semblent \u00eatre surtout de renforcer les murailles de la forteresse Europe et de contr\u00f4ler les migrants. R\u00e9sument-elles la politique de l&#8217;Europe en la mati\u00e8re ?<br \/>\n<\/strong><\/p>\n<p>Cette politique dure depuis des ann\u00e9es. L&#8217;Europe a pens\u00e9 dans un premier temps qu&#8217;elle allait contr\u00f4ler et externaliser ses fronti\u00e8res, voire d\u00e9l\u00e9guer \u00e0 d&#8217;autres pays l&#8217;enfermement des migrants pour interdire leur passage. Elle s&#8217;en est pris, non seulement \u00e0 la possibilit\u00e9 de migrer pour fuir la mis\u00e8re ou des situations d&#8217;impasse \u00e9conomique et sociale afin de trouver un autre avenir, mais aussi au droit en principe inali\u00e9nable de se r\u00e9fugier face \u00e0 des drames comme les guerres \u2013 guerres dans lesquelles l&#8217;Europe et la France ont souvent une grande responsabilit\u00e9. <\/p>\n<p><em> <strong><em><br \/>\n\u00ab Les d\u00e9clarations des responsables politiques \u00e0 propos des naufrages s&#8217;apparentent \u00e0 un bal des hypocrites \u00bb<br \/>\n<\/strong><\/em> <\/em><\/p>\n<p><strong>Y a-t-il un sens \u00e0 distinguer les d\u00e9parts li\u00e9s aux conflits et aux pers\u00e9cutions politiques, et ceux qui ont pour cause la pauvret\u00e9 et l&#8217;espoir d&#8217;une vie meilleure en Europe ?<br \/>\n<\/strong><\/p>\n<p>Cette distinction a toujours un sens dans le droit international. Toute personne dont la vie peut \u00eatre mise en danger a le droit de chercher \u00e0 se r\u00e9fugier \u2013 un principe \u00e9tabli aux lendemains de la seconde guerre mondiale. Ce qui est terrible, c&#8217;est qu&#8217;au nom de la protection de l&#8217;Europe, de sa politique s\u00e9curitaire et de sa politique de puissance, on a remis tout cela en cause. Les d\u00e9clarations des responsables politiques \u00e0 propos des naufrages s&#8217;apparentent \u00e0 un bal des hypocrites. Tant mieux s&#8217;ils ressentent enfin un peu de compassion, mais c&#8217;est sur leur politique qu&#8217;ils doivent s&#8217;interroger, sur leur responsabilit\u00e9 dans la remise en cause de ces droits fondamentaux, dans la poursuite de leurs politiques imp\u00e9riales d&#8217;affaiblissement \u00e9conomique de certains pays, dans les guerres civiles qu&#8217;ils y provoquent ou favorisent. <\/p>\n<p><strong>Peut-on tout de m\u00eame esp\u00e9rer une inflexion de l&#8217;attitude europ\u00e9enne apr\u00e8s ces trag\u00e9dies ?<br \/>\n<\/strong><\/p>\n<p>Ce n&#8217;est pas la premi\u00e8re fois que l&#8217;on assiste \u00e0 des drames de cette ampleur, et cela n&#8217;a pas enray\u00e9 l&#8217;aggravation de la situation. Si l&#8217;on veut s&#8217;int\u00e9resser vraiment \u00e0 la question, il faut se demander pourquoi un migrant part, par quels moyens il part et de quelle mani\u00e8re il arrive. Ce qui se passe \u00e0 Calais actuellement est une honte pour la France et pour l&#8217;Europe. Tant que l&#8217;on traite ainsi des migrants et des r\u00e9fugi\u00e9s, il ne faut pas s&#8217;\u00e9tonner qu&#8217;ils soient oblig\u00e9s de passer dans les mains de trafiquants, oblig\u00e9s de risquer leur vie. <\/p>\n<p><strong>Que r\u00e9pondre \u00e0 ceux qui affirment que des politiques plus cl\u00e9mentes provoqueraient un appel d&#8217;air et encourageraient les tentatives ?<br \/>\n<\/strong><\/p>\n<p>On entend cet argument depuis des ann\u00e9es. Il a \u00e9t\u00e9 beaucoup employ\u00e9 \u00e0 propos de la r\u00e9gularisation des sans-papiers. Mais dix ou quinze ans apr\u00e8s, on constate que le nombre de migrants et de clandestins est relativement stable. Il faut aussi arr\u00eater de penser que tout le monde veut venir en France. Surtout, il ne faut pas ignorer que plus il y a de mis\u00e8re et de guerres, plus le risque est grand d&#8217;alimenter les flux de migration. <\/p>\n<p><em> <strong><em>\u00ab Si on ne parle que de la r\u00e9pression des passeurs, on ne comprend rien \u00e0 ce qui se passe \u00bb<br \/>\n<\/strong><\/em> <\/em><\/p>\n<p><strong>Les solutions ne semblent pouvoir \u00eatre que de long terme. Faut-il que l&#8217;Union europ\u00e9enne accueille plus d&#8217;immigration ?<br \/>\n<\/strong><\/p>\n<p>Il faudrait, au lieu de traiter ces personnes comme des probl\u00e8mes et de les enfermer, les consid\u00e9rer comme des gens qui sont dot\u00e9s d&#8217;une immense vitalit\u00e9 et sont anim\u00e9s par l&#8217;espoir de s&#8217;en sortir \u2013 au point de risquer leur vie. Ils doivent \u00eatre plac\u00e9s au fondement d&#8217;une nouvelle politique de coop\u00e9ration, de formation, de mobilit\u00e9 qui serait b\u00e9n\u00e9fique \u00e0 toutes les parties. On oublie toujours de rappeler qu&#8217;un tiers des migrants repart : il y a des \u00e9l\u00e9ments de la r\u00e9gulation de la migration qui sont internes \u00e0 cette derni\u00e8re. <\/p>\n<p><strong>Le probl\u00e8me ne prend-il pas racine dans l&#8217;id\u00e9e commune que l&#8217;immigration est un danger ? Le pr\u00e9sident Hollande a justement list\u00e9 <em>\u00ab l&#8217;immigration massive \u00bb<\/em> comme une <em>\u00ab menace \u00bb<\/em> parmi le terrorisme, les guerres, le fondamentalisme religieux\u2026<br \/>\n<\/strong><\/p>\n<p>C&#8217;est terrible. Les seuls qui parlaient comme cela, il y a quinze, \u00e9taient au Front national. Le migrant n&#8217;est pas seulement une victime \u2013 de la situation qu&#8217;il fuit et de ceux qui exploitent son d\u00e9sir de fuir \u2013, c&#8217;est aussi quelqu&#8217;un qui a une volont\u00e9, un espoir de s&#8217;en sortir : on a besoin de les consid\u00e9rer pour ce qu&#8217;ils sont, pour leur immense dignit\u00e9 et leur immense valeur, au nom du refus de la mis\u00e8re, de la guerre et de la fatalit\u00e9. Si on ne parle, comme les responsables europ\u00e9ens en ce moment, que de la r\u00e9pression des passeurs, on ne comprend rien \u00e0 ce qui se passe. <\/p>\n<p><strong>En attendant de tels changements, l&#8217;Europe doit-elle mettre en place une op\u00e9ration humanitaire de grande ampleur \u00e0 laquelle elle a jusqu&#8217;\u00e0 pr\u00e9sent refus\u00e9 d&#8217;accorder des moyens suffisants ?<br \/>\n<\/strong><\/p>\n<p>Absolument. On en est m\u00eame arriv\u00e9 \u00e0 remettre en cause le principe absolu d&#8217;assistance aux personnes en difficult\u00e9 en mer. Il faut d&#8217;abord mettre en \u0153uvre les moyens pour sauver ces gens. Les pays europ\u00e9ens doivent ensuite mener une r\u00e9flexion sur l&#8217;\u00e9croulement, la situation dramatique des pays de provenance. Il manque enfin un v\u00e9ritable d\u00e9bat sur les fa\u00e7ons de faire de nos liens avec ces peuples de vrais atouts pour nous tous, au lieu de susciter la peur et de fonder un repli. Il faut assumer des situations transitoires qui sont de toute fa\u00e7on difficiles. Cela fait quinze ans que les militants disent que cette politique d&#8217;emmurement, de contr\u00f4le et de r\u00e9pression va \u00e0 l&#8217;\u00e9chec : quand la vie et l&#8217;avenir des gens sont en jeu, ils chercheront \u00e0 partir quel qu&#8217;en soit le prix. <\/p>\n<p><em> <strong><em>\u00ab Ce que l&#8217;on fait aux migrants est parfaitement insupportable \u00bb<br \/>\n<\/strong><\/em> <\/em><\/p>\n<p><strong>Dans quel sens pourrait-on r\u00e9former les politiques et les proc\u00e9dures d&#8217;asile europ\u00e9ennes ? Certains \u00e9voquent une meilleure r\u00e9partition de l&#8217;accueil des demandeurs\u2026<br \/>\n<\/strong><\/p>\n<p>C&#8217;est encore ignorer que les gens partent avec une destination pr\u00e9cise en t\u00eate, un projet : rejoindre un groupe, une communaut\u00e9, une famille \u2013 ce qui leur donne les moyens de s&#8217;int\u00e9grer dans le pays. \u00c0 Calais, apr\u00e8s avoir parcouru des distances consid\u00e9rables, les migrants sont bloqu\u00e9s \u00e0 quelques kilom\u00e8tres de leur but. On leur dit que le voyage est termin\u00e9 et que l&#8217;on va les envoyer dans tel ou tel pays : c&#8217;est l&#8217;\u00e9chec assur\u00e9. Issus pour la plupart des classes moyennes, ils arrivent avec un peu d&#8217;argent, mais le syst\u00e8me est ainsi fait qu&#8217;ils vont tout perdre petit \u00e0 petit et se retrouver compl\u00e8tement d\u00e9sempar\u00e9s. On ne peut pas d\u00e9cider \u00e0 leur place : si l&#8217;on veut \u00e9largir l&#8217;accueil \u00e0 d&#8217;autres pays europ\u00e9ens, ils faut que les int\u00e9ress\u00e9s aient leur part dans les d\u00e9cisions. <\/p>\n<p><strong>Le traitement des migrants ne rejoint-il pas, sur le plan international, celui de la pauvret\u00e9 en g\u00e9n\u00e9ral ?<br \/>\n<\/strong><\/p>\n<p>La pauvret\u00e9 ne date pas d&#8217;aujourd&#8217;hui. Durant des ann\u00e9es, on a men\u00e9 des politiques qui essayaient quand m\u00eame d&#8217;aider les gens qui voulaient s&#8217;en sortir. Aujourd&#8217;hui, les politiques accablent ceux qui veulent s&#8217;en sortir. On va enfoncer les Roms, cr\u00e9er les pires ennuis aux migrants parce qu&#8217;en commen\u00e7ant \u00e0 s&#8217;en sortir, ils vont devenir visibles. Ce que l&#8217;on fait aux migrants est parfaitement insupportable. Les militants sont d\u00e9sesp\u00e9r\u00e9s. La nouveaut\u00e9 depuis une dizaine d&#8217;ann\u00e9es, c&#8217;est que derri\u00e8re les grandes d\u00e9clarations, sous couvert de gentillesse, de compassion, d&#8217;antiracisme, d&#8217;humanitaire, ces politiques \u00e9crasent les gens. Si l&#8217;on pouvait facilement d\u00e9crypter le discours de la droite, celui de la gauche rel\u00e8ve \u00e0 cet \u00e9gard d&#8217;une terrible hypocrisie.<\/p>\n","protected":false},"excerpt":{"rendered":"<p>Les naufrages en M\u00e9diterran\u00e9e sont la cons\u00e9quence in\u00e9luctable des politiques europ\u00e9ennes d&#8217;asile et d&#8217;immigration, explique le militant Serge Guichard, pour qui on ne r\u00e9soudra pas le probl\u00e8me sans l&#8217;aborder du point de vue des migrants.<\/p>\n","protected":false},"author":1188,"featured_media":0,"comment_status":"open","ping_status":"open","sticky":false,"template":"","format":"standard","meta":{"_themeisle_gutenberg_block_has_review":false,"footnotes":""},"categories":[157],"tags":[293,352,375,388],"class_list":["post-8630","post","type-post","status-publish","format-standard","hentry","category-web","tag-entretien","tag-europe","tag-immigration","tag-sans-papiers"],"_links":{"self":[{"href":"https:\/\/archives.regards.fr\/index.php?rest_route=\/wp\/v2\/posts\/8630","targetHints":{"allow":["GET"]}}],"collection":[{"href":"https:\/\/archives.regards.fr\/index.php?rest_route=\/wp\/v2\/posts"}],"about":[{"href":"https:\/\/archives.regards.fr\/index.php?rest_route=\/wp\/v2\/types\/post"}],"author":[{"embeddable":true,"href":"https:\/\/archives.regards.fr\/index.php?rest_route=\/wp\/v2\/users\/1188"}],"replies":[{"embeddable":true,"href":"https:\/\/archives.regards.fr\/index.php?rest_route=%2Fwp%2Fv2%2Fcomments&post=8630"}],"version-history":[{"count":0,"href":"https:\/\/archives.regards.fr\/index.php?rest_route=\/wp\/v2\/posts\/8630\/revisions"}],"wp:attachment":[{"href":"https:\/\/archives.regards.fr\/index.php?rest_route=%2Fwp%2Fv2%2Fmedia&parent=8630"}],"wp:term":[{"taxonomy":"category","embeddable":true,"href":"https:\/\/archives.regards.fr\/index.php?rest_route=%2Fwp%2Fv2%2Fcategories&post=8630"},{"taxonomy":"post_tag","embeddable":true,"href":"https:\/\/archives.regards.fr\/index.php?rest_route=%2Fwp%2Fv2%2Ftags&post=8630"}],"curies":[{"name":"wp","href":"https:\/\/api.w.org\/{rel}","templated":true}]}}