{"id":8624,"date":"2015-04-22T12:08:13","date_gmt":"2015-04-22T10:08:13","guid":{"rendered":"https:\/\/wp.muchomaas.com\/article-pierre-moscovici-social-truc\/"},"modified":"2023-06-23T23:19:33","modified_gmt":"2023-06-23T21:19:33","slug":"article-pierre-moscovici-social-truc","status":"publish","type":"post","link":"https:\/\/archives.regards.fr\/?p=8624","title":{"rendered":"Pierre Moscovici, social-truc"},"content":{"rendered":"<p class=\"post_excerpt\">Depuis qu&#8217;il est commissaire europ\u00e9en, Pierre Moscovici n&#8217;en finit plus de vouloir mettre les d\u00e9linquants budg\u00e9taires sous les \u00e9crous. Mais un myst\u00e8re persiste : n&#8217;est-il pas de gauche, l&#8217;a-t-il \u00e9t\u00e9 \u00e0 un moment ? Menons l&#8217;enqu\u00eate&#8230;<\/p>\n<p><a href=\"http:\/\/www.itele.fr\/chroniques\/invite-bruce-toussaint\/migrants-leurope-va-prendre-trois-mesures-au-mois-de-mai-affirme-pierre-mosscovici-120619\">Sur iT\u00e9l\u00e9<\/a>, lundi 20 avril, \u00e0 8h45, Bruce Toussaint pose cette question simple \u00e0 Pierre Moscovici : <em>\u00ab L&#8217;Union europ\u00e9enne est-elle responsable et coupable de la mort de ces 700 migrants en M\u00e9diterran\u00e9e ? \u00bb<\/em> Et la r\u00e9ponse du commissaire europ\u00e9en aux affaires \u00e9conomiques est on ne peut plus claire : <em>\u00ab Non, je pense qu&#8217;on ne peut pas poser le probl\u00e8me comme \u00e7a. \u00bb<\/em><\/p>\n<p>C&#8217;est \u00e0 peu pr\u00e8s le seul argumentaire dont est capable Moscovici depuis quelques mois. Non, on ne peut remettre en question la politique de l&#8217;UE, qui de tout fa\u00e7on n&#8217;est responsable devant rien ni personne. C&#8217;en est tellement absurde qu&#8217;un ancien ministre de l&#8217;\u00c9conomie fran\u00e7ais peut, alors que toute l&#8217;Europe critique sa politique laxiste et co\u00fbteuse, devenir le garant de la rigidit\u00e9 budg\u00e9taire europ\u00e9enne. Apr\u00e8s avoir qu\u00e9mand\u00e9 des d\u00e9lais et des assouplissements, Moscovici est \u00e0 son tour devenu celui qui dit &#8220;non&#8221;.<\/p>\n<p><strong><em>Grecs en sandwich<br \/>\n<\/strong><\/em><\/p>\n<p>La rh\u00e9torique de culpabilisation du gouvernement grec est bien en place : il faut des r\u00e9formes &#8220;ambitieuses&#8221;, &#8220;cr\u00e9dibles&#8221;, &#8220;justes&#8221;, faites par un gouvernement &#8220;s\u00e9rieux&#8221; dans un &#8220;travail commun&#8221; qui ne va &#8220;pas assez vite, pas assez loin&#8221;. En clair, tout l&#8217;inverse de ce pour quoi le peuple grec a vot\u00e9. Et Mosco de rassurer : <em>\u00ab Je ne fixe pas de d\u00e9lai. \u00bb<\/em> Les Grecs devraient-ils lui dire merci ? De toute fa\u00e7on, il ne parle jamais des citoyens, comme si tout ceci ne concernait que la Tro\u00efka et Varoufakis.<\/p>\n<p>Pour ce qui est d&#8217;une \u00e9ventuelle sortie de la zone euro, Moscovici l&#8217;affirme, il n&#8217;y a pas de plan B. There is no alternative. La seule issue dans l&#8217;eurozone, c&#8217;est la soumission \u00e9conomique et financi\u00e8re.<\/p>\n<p>Symbole d&#8217;une UE qui s&#8217;obstine, Moscovici avoue que lors d&#8217;une r\u00e9union au FMI, il n&#8217;a quasiment \u00e9t\u00e9 question que du cas grec. Qu&#8217;importent les n\u00e9onazis d&#8217;Aube dor\u00e9e, qu&#8217;importe que l&#8217;extr\u00eame droite finlandaise ait obtenu 17% des voix <a href=\"http:\/\/www.robert-schuman.eu\/fr\/oee\/1584-le-parti-du-centre-emmene-par-juha-sipila-remporte-les-elections-legislatives-en-finlande\">aux l\u00e9gislatives du mois d&#8217;avril<\/a>, qu&#8217;importe que les nationalistes aient fait 8% aux l\u00e9gislatives de mars en Estonie, qu&#8217;importe les prochaines victoires des extr\u00eames droites europ\u00e9ennes car elles ne repr\u00e9sentent pas un danger pour les dogmes de l&#8217;UE. La morale, ou ne serait-ce que la politique, n&#8217;a pas droit de cit\u00e9 ici. <\/p>\n<p><strong><em>L&#8217;oeil de Mosco<br \/>\n<\/strong><\/em><\/p>\n<p>Voyageons un peu dans le temps \u00e0 pr\u00e9sent. Rappelons juste qu&#8217;en d\u00e9cembre 2014, Moscovici se rendait en Gr\u00e8ce pour soutenir son alli\u00e9 Antonis Samaras face au grand m\u00e9chant rouge de Tsipras. Mais \u00e0 l&#8217;\u00e9poque, Mosco est d\u00e9j\u00e0 commissaire europ\u00e9en et donc ne peut plus se d\u00e9finir comme socialiste, vu que cette notion n&#8217;existe m\u00eame pas \u00e0 ce niveau de d\u00e9rive lib\u00e9rale&#8230; Mais chut ! Il ne faut pas lui dire, sinon <a href=\"http:\/\/www.liberation.fr\/politiques\/2014\/12\/16\/pour-moscovici-l-eurodepute-balas-n-est-pas-dans-le-bon-parti_1165090\">il se f\u00e2che tout rouge<\/a> (d\u00e9cidemment, la couleur de l&#8217;humeur !)<\/p>\n<blockquote class=\"twitter-tweet\" lang=\"fr\">\n<p>Moscovici est en Gr\u00e8ce pour soutenir le gouvernement actuel#AvoirJusteHonte<\/p>\n<p>&mdash; Guillaume Balas (@BalasGuillaume) <a href=\"https:\/\/twitter.com\/BalasGuillaume\/status\/544544067632525312\">15 D\u00e9cembre 2014<\/a><\/p><\/blockquote>\n<p>Octobre 2014. \u00c0 peine plac\u00e9 \u00e0 la Commission, <a href=\"http:\/\/www.franceinfo.fr\/emission\/l-interview-politique\/2014-2015\/moscovici-je-resterai-socialiste-social-democrate-je-ne-sais-plus-comment-il-faut-dire\">Moscovici rassure<\/a>, il restera fran\u00e7ais (qui en doutait ?), mais il ajoute : <em>\u00ab Je resterai socialiste, social-d\u00e9mocrate, je ne sais plus comment il faut dire maintenant. \u00bb<\/em> No comment&#8230; D\u00e9but 2014. Hollande officialise son &#8220;tournant social-d\u00e9mocrate&#8221;. Qui est le premier \u00e0 s&#8217;en r\u00e9jouir ? Ce cher Moscovici, qui <a href=\"http:\/\/www.lemonde.fr\/politique\/article\/2014\/01\/17\/moscovici-l-idee-que-la-gauche-c-est-depenser-est-depassee_4349787_823448.html\">affinait alors la d\u00e9finition<\/a> : <em>\u00ab Il y a chez Fran\u00e7ois Hollande, d\u00e9sormais, une claire affirmation de cette identit\u00e9 social-d\u00e9mocrate mais il n&#8217;y a pas de tournant. Ni inflexion, ni reniement, ni renoncement. Nous avons d&#8217;embl\u00e9e men\u00e9 une politique r\u00e9formiste. \u00bb<\/em> Pas d&#8217;inflexion, pourtant Mosco appelait de ses v\u0153ux un &#8220;socialisme de l&#8217;offre&#8221; dans son ouvrage <em>Combats<\/em>&#8230; Conclusion : en 2014, ni Mosco, ni Hollande n&#8217;\u00e9taient d\u00e9j\u00e0 plus socialistes de gauche.<\/p>\n<p><strong><em>Pourtant, son coeur fait Blum<br \/>\n<\/strong><\/em><\/p>\n<p><a href=\"http:\/\/www.liberation.fr\/politiques\/2013\/10\/22\/moscovici-tance-la-gauche-qui-proteste_941571\">En octobre 2013<\/a>, Moscovici d\u00e9clarait : <em>\u00ab Moi, je suis pour la gauche qui fait, pour la gauche qui agit, qui transforme. Moi, je m\u00e8ne une politique qui met l\u2019accent sur l\u2019investissement et qui est favorable aux entreprises. \u00bb <\/em> <a href=\"https:\/\/wp.muchomaas.com\/web\/article\/macron-portrait-du-liquidateur\">On dirait du Macron<\/a>. Outre le <em>\u00ab Moi, je&#8230; \u00bb<\/em> tr\u00e8s socialiste, Mosco nous pr\u00e9venait d\u00e9j\u00e0 que lui et le gouvernement allaient appliquer une politique de <em>\u00ab droite de gauche \u00bb.<\/em> Faut-il donc remonter \u00e0 un tract des ann\u00e9es 70 et \u00e0 la LCR pour que le bougre fasse au moins semblant d&#8217;appartenir \u00e0 une gauche assum\u00e9e ?<\/p>\n<p>En 1997, <em>Lib\u00e9ration<\/em> lui tirait le portrait : <em>\u00ab Connaisseur de Marx, en phase avec Keynes, Mosco-le-techno a le profil id\u00e9al pour faire ingurgiter \u00e0 l&#8217;\u00e9lite de la nation une potion \u00e9conomique plus \u00e0 gauche. \u00bb <\/em> Finalement, il n&#8217;a pas chang\u00e9 notre Mosco, c&#8217;est juste qu&#8217;il \u00e9tait d\u00e9j\u00e0 social-d\u00e9mocrate, qu&#8217;il est n\u00e9 ainsi, et qu&#8217;il a suivi le mouvement g\u00e9n\u00e9ral de droitisation. <\/p>\n<p>Ironie de l&#8217;histoire ou bien moquerie sans tabou, on peut lire sur la premi\u00e8re page de <a href=\"http:\/\/www.pierremoscovici.fr\/\">son blog<\/a> cette citation de L\u00e9on Blum : <em>\u00ab L&#8217;homme libre est celui qui n&#8217;a pas peur d&#8217;aller jusqu&#8217;au bout de sa pens\u00e9e. \u00bb<\/em> Soit Moscovici ne l&#8217;a jamais m\u00e9dit\u00e9e, soit un peu trop&#8230;<br \/>\n<div id='gallery-1' class='gallery galleryid-8624 gallery-columns-3 gallery-size-thumbnail'><figure class='gallery-item'>\n\t\t\t<div class='gallery-icon landscape'>\n\t\t\t\t<a href='https:\/\/archives.regards.fr\/wp-content\/uploads\/2015\/04\/moscovici-social-truc-9d6.jpg'><img loading=\"lazy\" decoding=\"async\" width=\"150\" height=\"150\" src=\"https:\/\/archives.regards.fr\/wp-content\/uploads\/2015\/04\/moscovici-social-truc-9d6-150x150.jpg\" class=\"attachment-thumbnail size-thumbnail\" alt=\"moscovici-social-truc.jpg\" \/><\/a>\n\t\t\t<\/div><\/figure>\n\t\t<\/div>\n<\/p>\n","protected":false},"excerpt":{"rendered":"<p>Depuis qu&#8217;il est commissaire europ\u00e9en, Pierre Moscovici n&#8217;en finit plus de vouloir mettre les d\u00e9linquants budg\u00e9taires sous les \u00e9crous. Mais un myst\u00e8re persiste : n&#8217;est-il pas de gauche, l&#8217;a-t-il \u00e9t\u00e9 \u00e0 un moment ? Menons l&#8217;enqu\u00eate&#8230;<\/p>\n","protected":false},"author":1203,"featured_media":21890,"comment_status":"open","ping_status":"open","sticky":false,"template":"","format":"standard","meta":{"_themeisle_gutenberg_block_has_review":false,"footnotes":""},"categories":[157],"tags":[390],"class_list":["post-8624","post","type-post","status-publish","format-standard","has-post-thumbnail","hentry","category-web","tag-parti-socialiste"],"_links":{"self":[{"href":"https:\/\/archives.regards.fr\/index.php?rest_route=\/wp\/v2\/posts\/8624","targetHints":{"allow":["GET"]}}],"collection":[{"href":"https:\/\/archives.regards.fr\/index.php?rest_route=\/wp\/v2\/posts"}],"about":[{"href":"https:\/\/archives.regards.fr\/index.php?rest_route=\/wp\/v2\/types\/post"}],"author":[{"embeddable":true,"href":"https:\/\/archives.regards.fr\/index.php?rest_route=\/wp\/v2\/users\/1203"}],"replies":[{"embeddable":true,"href":"https:\/\/archives.regards.fr\/index.php?rest_route=%2Fwp%2Fv2%2Fcomments&post=8624"}],"version-history":[{"count":0,"href":"https:\/\/archives.regards.fr\/index.php?rest_route=\/wp\/v2\/posts\/8624\/revisions"}],"wp:featuredmedia":[{"embeddable":true,"href":"https:\/\/archives.regards.fr\/index.php?rest_route=\/wp\/v2\/media\/21890"}],"wp:attachment":[{"href":"https:\/\/archives.regards.fr\/index.php?rest_route=%2Fwp%2Fv2%2Fmedia&parent=8624"}],"wp:term":[{"taxonomy":"category","embeddable":true,"href":"https:\/\/archives.regards.fr\/index.php?rest_route=%2Fwp%2Fv2%2Fcategories&post=8624"},{"taxonomy":"post_tag","embeddable":true,"href":"https:\/\/archives.regards.fr\/index.php?rest_route=%2Fwp%2Fv2%2Ftags&post=8624"}],"curies":[{"name":"wp","href":"https:\/\/api.w.org\/{rel}","templated":true}]}}