{"id":8579,"date":"2015-04-08T01:39:03","date_gmt":"2015-04-07T23:39:03","guid":{"rendered":"https:\/\/wp.muchomaas.com\/article-greve-a-radio-france-le-pouvoir-la\/"},"modified":"2023-06-23T23:19:25","modified_gmt":"2023-06-23T21:19:25","slug":"article-greve-a-radio-france-le-pouvoir-la","status":"publish","type":"post","link":"https:\/\/archives.regards.fr\/?p=8579","title":{"rendered":"Gr\u00e8ve \u00e0 Radio France : le pouvoir, la culture, la gauche qui gouverne"},"content":{"rendered":"<p class=\"post_excerpt\">Les antennes de Radio France sont contraintes \u00e0 l&#8217;intermittence depuis une vingtaine de jours. Le conflit en dit long sur le renoncement du gouvernement \u00e0 se donner les moyens d&#8217;ambitions \u2013 pour l&#8217;information et la culture \u2013 qu&#8217;il ne revendique m\u00eame plus.<\/p>\n<p>Le pouvoir tout d\u2019abord. On nous avait tant vendu l\u2019audaaaace de nommer un pr\u00e9sident de droite pour conduire Radio France. C\u2019\u00e9tait une preuve irr\u00e9futable de l\u2019ind\u00e9pendance du CSA. Depuis plusieurs ann\u00e9es on nous assomme de cette b\u00eatise : quand on est de gauche, l\u2019indice ultime de la libert\u00e9 intellectuelle serait de glaner les id\u00e9es et les hommes de droite. Probl\u00e8me : leurs id\u00e9es nous mettent dans le mur.<\/p>\n<p>Ce conflit parle aussi du pouvoir et de ses besoins de signes de puissance. Quel sens y avait-il de r\u00e9aliser au m\u00eame moment le grand auditorium de Radio France et la Philharmonie de Paris ? Deux projets qui ont tripl\u00e9 leur budget initial. Dans ces choix, qui sont aussi des choix de prestige, s\u2019exprime ce que les puissants consid\u00e8rent comme valorisant. L\u2019architecture a toujours fait partie des attributs de la monarchie. Elle pourrait passer \u00e0 l\u2019\u00e2ge d\u00e9mocratique. L\u2019architecture n\u2019y perdrait rien. La culture pourrait y trouver aussi les \u00e9l\u00e9ments d\u2019un nouveau souffle.<\/p>\n<p><strong><em>Une approche comptable<br \/>\n<\/strong><\/em><\/p>\n<p>La culture encore. Elle est au centre du mouvement qui oppose des salari\u00e9s, journalistes, techniciens, musiciens, \u00e0 leur patron et \u00e0 l\u2019\u00c9tat (lire aussi <a href=\"https:\/\/wp.muchomaas.com\/web\/article\/radio-france-les-raisons-de-la\">&#8220;Radio France : les raisons de la coupure de son&#8221;<\/a>). Le maintien de l\u2019emploi cristallise le mouvement de gr\u00e8ve. Mais, si l\u2019on \u00e9coute les paroles d\u2019AG, les tribunes qui paraissent dans la presse, ce qui se noue est l\u2019id\u00e9e que l\u2019on se fait de la culture et du service public. Radio France restera-t-elle un lieu o\u00f9 s\u2019invente encore la mani\u00e8re d\u2019enregistrer le monde, de l\u2019\u00e9couter, de le comprendre, de le restituer ? C\u2019est ce que veulent ceux qui se mobilisent depuis pr\u00e8s de trois semaines.<\/p>\n<p>Que leur r\u00e9pond Mathieu Gallet ? Il reste \u00e9vanescent. Mais les hypoth\u00e8ses de fermeture de stations, de suppression d\u2019orchestre, de fusion des r\u00e9dactions s\u2019inscrivent dans les pas d\u2019une approche comptable, totalement d\u00e9nu\u00e9e de vision et de contenu. La seule id\u00e9e qui s\u2019impose depuis des ann\u00e9es \u00e0 Radio France est de raccourcir les \u00e9missions, de les larder de chroniques. La concurrence ridicule sur les cr\u00e9neaux horaires conduit \u00e0 ce que France Inter et France Culture programment \u00e0 la m\u00eame heure tous les jours une \u00e9mission scientifique\u2026 Etc. L\u2019ambition de promouvoir la culture, la connaissance ne guide pas le directoire de Radio France.<\/p>\n<p><strong><em>Rupture entre la gauche au pouvoir et la culture<br \/>\n<\/strong><\/em><\/p>\n<p>Mais rue de Valois, c\u2019est presque pire. La nouvelle ministre de la Culture est une sp\u00e9cialiste du num\u00e9rique. \u00c0 la bonne heure. Elle peut parler industrie. \u00c7a ne fait pas d\u2019elle une femme de culture. Elle avoue beno\u00eetement ne pas lire de livres. Elle n\u2019a d\u2019ailleurs aucune id\u00e9e \u00e0 promouvoir concernant les misions de Radio France. Elle parle objectifs et se r\u00e9f\u00e8re \u00e0 Bercy. Sa langue est celle de la finance et de la technostructure. Elle synth\u00e9tise la rupture entre la gauche au pouvoir et la culture. <\/p>\n<p>Hier au c\u0153ur du projet \u00e9mancipateur, l\u2019\u00e9ducation nationale et la culture ont quitt\u00e9 les discours, le c\u0153ur de la gauche gouvernementale. On sait d\u00e9sormais que leurs envol\u00e9es lyriques sont creuses quand ils parlent de refaire soci\u00e9t\u00e9 et de s\u2019opposer \u00e0 l\u2019obscurantisme. La crispation porte sur 50 millions par an. Ce n\u2019est pas rien. Mais c\u2019est vraiment bien peu au regard de la richesse de la France et en proportion des enjeux. Une gauche digne de ce nom devrait consacrer sa politique et les ressources \u00e0 l\u2019\u00e9mancipation. Bien plus qu\u2019\u00e0 faire la guerre tout azimut.<\/p>\n<p>Il y a du souci \u00e0 se faire quand la t\u00eate est remplac\u00e9e par une calculette.<br \/>\nUn monde est en bout de course. La bande musicale de Radio France le dit de toutes les fa\u00e7ons.<div id='gallery-1' class='gallery galleryid-8579 gallery-columns-3 gallery-size-thumbnail'><figure class='gallery-item'>\n\t\t\t<div class='gallery-icon landscape'>\n\t\t\t\t<a href='https:\/\/archives.regards.fr\/wp-content\/uploads\/2015\/04\/radio-france-ca-f15.jpg'><img loading=\"lazy\" decoding=\"async\" width=\"150\" height=\"150\" src=\"https:\/\/archives.regards.fr\/wp-content\/uploads\/2015\/04\/radio-france-ca-f15-150x150.jpg\" class=\"attachment-thumbnail size-thumbnail\" alt=\"radio-france-ca.jpg\" \/><\/a>\n\t\t\t<\/div><\/figure>\n\t\t<\/div>\n<\/p>\n","protected":false},"excerpt":{"rendered":"<p>Les antennes de Radio France sont contraintes \u00e0 l&#8217;intermittence depuis une vingtaine de jours. Le conflit en dit long sur le renoncement du gouvernement \u00e0 se donner les moyens d&#8217;ambitions \u2013 pour l&#8217;information et la culture \u2013 qu&#8217;il ne revendique m\u00eame plus.<\/p>\n","protected":false},"author":570,"featured_media":21812,"comment_status":"open","ping_status":"open","sticky":false,"template":"","format":"standard","meta":{"_themeisle_gutenberg_block_has_review":false,"footnotes":""},"categories":[157],"tags":[287],"class_list":["post-8579","post","type-post","status-publish","format-standard","has-post-thumbnail","hentry","category-web","tag-medias"],"_links":{"self":[{"href":"https:\/\/archives.regards.fr\/index.php?rest_route=\/wp\/v2\/posts\/8579","targetHints":{"allow":["GET"]}}],"collection":[{"href":"https:\/\/archives.regards.fr\/index.php?rest_route=\/wp\/v2\/posts"}],"about":[{"href":"https:\/\/archives.regards.fr\/index.php?rest_route=\/wp\/v2\/types\/post"}],"author":[{"embeddable":true,"href":"https:\/\/archives.regards.fr\/index.php?rest_route=\/wp\/v2\/users\/570"}],"replies":[{"embeddable":true,"href":"https:\/\/archives.regards.fr\/index.php?rest_route=%2Fwp%2Fv2%2Fcomments&post=8579"}],"version-history":[{"count":0,"href":"https:\/\/archives.regards.fr\/index.php?rest_route=\/wp\/v2\/posts\/8579\/revisions"}],"wp:featuredmedia":[{"embeddable":true,"href":"https:\/\/archives.regards.fr\/index.php?rest_route=\/wp\/v2\/media\/21812"}],"wp:attachment":[{"href":"https:\/\/archives.regards.fr\/index.php?rest_route=%2Fwp%2Fv2%2Fmedia&parent=8579"}],"wp:term":[{"taxonomy":"category","embeddable":true,"href":"https:\/\/archives.regards.fr\/index.php?rest_route=%2Fwp%2Fv2%2Fcategories&post=8579"},{"taxonomy":"post_tag","embeddable":true,"href":"https:\/\/archives.regards.fr\/index.php?rest_route=%2Fwp%2Fv2%2Ftags&post=8579"}],"curies":[{"name":"wp","href":"https:\/\/api.w.org\/{rel}","templated":true}]}}