{"id":8578,"date":"2015-04-08T01:41:13","date_gmt":"2015-04-07T23:41:13","guid":{"rendered":"https:\/\/wp.muchomaas.com\/article-tout-n-est-pas-bon-dans-le-mouton\/"},"modified":"2023-06-23T23:19:25","modified_gmt":"2023-06-23T21:19:25","slug":"article-tout-n-est-pas-bon-dans-le-mouton","status":"publish","type":"post","link":"https:\/\/archives.regards.fr\/?p=8578","title":{"rendered":"Tout n\u2019est pas bon dans le mouton"},"content":{"rendered":"<p class=\"post_excerpt\">Je suis un mouton. <em>T\u00e9l\u00e9rama, Le Parisien<\/em> ou <em>Les Inrocks<\/em> m\u2019ont enjoint d\u2019aller dare-dare voir Shaun le mouton, le nouveau long m\u00e9trage d&#8217;animation des studios Aardman, connus pour les aventures de Wallace et Gromit. Partie au taquet, je suis rentr\u00e9e atterr\u00e9e.<\/p>\n<p>Les panneaux sur les bus avaient produit tous leurs effets sur mes enfants, hurlant de joie \u00e0 la perspective de voir au cin\u00e9ma l&#8217;adaptation de la s\u00e9rie t\u00e9l\u00e9vis\u00e9e. De cette sortie, je suis revenue avec une question : les critiques de cin\u00e9ma ont-ils tous \u00e9t\u00e9 endormis comme le fermier du film ? <\/p>\n<p>D\u2019accord, il n\u2019y a aucun doute sur un fait : ce cin\u00e9ma muet est sublime sur la forme et joliment burlesque pour brosser les situations. Saluons le talent esth\u00e9tique. Mais peut-on en oublier le propos de fond que sert ce formidable d\u00e9cor ? En r\u00e9alit\u00e9, <em>Shaun le mouton<\/em>, c\u2019est un peu la version modernis\u00e9e de <em>La Ch\u00e8vre de monsieur Seguin<\/em>. Du propos r\u00e9ac en barre. C\u2019est l\u2019histoire d\u2019un mouton, Shaun, qui vit avec son troupeau dans la ferme d&#8217;un paysan et qui a envie de changer d\u2019air. Comme la ch\u00e8vre d\u2019Alphonse Daudet, dans un \u00e9lan de curiosit\u00e9 et de libert\u00e9, le mouton d\u2019Aardman veut sortir de son pr\u00e9-carr\u00e9. Il enferme alors son ma\u00eetre dans une caravane qui d\u00e9vale le chemin et s&#8217;\u00e9choue brutalement. Le berger perd tout contr\u00f4le de la situation et se retrouve loin de son exploitation, dans le tourbillon d\u2019une grande ville. <\/p>\n<p>Shaun et son troupeau entreprennent d\u2019aller chercher le fermier. Et les voil\u00e0 aux prises avec le terrifiant Trumper, charg\u00e9 d&#8217;attraper les moutons \u00e9gar\u00e9s. Mais rien ne les arr\u00eate : ils vont ramener leur ma\u00eetre \u00e0 la ferme et retrouver leur vie paisible. Happy end : tout le monde est revenu \u00e0 sa place, les moutons sont bien gard\u00e9s, loin de cette folie urbaine. <\/p>\n<p>Si la fin est plus gaie puisque Shaun et ses amis sont sains et saufs alors que la ch\u00e8vre de monsieur Seguin a p\u00e9ri, la ressemblance avec l\u2019une des histoires les plus conservatrices racont\u00e9es aux enfants depuis des g\u00e9n\u00e9rations est l\u00e0 : attention, quand on cherche \u00e0 sortir du cadre, \u00e0 prendre des libert\u00e9s, le danger guette. Shaun le mouton a en prime le parfum en vogue du \u00ab c\u2019\u00e9tait mieux avant \u00bb, avec une opposition ville \/ campagne pour le moins caricaturale. Bref. Une morale poussi\u00e9reuse masqu\u00e9e par une performance esth\u00e9tique.<\/p>\n<p>Et les critiques nous parlent de<em> \u00ab folle \u00e9pop\u00e9e \u00bb<\/em>, d\u2019une <em>\u00ab histoire captivante \u00bb<\/em> ou de <em>\u00ab com\u00e9die d\u00e9cal\u00e9e \u00bb<\/em> ? <em>\u00ab Tout est bon dans le mouton ! \u00bb<\/em>, nous dit m\u00eame <em>T\u00e9l\u00e9rama<\/em>. Qu\u2019il me soit permis de les envoyer tous pa\u00eetre\u2026 Ou voir <em>Maya l\u2019abeille<\/em>, dans sa version actuellement au cin\u00e9ma. Le parfum est plut\u00f4t celui des ann\u00e9es 1968. Si le film est assez ringard sur la forme, la morale \u2013 celle que je pr\u00e9f\u00e8re \u2013 est sauve. Maya, qui a interdiction de sortir de la ruche, veut aller voir ce qui se passe dans le pr\u00e9. Elle ose et aura raison de son audace : c\u2019est elle qui va sauver les abeilles de la m\u00e9chante reine.<br \/>\n<div id='gallery-1' class='gallery galleryid-8578 gallery-columns-3 gallery-size-thumbnail'><figure class='gallery-item'>\n\t\t\t<div class='gallery-icon landscape'>\n\t\t\t\t<a href='https:\/\/archives.regards.fr\/wp-content\/uploads\/2015\/04\/shaun-b76.jpg'><img loading=\"lazy\" decoding=\"async\" width=\"150\" height=\"150\" src=\"https:\/\/archives.regards.fr\/wp-content\/uploads\/2015\/04\/shaun-b76-150x150.jpg\" class=\"attachment-thumbnail size-thumbnail\" alt=\"shaun.jpg\" \/><\/a>\n\t\t\t<\/div><\/figure>\n\t\t<\/div>\n<\/p>\n","protected":false},"excerpt":{"rendered":"<p>Je suis un mouton. <em>T\u00e9l\u00e9rama, Le Parisien<\/em> ou <em>Les Inrocks<\/em> m\u2019ont enjoint d\u2019aller dare-dare voir Shaun le mouton, le nouveau long m\u00e9trage d&#8217;animation des studios Aardman, connus pour les aventures de Wallace et Gromit. Partie au taquet, je suis rentr\u00e9e atterr\u00e9e.<\/p>\n","protected":false},"author":570,"featured_media":21810,"comment_status":"open","ping_status":"open","sticky":false,"template":"","format":"standard","meta":{"_themeisle_gutenberg_block_has_review":false,"footnotes":""},"categories":[157],"tags":[299],"class_list":["post-8578","post","type-post","status-publish","format-standard","has-post-thumbnail","hentry","category-web","tag-cinema"],"_links":{"self":[{"href":"https:\/\/archives.regards.fr\/index.php?rest_route=\/wp\/v2\/posts\/8578","targetHints":{"allow":["GET"]}}],"collection":[{"href":"https:\/\/archives.regards.fr\/index.php?rest_route=\/wp\/v2\/posts"}],"about":[{"href":"https:\/\/archives.regards.fr\/index.php?rest_route=\/wp\/v2\/types\/post"}],"author":[{"embeddable":true,"href":"https:\/\/archives.regards.fr\/index.php?rest_route=\/wp\/v2\/users\/570"}],"replies":[{"embeddable":true,"href":"https:\/\/archives.regards.fr\/index.php?rest_route=%2Fwp%2Fv2%2Fcomments&post=8578"}],"version-history":[{"count":0,"href":"https:\/\/archives.regards.fr\/index.php?rest_route=\/wp\/v2\/posts\/8578\/revisions"}],"wp:featuredmedia":[{"embeddable":true,"href":"https:\/\/archives.regards.fr\/index.php?rest_route=\/wp\/v2\/media\/21810"}],"wp:attachment":[{"href":"https:\/\/archives.regards.fr\/index.php?rest_route=%2Fwp%2Fv2%2Fmedia&parent=8578"}],"wp:term":[{"taxonomy":"category","embeddable":true,"href":"https:\/\/archives.regards.fr\/index.php?rest_route=%2Fwp%2Fv2%2Fcategories&post=8578"},{"taxonomy":"post_tag","embeddable":true,"href":"https:\/\/archives.regards.fr\/index.php?rest_route=%2Fwp%2Fv2%2Ftags&post=8578"}],"curies":[{"name":"wp","href":"https:\/\/api.w.org\/{rel}","templated":true}]}}