{"id":8564,"date":"2015-04-02T17:51:46","date_gmt":"2015-04-02T15:51:46","guid":{"rendered":"https:\/\/wp.muchomaas.com\/article-manipulations-statistiques-les\/"},"modified":"2023-07-03T14:34:28","modified_gmt":"2023-07-03T12:34:28","slug":"article-manipulations-statistiques-les","status":"publish","type":"post","link":"https:\/\/archives.regards.fr\/?p=8564","title":{"rendered":"Manipulations statistiques: les racines de la crise dans la zone euro expliqu\u00e9es par ses pr\u00e9sidents"},"content":{"rendered":"<p class=\"post_excerpt\">Les pr\u00e9sidents des institutions europ\u00e9ennes se sont mis en quatre pour raconter la crise \u00e0 leur fa\u00e7on et justifier les &#8220;r\u00e9formes structurelles&#8221; \u00e0 la bruxelloise. Les manipulations auxquelles ils ont eu recours ont \u00e9t\u00e9 d\u00e9mont\u00e9es par l\u2019\u00e9conomiste Ronald Janssen.<\/p>\n<p>Il y a deux ans, en mars 2013, le pr\u00e9sident de la BCE, Mario Draghi, avait d\u00e9livr\u00e9 une pr\u00e9sentation aux chefs d\u2019\u00c9tat et de gouvernement europ\u00e9ens r\u00e9unis en Conseil. Il s\u2019agissait de prouver le bien fond\u00e9 des politiques d\u2019aust\u00e9rit\u00e9 budg\u00e9taire et de &#8220;r\u00e9formes structurelles&#8221; \u00e0 la mode bruxelloise. La d\u00e9monstration avait, para\u00eet-il, convaincu tout le Conseil y compris Fran\u00e7ois Hollande qui, partageant sans doute les conclusions de la d\u00e9monstration, n\u2019avait vu que du bleu dans la manipulation des statistiques et des concepts op\u00e9r\u00e9e par le banquier central. Celle-ci avait \u00e9t\u00e9 d\u00e9mont\u00e9e, \u00e0 l\u2019\u00e9poque, par Andrew Watt, \u00e9conomiste proche du mouvement syndical europ\u00e9en (les archives de la pol\u00e9mique, qui n\u2019a pas vieilli, sont <a href=\"http:\/\/alternatives-economiques.fr\/blogs\/chavagneux\/2013\/03\/27\/ou-mario-draghi-manipule-les-statistiques-pour-defendre-l%E2%80%99austerite-et-ou-francois-hollande-en-reste-coi\/\">ici<\/a>, <a href=\"http:\/\/alternatives-economiques.fr\/blogs\/chavagneux\/2013\/04\/25\/la-bce-repond-a-un-texte-critique-de-ce-blog-sur-le-raisonne ment-de-mario-draghi\/\">l\u00e0<\/a> et <a href=\"http:\/\/alternatives-economiques.fr\/blogs\/gadrey\/2013\/04\/26\/cher-christian-thimann-conseiller-de-mario-draghi\/\">l\u00e0<\/a>). <\/p>\n<p><strong><em>Bis Repetita<br \/>\n<\/strong><\/em><\/p>\n<p>Deux ans plus tard, tout recommence. Mais cette fois-ci, ils s\u2019y sont mis \u00e0 quatre. Le pr\u00e9sident de la BCE, celui de la Commission (le sp\u00e9cialiste luxembourgeois de l\u2019\u00e9vasion fiscale Jean-Claude Juncker, celui de l\u2019Eurogroupe (le socialiste hollandais Jeroen Dijsselbloem), et celui du Conseil (le conservateur polonais Donald Tusk) ont produit pour le Conseil europ\u00e9en de f\u00e9vrier une <a href=\"http:\/\/ec.europa.eu\/priorities\/docs\/analytical_note_en.pdf\">nouvelle note d\u2019analyse<\/a> sur les racines de la crise dans la zone euro. <\/p>\n<p>L\u2019objectif est toujours de d\u00e9montrer le bien-fond\u00e9 de La strat\u00e9gie de lib\u00e9ralisation des march\u00e9s du travail et des biens et de r\u00e9duction des d\u00e9penses publiques et de justifier de nouveaux transferts de pouvoirs pour mieux l\u2019imposer aux peuples r\u00e9ticents (un genre d\u2019institutionnalisation permanente de la Tro\u00efka). Pour ce faire, les pr\u00e9sidents ont fourni \u00e0 nouveau des statistiques et des graphiques. \u00c0 nouveau, les manipulations sont patentes. Et \u00e0 nouveau&#8230; elles ont \u00e9t\u00e9 d\u00e9mont\u00e9es par un \u00e9conomiste proche du mouvement syndical europ\u00e9en, Ronald Janssen (c\u2019est <a href=\"http:\/\/www.socialeurope.eu\/2015\/03\/european-economic-governance-and-flawed-analysis\/\">ici<\/a> et <a href=\"http:\/\/www.socialeurope.eu\/2015\/03\/on-spendthrift-governments-and-the-european-central-bank\/\">l\u00e0<\/a>).  <\/p>\n<h2>CQFD<\/h2>\n<p>Pour les pr\u00e9sidents, la crise de l&#8217;euro est essentiellement due aux rigidit\u00e9s des march\u00e9s du travail et des produits. Si ces march\u00e9s avaient \u00e9t\u00e9 plus flexibles, expliquent-ils, il n\u2019y aurait pas eu de hausses de salaires excessives. Si ces hausses n\u2019\u00e9taient pas intervenues, il n\u2019y aurait pas eu d\u00e9t\u00e9rioration de la comp\u00e9titivit\u00e9 des pays du sud. Si la comp\u00e9titivit\u00e9 de ces pays ne s\u2019\u00e9tait pas d\u00e9t\u00e9rior\u00e9e, l\u2019offre aurait \u00e9t\u00e9 en mesure de r\u00e9pondre \u00e0 la demande en plein essor. Si l\u2019offre avait r\u00e9pondu \u00e0 la demande, ces pays n\u2019auraient pas \u00e9t\u00e9 d\u00e9ficitaires. Si ces pays n\u2019\u00e9taient pas devenus d\u00e9ficitaires, il n&#8217;y aurait pas eu besoin de s\u2019endetter afin de financer ces d\u00e9ficits ext\u00e9rieurs record. Si ces pays ne s\u2019\u00e9taient pas endett\u00e9s et si les banques n\u2019y avaient pas massivement pr\u00eat\u00e9s des capitaux, il n\u2019y aurait pas eu de crises bancaires et financi\u00e8res dans la zone euro. S\u2019il n\u2019y avait pas eu de crise bancaire et financi\u00e8re dans la zone euro, il n\u2019y aurait pas eu besoin de renflouements par les finances publiques. Et s\u2019il n\u2019y avait pas eu de renflouement par les finances publiques, il n\u2019y aurait pas eu de crise de la dette publique. Et s\u2019il n\u2019y avait pas eu de crise de la dette publique, il n\u2019y aurait pas eu de crise de la zone euro, pas de r\u00e9cession et pas de mont\u00e9e massive du ch\u00f4mage. Irr\u00e9futable non ? <\/p>\n<p><strong><em>Les rigidit\u00e9s du march\u00e9 du travail n\u2019expliquent&#8230; presque rien<br \/>\n<\/strong><\/em><\/p>\n<p>Faut-il encore d\u2019autres preuves suppl\u00e9mentaires ? Les pr\u00e9sidents pr\u00e9tendent les fournir avec deux graphiques.<\/p>\n<p>Le premier situe quatorze pays de la zone euro d\u2019un c\u00f4t\u00e9 selon le degr\u00e9 suppos\u00e9 et agglom\u00e9r\u00e9 des rigidit\u00e9s de leur march\u00e9 du travail et de leurs march\u00e9s de biens en 2008 et de l\u2019autre selon l\u2019\u00e9volution du taux de ch\u00f4mage entre 2009 et 2013. <\/p>\n<p><img loading=\"lazy\" decoding=\"async\" class=\" aligncenter size-full wp-image-21783\" src=\"https:\/\/wp.muchomaas.com\/wp-content\/uploads\/2015\/04\/bm-presidents-1-d91.jpg\" alt=\"bm-presidents-1.jpg\" align=\"center\" width=\"460\" height=\"282\" srcset=\"https:\/\/archives.regards.fr\/wp-content\/uploads\/2015\/04\/bm-presidents-1-d91.jpg 460w, https:\/\/archives.regards.fr\/wp-content\/uploads\/2015\/04\/bm-presidents-1-d91-300x184.jpg 300w\" sizes=\"auto, (max-width: 460px) 100vw, 460px\" \/> <\/p>\n<p>Le graphique montre que la corr\u00e9lation entre les deux serait importante, c\u2019est-\u00e0-dire que plus la r\u00e9glementation des march\u00e9s \u00e9tait forte en 2008 et plus la progression du taux de ch\u00f4mage a \u00e9t\u00e9 forte entre 2009 et 2013. <\/p>\n<p>\u00c0 ceci pr\u00e8s, souligne Ronald, que le m\u00e9lange entre rigidit\u00e9s des march\u00e9s de biens et rigidit\u00e9s du march\u00e9 du travail est tr\u00e8s difficile \u00e0 effectuer statistiquement et n\u2019a pas grand sens. Que se passe -t-il, en effet, si, comme l\u2019\u00e9conomiste l\u2019a effectu\u00e9, on isole la question des &#8220;rigidit\u00e9s&#8221; du march\u00e9 du travail ? La corr\u00e9lation dispara\u00eet, comme on le voit sur le graphique ci-dessous. <\/p>\n<p><img loading=\"lazy\" decoding=\"async\" class=\" aligncenter size-full wp-image-21784\" src=\"https:\/\/wp.muchomaas.com\/wp-content\/uploads\/2015\/04\/bm-presidents-2-9eb.jpg\" alt=\"bm-presidents-2.jpg\" align=\"center\" width=\"460\" height=\"247\" srcset=\"https:\/\/archives.regards.fr\/wp-content\/uploads\/2015\/04\/bm-presidents-2-9eb.jpg 460w, https:\/\/archives.regards.fr\/wp-content\/uploads\/2015\/04\/bm-presidents-2-9eb-300x161.jpg 300w\" sizes=\"auto, (max-width: 460px) 100vw, 460px\" \/><\/p>\n<p>Pire, l&#8217;Allemagne, a r\u00e9ussi \u00e0 contenir le ch\u00f4mage tandis que l&#8217;Espagne a vu le sien monter en fl\u00e8che alors que, comme on le voit sur le graphique, la protection de l&#8217;emploi est \u00e0 un niveau similaire dans les deux pays. Cherchez l\u2019erreur.<\/p>\n<p><strong><em>Et les co\u00fbts salariaux ?<br \/>\n<\/strong><\/em><\/p>\n<p>Tout entiers attach\u00e9s \u00e0 leur d\u00e9monstration que l&#8217;augmentation des co\u00fbts salariaux est directement \u00e0 l&#8217;origine du ch\u00f4mage et que si on veut le combattre il faut par priorit\u00e9 les baisser, les pr\u00e9sidents usent d\u2019un autre graphique qui relie les deux donn\u00e9es et semble \u00e9tablir une corr\u00e9lation positives entre croissance des co\u00fbts salariaux et croissance du ch\u00f4mage.<\/p>\n<p> <img decoding=\"async\" src=\"IMG\/jpg\/bm-presidents-3.jpg\" alt=\"bm-presidents-3.jpg\" align=\"center\" \/><\/p>\n<p>Regardez bien l\u2019intitul\u00e9 du graphique : pour les salaires, les pr\u00e9sidents ont pris la p\u00e9riode 2003- 2009 et pour le ch\u00f4mage la p\u00e9riode 2009-2013. L&#8217;\u00e9volution du ch\u00f4mage apr\u00e8s la crise financi\u00e8re est compar\u00e9e \u00e0 l&#8217;augmentation des co\u00fbts unitaires du travail avant la crise. <em>\u00ab Les tendances r\u00e9centes en mati\u00e8re de ch\u00f4mage sont associ\u00e9s \u00e0 l&#8217;\u00e9volution des co\u00fbts salariaux qui ont eu lieu une dizaine d&#8217;ann\u00e9es auparavant ! \u00bb <\/em> <\/p>\n<p>Ronald Janssen a donc refait les calculs la m\u00eame p\u00e9riode 2009-2013 pour l\u2019\u00e9volution des co\u00fbts salariaux et pour celle du ch\u00f4mage (graphique ci-dessous).<\/p>\n<p> <img loading=\"lazy\" decoding=\"async\" class=\" aligncenter size-full wp-image-21785\" src=\"https:\/\/wp.muchomaas.com\/wp-content\/uploads\/2015\/04\/bm-presidents-4-11f.jpg\" alt=\"bm-presidents-4.jpg\" align=\"center\" width=\"460\" height=\"268\" srcset=\"https:\/\/archives.regards.fr\/wp-content\/uploads\/2015\/04\/bm-presidents-4-11f.jpg 460w, https:\/\/archives.regards.fr\/wp-content\/uploads\/2015\/04\/bm-presidents-4-11f-300x175.jpg 300w\" sizes=\"auto, (max-width: 460px) 100vw, 460px\" \/> <\/p>\n<p>Le changement est impressionnant. Il y a toujours une corr\u00e9lation, mais elle fonctionne en sens inverse. Ce que montre ce graphique est exactement le contraire de ce que veulent prouver les pr\u00e9sidents : les r\u00e9ductions des co\u00fbts salariaux vont avec la hausse du ch\u00f4mage tandis que les augmentations de salaires vont main dans la main avec la baisse des taux de ch\u00f4mage. <em>\u00ab Ce graphique raconte donc clairement l&#8217;histoire telle qu\u2019elle s\u2019est pass\u00e9e r\u00e9ellement dans la r\u00e9alit\u00e9. Il raconte l&#8217;histoire de l&#8217;\u00e9chec de la strat\u00e9gie de d\u00e9valuation interne des salaires g\u00e9n\u00e9rant de la r\u00e9cession et incapable d\u2019entrainer un r\u00e9tablissement. Il raconte aussi l&#8217;histoire de l&#8217;Allemagne o\u00f9 depuis 2009, la d\u00e9pression des salaires et de la d\u00e9r\u00e9glementation a \u00e9t\u00e9 moindre. \u00bb<\/em><\/p>\n<p><strong><em>La finance, cha\u00eenon manquant<br \/>\n<\/strong><\/em><\/p>\n<p>Quant \u00e0 la corr\u00e9lation entre les \u00e9volutions de salaire dans la d\u00e9cennie pr\u00e9c\u00e9dant la crise et l\u2019\u00e9volution du ch\u00f4mage apr\u00e8s la crise, il faut pour l\u2019expliquer faire entrer en jeu une autre force sociale, celle des banques et du capital financier. Des flux capitaux massifs, provenant principalement des pays de la Zone euro pratiquant, comme l\u2019Allemagne, la d\u00e9sinflation comp\u00e9titive, ont aliment\u00e9 dans les pays de la p\u00e9riph\u00e9rie, des booms immobiliers et financiers, la surchauffe et l&#8217;inflation. Les salaires nominaux ont suivi, d&#8217;o\u00f9 les hausses des co\u00fbts salariaux au cours de la p\u00e9riode 2001-2009. Mais l\u2019endettement et le boom des actifs ne pouvaient pas durer ind\u00e9finiment. T\u00f4t ou tard, il arrive un moment o\u00f9 la dynamique du cycle financier se retourne. En 2009, les march\u00e9s financiers, craignant d\u2019avoir d\u00e9j\u00e0 pr\u00eat\u00e9 trop de capital, ont refus\u00e9 de continuer le recyclage des exc\u00e9dents d&#8217;\u00e9pargne vers la p\u00e9riph\u00e9rie. La Gr\u00e8ce, l&#8217;Espagne, le Portugal, l&#8217;Irlande et, plus tard, l&#8217;Italie, ont \u00e9t\u00e9 confront\u00e9s \u00e0 une &#8220;gr\u00e8ve du secteur financier&#8221; tout en \u00e9tant aux prises avec une \u00e9norme montagne de dettes, principalement du secteur priv\u00e9. Leurs \u00e9conomies se sont effondr\u00e9es et le ch\u00f4mage a consid\u00e9rablement augment\u00e9.<\/p>\n<p>Le v\u00e9ritable moteur, conclut Ronald Janssen, n\u2019a donc pas \u00e9t\u00e9 la dynamique des salaires, mais celle des flux de capitaux. Dans les pays concern\u00e9s, la hausse des salaires entre 2009 et 2013 est le r\u00e9sultat des entr\u00e9es de capitaux massives\u2026 et non l&#8217;inverse. <\/p>\n<p><strong><em>\u00ab Europe, \u00e9coute les paroles d\u2019Ath\u00e8nes \u00bb<br \/>\n<\/strong><\/em><\/p>\n<p>L\u2019enjeu du d\u00e9bat n\u2019est pas seulement d\u2019expliquer ce qui s\u2019est vraiment pass\u00e9 dans la zone euro mais de savoir ce qu\u2019il faut faire aujourd\u2019hui. Si les pr\u00e9sidents r\u00e9\u00e9crivent l\u2019histoire \u00e9conomique en manipulant les statistiques et les notions, c\u2019est surtout pour justifier que la r\u00e9duction des salaires et des d\u00e9penses publiques continue d\u2019\u00eatre la seule voie possible pour les pays faibles et d\u00e9ficitaires, et que les institutions europ\u00e9ennes doivent avoir davantage de pouvoirs pour administrer le traitement, y compris contre la volont\u00e9 des peuples concern\u00e9s. Comme toujours, le mauvais diagnostic entraine le mauvais rem\u00e8de.<\/p>\n<p>Comme l\u2019explique l\u2019\u00e9conomiste italienne <a href=\"https:\/\/wp.muchomaas.com\/web\/article\/les-economistes-ne-sont-pas-tous-8015\">Mariana Mazzucato<\/a>, <a href=\"http:\/\/marianamazzucato.com\/wp-content\/uploads\/2015\/03\/mazzucato-la-repubblica.pdf\">rendant compte du Forum international Ambrosetti<\/a>, auquel elle a particip\u00e9 \u00e0 la mi-mars ainsi que Yanis Varoufakis, les pays qui se portent le mieux en Europe ne sont pas ceux qui ont le plus baiss\u00e9 les salaires et r\u00e9duit leurs d\u00e9penses publics.<em> \u00ab Ce sont ceux qui ont investi plus (et pas moins) dans tous les domaines qui augmentent la productivit\u00e9 (formation du capital humain; \u00e9ducation; recherche et d\u00e9veloppement) et qui ont mis en place des institutions publiques cl\u00e9s, comme les banques publiques qui fournissent des capitaux &#8220;patients&#8221; aux innovateurs (KfW en Allemagne) et les organisations qui augmentent les liens entre la science et de l&#8217;industrie. \u00bb<\/em> Ce qui a manqu\u00e9 en Europe, c\u2019est un pacte d\u2019investissement, pas un pacte budg\u00e9taire pour couper dans les d\u00e9penses publiques. Et ni le plan Juncker ni la politique de &#8220;quantitative easing&#8221; de la BCE ne sont \u00e0 la hauteur de l\u2019enjeu. L\u2019Europe, ajoute-t-elle, devrait donc \u00e9couter Yanis Varoufakis au lieu de chercher, par tous les moyens, \u00e0 le disqualifier (le texte en anglais de l\u2019intervention de celui-ci est <a href=\"http:\/\/yanisvaroufakis.eu\/2015\/03\/15\/presenting-an-agenda-for-europe-at-ambrosetti-lake-como-14th-march-2015\/#more-7476\">ici<\/a>). Il propose de permettre \u00e0 la Banque europ\u00e9enne d&#8217;investissement (BEI) d&#8217;\u00e9mettre des obligations orient\u00e9es vers l&#8217;investissement productif, obligations qui pourraient \u00eatre mon\u00e9tis\u00e9es par la BCE. En substance, commente Mariana Mazzucato, cela reviendrait \u00e0 une forme d&#8217;assouplissement quantitatif &#8220;dirig\u00e9&#8221;, la cr\u00e9ation mon\u00e9taire de la BCE servant \u00e0 financer l&#8217;\u00e9conomie r\u00e9elle. <\/p>\n<p>L\u2019importance politique de cette proposition, souligne pour sa part Yanis Varoufakis, est qu\u2019elle <em>\u00ab ne ferait pas payer les contribuables allemands, hollandais ou fran\u00e7ais. Des solutions similaires pourraient \u00e9galement \u00eatre trouv\u00e9es pour europ\u00e9aniser une partie des dettes nationales, pour unifier correctement nos secteurs de la banque et pour lutter contre la pauvret\u00e9, sans transferts fiscaux, sans d\u00e9ficit budg\u00e9taire, sans que l&#8217;Allemagne paie la facture et, surtout, sans perte de la souverainet\u00e9 nationale \u00bb. \u00ab Il est temps,<\/em> a-t-il conclut,<em> de cesser de penser le redressement de l\u2019Europe comme un jeu \u00e0 somme nulle o\u00f9 les int\u00e9r\u00eats d&#8217;une nation ne peuvent \u00eatre pr\u00e9serv\u00e9s qu\u2019en en faisant payer une autre. \u00bb <\/em> <div id='gallery-1' class='gallery galleryid-8564 gallery-columns-3 gallery-size-thumbnail'><figure class='gallery-item'>\n\t\t\t<div class='gallery-icon landscape'>\n\t\t\t\t<a href='https:\/\/archives.regards.fr\/wp-content\/uploads\/2015\/04\/bm-presidents-4-99c.jpg'><img loading=\"lazy\" decoding=\"async\" width=\"150\" height=\"150\" src=\"https:\/\/archives.regards.fr\/wp-content\/uploads\/2015\/04\/bm-presidents-4-99c-150x150.jpg\" class=\"attachment-thumbnail size-thumbnail\" alt=\"bm-presidents-4.jpg\" \/><\/a>\n\t\t\t<\/div><\/figure><figure class='gallery-item'>\n\t\t\t<div class='gallery-icon landscape'>\n\t\t\t\t<a href='https:\/\/archives.regards.fr\/wp-content\/uploads\/2015\/04\/bm-presidents-2-168.jpg'><img loading=\"lazy\" decoding=\"async\" width=\"150\" height=\"150\" src=\"https:\/\/archives.regards.fr\/wp-content\/uploads\/2015\/04\/bm-presidents-2-168-150x150.jpg\" class=\"attachment-thumbnail size-thumbnail\" alt=\"bm-presidents-2.jpg\" \/><\/a>\n\t\t\t<\/div><\/figure><figure class='gallery-item'>\n\t\t\t<div class='gallery-icon landscape'>\n\t\t\t\t<a href='https:\/\/archives.regards.fr\/wp-content\/uploads\/2015\/04\/bm-presidents-1-512.jpg'><img loading=\"lazy\" decoding=\"async\" width=\"150\" height=\"150\" src=\"https:\/\/archives.regards.fr\/wp-content\/uploads\/2015\/04\/bm-presidents-1-512-150x150.jpg\" class=\"attachment-thumbnail size-thumbnail\" alt=\"bm-presidents-1.jpg\" \/><\/a>\n\t\t\t<\/div><\/figure><figure class='gallery-item'>\n\t\t\t<div class='gallery-icon landscape'>\n\t\t\t\t<a href='https:\/\/archives.regards.fr\/wp-content\/uploads\/2015\/04\/bm-presidents-home-2ee.jpg'><img loading=\"lazy\" decoding=\"async\" width=\"150\" height=\"150\" src=\"https:\/\/archives.regards.fr\/wp-content\/uploads\/2015\/04\/bm-presidents-home-2ee-150x150.jpg\" class=\"attachment-thumbnail size-thumbnail\" alt=\"bm-presidents-home.jpg\" \/><\/a>\n\t\t\t<\/div><\/figure>\n\t\t<\/div>\n<\/p>\n","protected":false},"excerpt":{"rendered":"<p>Les pr\u00e9sidents des institutions europ\u00e9ennes se sont mis en quatre pour raconter la crise \u00e0 leur fa\u00e7on et justifier les &#8220;r\u00e9formes structurelles&#8221; \u00e0 la bruxelloise. Les manipulations auxquelles ils ont eu recours ont \u00e9t\u00e9 d\u00e9mont\u00e9es par l\u2019\u00e9conomiste Ronald Janssen.<\/p>\n","protected":false},"author":1240,"featured_media":21783,"comment_status":"open","ping_status":"open","sticky":false,"template":"","format":"standard","meta":{"_themeisle_gutenberg_block_has_review":false,"footnotes":""},"categories":[186],"tags":[352],"class_list":["post-8564","post","type-post","status-publish","format-standard","has-post-thumbnail","hentry","category-les-choses-lues-par-monsieur-marx","tag-europe"],"_links":{"self":[{"href":"https:\/\/archives.regards.fr\/index.php?rest_route=\/wp\/v2\/posts\/8564","targetHints":{"allow":["GET"]}}],"collection":[{"href":"https:\/\/archives.regards.fr\/index.php?rest_route=\/wp\/v2\/posts"}],"about":[{"href":"https:\/\/archives.regards.fr\/index.php?rest_route=\/wp\/v2\/types\/post"}],"author":[{"embeddable":true,"href":"https:\/\/archives.regards.fr\/index.php?rest_route=\/wp\/v2\/users\/1240"}],"replies":[{"embeddable":true,"href":"https:\/\/archives.regards.fr\/index.php?rest_route=%2Fwp%2Fv2%2Fcomments&post=8564"}],"version-history":[{"count":0,"href":"https:\/\/archives.regards.fr\/index.php?rest_route=\/wp\/v2\/posts\/8564\/revisions"}],"wp:featuredmedia":[{"embeddable":true,"href":"https:\/\/archives.regards.fr\/index.php?rest_route=\/wp\/v2\/media\/21783"}],"wp:attachment":[{"href":"https:\/\/archives.regards.fr\/index.php?rest_route=%2Fwp%2Fv2%2Fmedia&parent=8564"}],"wp:term":[{"taxonomy":"category","embeddable":true,"href":"https:\/\/archives.regards.fr\/index.php?rest_route=%2Fwp%2Fv2%2Fcategories&post=8564"},{"taxonomy":"post_tag","embeddable":true,"href":"https:\/\/archives.regards.fr\/index.php?rest_route=%2Fwp%2Fv2%2Ftags&post=8564"}],"curies":[{"name":"wp","href":"https:\/\/api.w.org\/{rel}","templated":true}]}}