{"id":8554,"date":"2015-03-30T21:51:26","date_gmt":"2015-03-30T19:51:26","guid":{"rendered":"https:\/\/wp.muchomaas.com\/article-emmanuel-maurel-notre-electorat\/"},"modified":"2015-03-30T21:51:26","modified_gmt":"2015-03-30T19:51:26","slug":"article-emmanuel-maurel-notre-electorat","status":"publish","type":"post","link":"https:\/\/archives.regards.fr\/?p=8554","title":{"rendered":"Emmanuel Maurel : \u00ab Notre \u00e9lectorat est plus unitaire que nous \u00bb"},"content":{"rendered":"<p class=\"post_excerpt\">Le frondeur Emmanuel Maurel s&#8217;attriste de voir l&#8217;ex\u00e9cutif mener le Parti socialiste de revers \u00e9lectoral en revers \u00e9lectoral. Mais esp\u00e8re lui faire changer son cap social-lib\u00e9ral gr\u00e2ce \u00e0 une entente entre les diff\u00e9rentes forces de gauche&#8230; rang\u00e9es derri\u00e8re le PS.<\/p>\n<p><strong>Regards. Quel est votre sentiment apr\u00e8s ces \u00e9lections d\u00e9partementales, concernant les scores du PS et ceux de la gauche en g\u00e9n\u00e9ral ?<br \/>\n<\/strong><\/p>\n<p><strong>Emmanuel Maurel.<\/strong> Mon sentiment, au lendemain de la d\u00e9faite, c&#8217;est d&#8217;abord de la tristesse, parce qu&#8217;il y a beaucoup de candidats qui avaient de bons projets, pour certains de bons bilans, qui sont au tapis. Tristesse m\u00e9lang\u00e9e d&#8217;un peu de col\u00e8re parce que, h\u00e9las, s&#8217;ils ont perdu hier, ce n&#8217;est pas tant pour des raisons locales que pour des raisons nationales. La &#8220;nationalisation&#8221; du scrutin fait qu&#8217;on n&#8217;a pas parl\u00e9 du tout de la r\u00e9alit\u00e9 de l&#8217;enjeu des \u00e9lections d\u00e9partementales. La plupart des candidats socialistes sont sanctionn\u00e9s pour une politique \u00e9conomique et sociale qu&#8217;ils ont subi plus qu&#8217;ils ne l&#8217;ont choisie. Le constat global est que notre \u00e9lectorat s&#8217;abstient surtout, et que le d\u00e9samour du PS n&#8217;aboutit pas \u00e0 une alternative \u00e0 gauche. Je pense que notre \u00e9lectorat est plus unitaire que nous : en r\u00e9alit\u00e9, il ne fait pas tellement la diff\u00e9rence entre les diff\u00e9rentes forces politiques \u00e0 gauche. Cela nous invite \u00e0 r\u00e9fl\u00e9chir collectivement sur la fa\u00e7on de sortir de cette situation par le haut.<\/p>\n<p><em> <strong><em>\u00ab On ne peut pas rassembler la gauche sur une ligne qui la divise \u00bb<br \/>\n<\/strong><\/em> <\/em><\/p>\n<p><strong>Dans un <a href=\"http:\/\/www.vivelagauche.fr\/2015\/03\/pour-un-contrat-de-rassemblement\/\">&#8220;contrat&#8221;<\/a>, la gauche du PS appelle \u00e0 ce qu&#8217;une <em>\u00ab grande Gauche se rassemble sans retard \u00bb<\/em>. Une fois de plus, la seule issue pour la gauche d&#8217;opposition se trouve derri\u00e8re le PS ?<br \/>\n<\/strong><\/p>\n<p>Non, pas du tout. Je pense qu&#8217;il n&#8217;y a aucune tentation h\u00e9g\u00e9monique aujourd&#8217;hui. Il y a la reconnaissance de deux ph\u00e9nom\u00e8nes : premi\u00e8rement, si nous ne rassemblons pas la gauche dans toutes ses composantes, nous allons au devant de graves d\u00e9convenues. Deuxi\u00e8mement, aujourd&#8217;hui encore le PS reste le principal parti \u00e0 gauche, et de loin. Il faut faire \u00e0 partir de ces deux donn\u00e9es objectives, c&#8217;est-\u00e0-dire mener l&#8217;action sur deux niveaux, dans et en dehors du PS. La vraie divergence que j&#8217;ai avec Hollande et Valls, une divergence tr\u00e8s importante, est que l&#8217;on ne peut pas rassembler la gauche sur une ligne qui la divise, qui la fracture.<\/p>\n<p><strong>Alors pourquoi ne pas vous opposer plus fortement \u00e0 l&#8217;ex\u00e9cutif ? Les frondeurs n&#8217;auraient-ils pas int\u00e9r\u00eat \u00e0 faire scission ?<br \/>\n<\/strong><\/p>\n<p>Mais je ne vois pas pourquoi nous ferions cela ! Le PS, c&#8217;est mon parti, je me reconnais dans son histoire, dans ses valeurs, et surtout je prends plaisir \u00e0 c\u00f4toyer les militants et les \u00e9lus qui ne sont pas sociaux-lib\u00e9raux. La v\u00e9rit\u00e9, c&#8217;est que la base socialiste reste attach\u00e9e \u00e0 ce qui a fait notre identit\u00e9. Le probl\u00e8me, c&#8217;est que l&#8217;on a une c\u00e9sure de plus en plus importante entre l&#8217;ex\u00e9cutif qui fonce droit devant et une base \u00e9lectorale et militante qui a du mal \u00e0 suivre, parce qu&#8217;elle est r\u00e9ticente envers cette politique. Nous, nous essayons de convaincre le plus grand nombre possible de socialistes d&#8217;exprimer ce m\u00e9contentement, de cr\u00e9er un rapport de force pour changer de politique. C&#8217;est difficile, mais ce n&#8217;est pas impossible.<\/p>\n<p><em> <strong><em>\u00ab Valls veut nous convaincre que sa politique est la seule possible \u00bb<br \/>\n<\/strong><\/em> <\/em><\/p>\n<p><strong>La gauche du PS peut-elle seulement infl\u00e9chir la politique du gouvernement ? On l&#8217;a vu lors de la loi Macron, Valls fait ce qu&#8217;il veut, avec ou sans vous.<br \/>\n<\/strong><\/p>\n<p>De toute fa\u00e7on, Valls, premi\u00e8rement, veut rester premier ministre. Et deuxi\u00e8mement, il est chef de la majorit\u00e9 jusqu&#8217;\u00e0 preuve du contraire. Son objectif est de convaincre les d\u00e9put\u00e9s et les militants socialistes que la politique qu&#8217;il m\u00e8ne, m\u00eame si elle n&#8217;a pas de r\u00e9sultats et nous conduit \u00e0 des d\u00e9faites \u00e9lectorales, est la seule politique possible. En r\u00e9alit\u00e9, peu de gens y croient. Beaucoup de socialistes sont circonspects envers la politique \u00e9conomique men\u00e9e. D&#8217;autres sont en col\u00e8re, c&#8217;est plut\u00f4t notre cas. Et puis il y a une frange, tr\u00e8s minoritaire, qui la soutient. La difficult\u00e9 pour nous est de faire en sorte que les socialistes circonspects plaident r\u00e9solument en faveur d&#8217;une inflexion de cette politique. Aujourd&#8217;hui, nous sommes \u00e0 un moment d&#8217;h\u00e9sitation. Le 49-3 fonctionne un temps, mais il ne peut pas \u00eatre utilis\u00e9 sur tous les textes. C&#8217;est un peu la m\u00e9thode Cou\u00e9 \u00e9rig\u00e9e en mode de gouvernement, c&#8217;est-\u00e0-dire que le lendemain de la d\u00e9faite, on dit : <em>\u00ab \u00c7a ne nous emp\u00eachera pas de continuer comme avant. \u00bb<\/em> Cela vaut une fois, deux fois\u2026 Valls nous a fait le coup une troisi\u00e8me fois. Je ne suis pas s\u00fbr que l&#8217;on puisse continuer longtemps ainsi. Pour une raison tr\u00e8s simple : cela va fracturer durablement la gauche et nous allons nous retrouver en 2017 dans une situation tr\u00e8s pr\u00e9judiciable, notamment pour le pr\u00e9sident sortant.<\/p>\n<p><strong>Pourquoi les frondeurs ne participent ni aux <a href=\"http:\/\/blogs.mediapart.fr\/edition\/les-invites-de-mediapart\/article\/220115\/chantiers-d-espoir\">Chantiers d&#8217;espoir<\/a>, ni aux manifestations contre la loi Macron ?<br \/>\n<\/strong><\/p>\n<p>Je n&#8217;y participe pas dans le sens o\u00f9 je n&#8217;ai pas sign\u00e9 cet appel, mais tant qu&#8217;il y a du d\u00e9bat \u00e0 gauche, cela m&#8217;int\u00e9resse. Cela ne m&#8217;emp\u00eachera pas de m&#8217;y rendre. Quant \u00e0 la manifestation du 9 avril, c&#8217;est une manifestation plus g\u00e9n\u00e9rale que contre la loi Macron. Mais il n&#8217;est pas inutile que le mouvement social se mobilise dans ce pays, que les syndicats fassent part de leur m\u00e9contentement, y compris quant la gauche est au pouvoir.<\/p>\n","protected":false},"excerpt":{"rendered":"<p>Le frondeur Emmanuel Maurel s&#8217;attriste de voir l&#8217;ex\u00e9cutif mener le Parti socialiste de revers \u00e9lectoral en revers \u00e9lectoral. Mais esp\u00e8re lui faire changer son cap social-lib\u00e9ral gr\u00e2ce \u00e0 une entente entre les diff\u00e9rentes forces de gauche&#8230; rang\u00e9es derri\u00e8re le PS.<\/p>\n","protected":false},"author":1203,"featured_media":0,"comment_status":"open","ping_status":"open","sticky":false,"template":"","format":"standard","meta":{"_themeisle_gutenberg_block_has_review":false,"footnotes":""},"categories":[157],"tags":[491,293,390],"class_list":["post-8554","post","type-post","status-publish","format-standard","hentry","category-web","tag-departementales-2015","tag-entretien","tag-parti-socialiste"],"_links":{"self":[{"href":"https:\/\/archives.regards.fr\/index.php?rest_route=\/wp\/v2\/posts\/8554","targetHints":{"allow":["GET"]}}],"collection":[{"href":"https:\/\/archives.regards.fr\/index.php?rest_route=\/wp\/v2\/posts"}],"about":[{"href":"https:\/\/archives.regards.fr\/index.php?rest_route=\/wp\/v2\/types\/post"}],"author":[{"embeddable":true,"href":"https:\/\/archives.regards.fr\/index.php?rest_route=\/wp\/v2\/users\/1203"}],"replies":[{"embeddable":true,"href":"https:\/\/archives.regards.fr\/index.php?rest_route=%2Fwp%2Fv2%2Fcomments&post=8554"}],"version-history":[{"count":0,"href":"https:\/\/archives.regards.fr\/index.php?rest_route=\/wp\/v2\/posts\/8554\/revisions"}],"wp:attachment":[{"href":"https:\/\/archives.regards.fr\/index.php?rest_route=%2Fwp%2Fv2%2Fmedia&parent=8554"}],"wp:term":[{"taxonomy":"category","embeddable":true,"href":"https:\/\/archives.regards.fr\/index.php?rest_route=%2Fwp%2Fv2%2Fcategories&post=8554"},{"taxonomy":"post_tag","embeddable":true,"href":"https:\/\/archives.regards.fr\/index.php?rest_route=%2Fwp%2Fv2%2Ftags&post=8554"}],"curies":[{"name":"wp","href":"https:\/\/api.w.org\/{rel}","templated":true}]}}