{"id":8530,"date":"2015-03-25T11:53:14","date_gmt":"2015-03-25T10:53:14","guid":{"rendered":"https:\/\/wp.muchomaas.com\/article-emmanuel-macron-en-flagrant-delit-d-apologie-du-thatcherisme\/"},"modified":"2023-06-23T23:19:17","modified_gmt":"2023-06-23T21:19:17","slug":"article-emmanuel-macron-en-flagrant-delit-d-apologie-du-thatcherisme","status":"publish","type":"post","link":"https:\/\/archives.regards.fr\/?p=8530","title":{"rendered":"Emmanuel Macron en flagrant d\u00e9lit d&#8217;apologie du thatch\u00e9risme"},"content":{"rendered":"<p class=\"post_excerpt\">Le ministre de l&#8217;\u00c9conomie est intervenu dans une \u00e9mission de la BBC consacr\u00e9e \u00e0 la France. Entre trois \u00e9loges des &#8220;r\u00e9formes&#8221; et deux aphorismes \u00e9difiants, il a confi\u00e9 ses regrets que notre pays n&#8217;ait pas pris le train des ann\u00e9es Thatcher.<\/p>\n<p>Emmanuel Macron est fascinant, tant il incarne, aussi bien dans son discours que dans <a href=\"https:\/\/wp.muchomaas.com\/web\/article\/la-loi-macron-ou-comment-revenir\">les politiques qu&#8217;il met en \u0153uvre<\/a>, l&#8217;ach\u00e8vement du virage lib\u00e9ral du Parti socialiste. En toute qui\u00e9tude, en toute certitude et en toute bonne conscience, ce qui lui permet de r\u00e9citer le br\u00e9viaire du lib\u00e9ralisme sans ciller ni percevoir de quels renoncements il se fait l&#8217;agent (lire aussi <a href=\"https:\/\/wp.muchomaas.com\/web\/article\/macron-portrait-du-liquidateur\">&#8220;Macron, portrait du liquidateur&#8221;<\/a>).<\/p>\n<p><strong><em>Les r\u00e9formes, les r\u00e9formes, les r\u00e9formes !<br \/>\n<\/strong><\/em><\/p>\n<p>Cette fois, c&#8217;est dans le cadre d&#8217;une \u00e9mission de la BBC consacr\u00e9e \u00e0 la France, <em><a href=\"http:\/\/www.dailymotion.com\/video\/x2jjl85_this-world-quelle-catastrophe-france-with-robert-peston_school\">Quelle Catastrophe! France with Robert Peston<\/a><\/em> (Robert Peston est un journaliste \u00e9conomique) qu&#8217;il a exprim\u00e9 ses convictions habituelles, probablement confiant dans leur bonne r\u00e9ception par le pays porte-drapeau du lib\u00e9ralisme en Europe. Cela explique peut-\u00eatre qu&#8217;il n&#8217;a pas pris beaucoup de pr\u00e9cautions pour exprimer son admiration envers les politiques men\u00e9es dans les ann\u00e9es 80 par le gouvernement de Margaret Thatcher : <\/p>\n<p><em>\u00ab Quand on compare<\/em> [la France] <em>avec le Royaume-Uni dans les ann\u00e9es 80, la grande diff\u00e9rence est que nous n&#8217;avons pas assur\u00e9<\/em> [les r\u00e9formes] <em>\u00e0 l&#8217;\u00e9poque. Les Fran\u00e7ais se rendent compte que les autres ont d\u00e9cid\u00e9 de changer et que nous sommes les seuls \u00e0 ne pas r\u00e9former notre propre syst\u00e8me. \u00bb<\/em><\/p>\n<p>C&#8217;est dit. Peu importent la brutalit\u00e9 avec laquelle la dame de fer a appliqu\u00e9 sa politique, les ravages sociaux qu&#8217;elle a provoqu\u00e9s et ses cons\u00e9quences politiques. La n\u00e9cessit\u00e9-des-r\u00e9formes est aussi naturelle que l&#8217;air ou l&#8217;eau, elle n&#8217;est pas discutable. Macron pense certainement que &#8220;les r\u00e9formes&#8221; ne sont ni de droite, ni de gauche. Elles sont. C&#8217;est le sens de ses r\u00e9f\u00e9rences constantes \u00e0 la r\u00e9alit\u00e9 r\u00e9elle, \u00e0 cet ordre de la n\u00e9cessit\u00e9 indiscutable et de l&#8217;absence d&#8217;alternative, le sens de ces redondances dont il a encore livr\u00e9 quelques \u00e9chantillons \u00e0 la BBC :<\/p>\n<p><em>\u00ab Je pense que les gens pensent que nous avons besoin de r\u00e9formes. Nous voulons faire des r\u00e9formes, alors nous allons faire des r\u00e9formes. \u00bb<br \/>\n<\/em><\/p>\n<p><strong><em>Force d&#8217;auto-conviction<br \/>\n<\/strong><\/em><\/p>\n<p>Sa force de conviction confine \u00e0 la m\u00e9thode Cou\u00e9, et elle trahit aussi l&#8217;effacement de la gauche critique et de ses valeurs, tout en proposant une analyse politique elle-m\u00eame dans le d\u00e9ni :<\/p>\n<p><em>\u00ab Les Fran\u00e7ais sont totalement en ligne avec notre volont\u00e9 de r\u00e9former le pays. Et quand ils ne sont pas contents, c&#8217;est parce que nous ne le r\u00e9formons pas assez. \u00bb<br \/>\n<\/em><\/p>\n<p>G\u00e9rard Filoche, \u00e9galement interrog\u00e9 au cours de l&#8217;enqu\u00eate, appr\u00e9ciera. Nul doute qu&#8217;il interpr\u00e9tera aussi, ce m\u00e9cr\u00e9ant, la d\u00e9claration suivante comme une mani\u00e8re d&#8217;annoncer la liquidation du <em>\u00ab mod\u00e8le social \u00bb<\/em> qu&#8217;elle \u00e9voque : <\/p>\n<p><em>\u00ab Les Fran\u00e7ais sont extr\u00eamement attach\u00e9s \u00e0 leur mod\u00e8le social. Si nous voulons qu&#8217;il soit durable dans cette mondialisation, nous devons gagner, nous devons nous r\u00e9adapter. \u00bb<br \/>\n<\/em><\/p>\n<p>Il faut r\u00e9former, parce qu&#8217;il n&#8217;y pas d&#8217;alternative, parce que <em>\u00ab la mondialisation est une opportunit\u00e9 \u00bb<\/em> bien que les Fran\u00e7ais aient d\u00e9cid\u00e9ment du mal \u00e0 le comprendre. Voyez-vous, <em>\u00ab un des grands principes du populisme, c&#8217;est de promouvoir des id\u00e9es idiotes \u00bb.<\/em> H\u00e9las, les sachants ont mal expliqu\u00e9 la mondialisation heureuse :<\/p>\n<p><em>\u00ab Si vous r\u00e9formez, si vous expliquez, si vous \u00eates d\u00e9cid\u00e9, si vous \u00eates leader, il n&#8217;y a pas de place pour le Front national. Notre erreur est de ne pas avoir assez expliqu\u00e9 que la mondialisation peut \u00eatre une opportunit\u00e9 si elle est bien g\u00e9r\u00e9e. \u00bb<br \/>\n<\/em><\/p>\n<p>Emmanuel Macron est un <em>leader<\/em> : c&#8217;est probablement la raison pour laquelle il parle toujours comme un \u00e9vang\u00e9liste, un motivateur de formation &#8220;force de vente&#8221; ou un auteur du rayon &#8220;d\u00e9veloppement personnel&#8221; de la Fnac. Laissons-lui ce (foudroyant) mot de la fin, que l&#8217;on ajoute \u00e0 notre collection de Macron Philosophie, mise \u00e0 jour dans le portfolio ci-apr\u00e8s : <\/p>\n<p><em>\u00ab On ne commence jamais un match de football en pensant qu&#8217;on va perdre. \u00bb<br \/>\n<\/em><br \/>\n<div id='gallery-1' class='gallery galleryid-8530 gallery-columns-3 gallery-size-thumbnail'><figure class='gallery-item'>\n\t\t\t<div class='gallery-icon landscape'>\n\t\t\t\t<a href='https:\/\/archives.regards.fr\/wp-content\/uploads\/2015\/03\/macron-bbc-488.jpg'><img loading=\"lazy\" decoding=\"async\" width=\"150\" height=\"150\" src=\"https:\/\/archives.regards.fr\/wp-content\/uploads\/2015\/03\/macron-bbc-488-150x150.jpg\" class=\"attachment-thumbnail size-thumbnail\" alt=\"macron-bbc.jpg\" \/><\/a>\n\t\t\t<\/div><\/figure><figure class='gallery-item'>\n\t\t\t<div class='gallery-icon landscape'>\n\t\t\t\t<a href='https:\/\/archives.regards.fr\/wp-content\/uploads\/2015\/03\/macron-philosophie-4-2-864.jpg'><img loading=\"lazy\" decoding=\"async\" width=\"150\" height=\"150\" src=\"https:\/\/archives.regards.fr\/wp-content\/uploads\/2015\/03\/macron-philosophie-4-2-864-150x150.jpg\" class=\"attachment-thumbnail size-thumbnail\" alt=\"macron-philosophie-4-2.jpg\" \/><\/a>\n\t\t\t<\/div><\/figure><figure class='gallery-item'>\n\t\t\t<div class='gallery-icon landscape'>\n\t\t\t\t<a href='https:\/\/archives.regards.fr\/wp-content\/uploads\/2015\/03\/macron-philosophie-7-f35.jpg'><img loading=\"lazy\" decoding=\"async\" width=\"150\" height=\"150\" src=\"https:\/\/archives.regards.fr\/wp-content\/uploads\/2015\/03\/macron-philosophie-7-f35-150x150.jpg\" class=\"attachment-thumbnail size-thumbnail\" alt=\"macron-philosophie-7.jpg\" \/><\/a>\n\t\t\t<\/div><\/figure><figure class='gallery-item'>\n\t\t\t<div class='gallery-icon landscape'>\n\t\t\t\t<a href='https:\/\/archives.regards.fr\/wp-content\/uploads\/2015\/03\/macron-philosophie-8-710.jpg'><img loading=\"lazy\" decoding=\"async\" width=\"150\" height=\"150\" src=\"https:\/\/archives.regards.fr\/wp-content\/uploads\/2015\/03\/macron-philosophie-8-710-150x150.jpg\" class=\"attachment-thumbnail size-thumbnail\" alt=\"macron-philosophie-8.jpg\" \/><\/a>\n\t\t\t<\/div><\/figure>\n\t\t<\/div>\n<\/p>\n","protected":false},"excerpt":{"rendered":"<p>Le ministre de l&#8217;\u00c9conomie est intervenu dans une \u00e9mission de la BBC consacr\u00e9e \u00e0 la France. Entre trois \u00e9loges des &#8220;r\u00e9formes&#8221; et deux aphorismes \u00e9difiants, il a confi\u00e9 ses regrets que notre pays n&#8217;ait pas pris le train des ann\u00e9es Thatcher.<\/p>\n","protected":false},"author":1188,"featured_media":21721,"comment_status":"open","ping_status":"open","sticky":false,"template":"","format":"standard","meta":{"_themeisle_gutenberg_block_has_review":false,"footnotes":""},"categories":[157],"tags":[487,390],"class_list":["post-8530","post","type-post","status-publish","format-standard","has-post-thumbnail","hentry","category-web","tag-emmanuel-macron","tag-parti-socialiste"],"_links":{"self":[{"href":"https:\/\/archives.regards.fr\/index.php?rest_route=\/wp\/v2\/posts\/8530","targetHints":{"allow":["GET"]}}],"collection":[{"href":"https:\/\/archives.regards.fr\/index.php?rest_route=\/wp\/v2\/posts"}],"about":[{"href":"https:\/\/archives.regards.fr\/index.php?rest_route=\/wp\/v2\/types\/post"}],"author":[{"embeddable":true,"href":"https:\/\/archives.regards.fr\/index.php?rest_route=\/wp\/v2\/users\/1188"}],"replies":[{"embeddable":true,"href":"https:\/\/archives.regards.fr\/index.php?rest_route=%2Fwp%2Fv2%2Fcomments&post=8530"}],"version-history":[{"count":0,"href":"https:\/\/archives.regards.fr\/index.php?rest_route=\/wp\/v2\/posts\/8530\/revisions"}],"wp:featuredmedia":[{"embeddable":true,"href":"https:\/\/archives.regards.fr\/index.php?rest_route=\/wp\/v2\/media\/21721"}],"wp:attachment":[{"href":"https:\/\/archives.regards.fr\/index.php?rest_route=%2Fwp%2Fv2%2Fmedia&parent=8530"}],"wp:term":[{"taxonomy":"category","embeddable":true,"href":"https:\/\/archives.regards.fr\/index.php?rest_route=%2Fwp%2Fv2%2Fcategories&post=8530"},{"taxonomy":"post_tag","embeddable":true,"href":"https:\/\/archives.regards.fr\/index.php?rest_route=%2Fwp%2Fv2%2Ftags&post=8530"}],"curies":[{"name":"wp","href":"https:\/\/api.w.org\/{rel}","templated":true}]}}