{"id":8523,"date":"2015-03-23T16:46:43","date_gmt":"2015-03-23T15:46:43","guid":{"rendered":"https:\/\/wp.muchomaas.com\/article-premier-test-reussi-pour-podemos\/"},"modified":"2023-06-23T23:19:16","modified_gmt":"2023-06-23T21:19:16","slug":"article-premier-test-reussi-pour-podemos","status":"publish","type":"post","link":"https:\/\/archives.regards.fr\/?p=8523","title":{"rendered":"Premier test r\u00e9ussi pour Podemos en Andalousie"},"content":{"rendered":"<p class=\"post_excerpt\">Un an apr\u00e8s son apparition dans le paysage politique espagnol, Podemos confirme sa dynamique aux \u00e9lections r\u00e9gionales andalouses et se place pour la suite. Si les socialistes conservent la r\u00e9gion, le Parti populaire fait naufrage\u2026 en compagnie de Izquierda unida.<\/p>\n<p>Quelques mois apr\u00e8s sa perc\u00e9e lors des Europ\u00e9ennes de 2014, le parti issu du mouvement des Indign\u00e9s se devait de confirmer. C&#8217;est chose faite en Andalousie, \u00e0 l&#8217;occasion des \u00e9lections r\u00e9gionales anticip\u00e9es qui se sont tenues dimanche. Certes, Podemos n&#8217;arrive qu&#8217;en troisi\u00e8me position, derri\u00e8re le PSOE et le PP, mais c&#8217;est bel et bien une victoire pour le parti dirig\u00e9 par Pablo Iglesias.<\/p>\n<p>Apr\u00e8s une campagne express et un duel jou\u00e9 d&#8217;avance entre le PSOE de Susana Diaz et Podemos de Teresa Rodriguez, c&#8217;est sans surprise que <a href=\"http:\/\/elecciones.eldiario.es\/autonomicas\/andalucia\/2015\/\">la socialiste conserve la r\u00e9gion Andalousie<\/a>. Le PSOE garde ses 47 si\u00e8ges au parlement andalou, avec 35% des voix, mais avec le plus mauvais score du PSOE depuis des d\u00e9cennies dans cette r\u00e9gion. Podemos, pour sa premi\u00e8re participation \u00e0 une \u00e9lection en tant que parti, glane 15% des suffrages et acquiert ainsi 15 si\u00e8ges. <a href=\"http:\/\/www.eldiario.es\/politica\/GRAFICO-partidos-perdido-elecciones-andaluzas_0_369563070.html\">La v\u00e9ritable d\u00e9b\u00e2cle est \u00e0 attribuer au PP<\/a>, qui tombe \u00e0 33 si\u00e8ges (soit 17 de moins qu&#8217;en 2012) avec 27% des suffrages. Mais le chiffre qui fait mal est celui des votes : 500.000 voix en moins pour le parti dit &#8220;populaire&#8221;.<\/p>\n<p><strong><em>Podemos \u00e9chappe au pi\u00e8ge<br \/>\n<\/strong><\/em><\/p>\n<p>La r\u00e9gion Andalousie est un fief du PSOE depuis 1982. En 2012, il avait tout de m\u00eame fallu faire front commun avec Izquierda unida pour obtenir une majorit\u00e9 et ainsi devancer le PP et ses trois si\u00e8ges d&#8217;avance. Cette fois-ci, emmen\u00e9 par Susana Diaz, pr\u00e9sidente de la r\u00e9gion depuis 2013, les socialistes avaient peu de craintes quant \u00e0 l&#8217;issue de ce suffrage. Le PP souffre d&#8217;une trop mauvaise r\u00e9putation depuis la crise et l&#8217;\u00e9lection de Mariano Rajoy. Seule \u00e9pine dans le pied : Podemos. Son influence en Andalousie est toujours plus importante (c&#8217;est la r\u00e9gion d&#8217;Espagne o\u00f9 il y a le plus de cercles) et le parti envoyait Teresa Rodriguez, originaire de la r\u00e9gion de Cadiz, <a href=\"https:\/\/wp.muchomaas.com\/web\/article\/teresa-rodriguez-l-anti-iglesias\">eurod\u00e9put\u00e9e et tr\u00e8s influente au sein de Podemos<\/a>. <\/p>\n<p>Pour tenter d&#8217;enrayer cette dynamique, le PSOE a choisi d&#8217;organiser ces \u00e9lections anticip\u00e9es, pariant que le manque d&#8217;exp\u00e9rience et de temps jouerait en d\u00e9faveur de Podemos. On ne peut pas dire que c&#8217;est une r\u00e9ussite, car si Susana Diaz sauve les meubles, en quelques semaines \u00e0 peine, Podemos est parvenu \u00e0 s&#8217;organiser suffisamment pour faire une irruption cons\u00e9quente au parlement andalou. La dynamique est plus que jamais en marche et Podemos s&#8217;installe confortablement \u00e0 la troisi\u00e8me place, dans une Espagne mur\u00e9e au bipartisme.<\/p>\n<p>Certes, du c\u00f4t\u00e9 de Podemos, on esp\u00e9rait faire encore mieux avec l&#8217;objectif d&#8217;au moins 20 si\u00e8ges, mais on se f\u00e9licite d&#8217;avoir tripl\u00e9 les r\u00e9sultats des Europ\u00e9ennes. Pour Teresa Rodriguez, la mission des \u00e9lus de Podemos commence <em>\u00ab d\u00e8s aujourd&#8217;hui \u00bb<\/em>, m\u00eame si avec 15 parlementaires, son influence restera modeste. Elle a d&#8217;ores et d\u00e9j\u00e0 fix\u00e9 deux objectifs : <em>\u00ab Mener \u00e0 bien nos propositions et surveiller chaque recoin du Parlement.<\/em> \u00bb Rodriguez fait allusion \u00e0 la lutte contre la corruption, v\u00e9ritable cheval de bataille de Podemos. Il faut dire que le PSOE andalou ne porte pas vraiment en lui une r\u00e9putation d&#8217;int\u00e9grit\u00e9 et d&#8217;honn\u00eatet\u00e9.<\/p>\n<p><strong><em>Izquierda unida touche le fond<br \/>\n<\/strong><\/em><\/p>\n<p>L&#8217;autre surprise de cette \u00e9lection, c&#8217;est le parti Ciudadanos, sorte de Podemos de droite, qui arrive en quatri\u00e8me position avec 9% des voix, soit neuf repr\u00e9sentants. Fond\u00e9 en Catalogne avec pour principale revendication une opposition \u00e0 l&#8217;ind\u00e9pendantisme, Ciudadanos a profit\u00e9 de l&#8217;engouement des Espagnols pour des mouvements comme Podemos, et surtout de la perte de sens de la distinction gauche \/ droite, pour s&#8217;exporter dans toute l&#8217;Espagne et siphonner les voix du PP.<\/p>\n<p>Mais s&#8217;il est un autre parti que le PP qui souffre depuis quelques temps, c&#8217;est Izquierda unida. IU s&#8217;est pr\u00e9sent\u00e9 \u00e0 cette \u00e9lection \u00e0 l&#8217;int\u00e9rieur de la coalition comprenant \u00e9galement Les Verts et Convocatoria por Andaluc\u00eda (IULV-CA). Mais ce fut loin d&#8217;\u00eatre suffisant : la gauche radicale est litt\u00e9ralement \u00e0 terre, laissant sept si\u00e8ges lui \u00e9chapper et obtenant moins de 7% des suffrages. Le fait que Podemos ait d\u00e9nonc\u00e9 leurs alliances avec le PSOE lors de la l\u00e9gislature pr\u00e9c\u00e9dente semble avoir converti bon nombre d&#8217;\u00e9lecteurs de gauche.<\/p>\n<p>Reste d\u00e9sormais \u00e0 savoir avec qui Susana Diaz fera des alliances pour gouverner l&#8217;Andalousie, car il lui manque encore huit si\u00e8ges pour former une majorit\u00e9. Elle a affirm\u00e9 apr\u00e8s son \u00e9lection que le PSOE ferait cavalier seul. Il faut dire qu&#8217;elle n&#8217;a plus franchement d&#8217;alli\u00e9s en dehors de son parti. Il lui sera compliqu\u00e9 de renouer avec IU, qui, tellement compromise par ses coalitions pass\u00e9es avec les socialistes, <a href=\"http:\/\/www.europapress.es\/nacional\/noticia-maillo-ve-dificil-volver-pactar-psoe-asegura-iu-nunca-permitira-pp-entra-andalucia-20150127090148.html\">remet aujourd&#8217;hui en cause cette strat\u00e9gie<\/a>. De toute fa\u00e7on, IU ne poss\u00e8de plus suffisamment d&#8217;\u00e9lus pour pouvoir apporter une majorit\u00e9 au PSOE. En r\u00e9alit\u00e9, il ne reste plus \u00e0 Diaz que Ciudadanos pour gouverner. Mais des accords de ce genre ne seraient que ponctuels, <a href=\"http:\/\/www.cuartopoder.es\/invitados\/2015\/03\/23\/susana-diaz-quiere-gobernar-en-minoria-y-establecer-acuerdos-puntuales-con-ciudadanos\/5092\">assure-t-on dans le camp socialiste<\/a>.<\/p>\n<p>Ce qui semble certain \u00e0 l&#8217;issue de ce scrutin, c&#8217;est le message des Andalous \u00e0 leurs repr\u00e9sentants. La politique traditionnelle propos\u00e9e par les deux partis historiques ne peut plus \u00eatre l&#8217;unique option. Il y a des alternatives, un ardent d\u00e9sir des citoyens de changement et de d\u00e9mocratie participative. Cette intense ann\u00e9e \u00e9lectorale espagnole devrait le confirmer \u00e0 plusieurs reprises.<br \/>\n<div id='gallery-1' class='gallery galleryid-8523 gallery-columns-3 gallery-size-thumbnail'><figure class='gallery-item'>\n\t\t\t<div class='gallery-icon landscape'>\n\t\t\t\t<a href='https:\/\/archives.regards.fr\/wp-content\/uploads\/2015\/03\/podemos-andalousie-ab1.jpg'><img loading=\"lazy\" decoding=\"async\" width=\"150\" height=\"150\" src=\"https:\/\/archives.regards.fr\/wp-content\/uploads\/2015\/03\/podemos-andalousie-ab1-150x150.jpg\" class=\"attachment-thumbnail size-thumbnail\" alt=\"podemos-andalousie.jpg\" \/><\/a>\n\t\t\t<\/div><\/figure>\n\t\t<\/div>\n<\/p>\n","protected":false},"excerpt":{"rendered":"<p>Un an apr\u00e8s son apparition dans le paysage politique espagnol, Podemos confirme sa dynamique aux \u00e9lections r\u00e9gionales andalouses et se place pour la suite. Si les socialistes conservent la r\u00e9gion, le Parti populaire fait naufrage\u2026 en compagnie de Izquierda unida.<\/p>\n","protected":false},"author":1203,"featured_media":21708,"comment_status":"open","ping_status":"open","sticky":false,"template":"","format":"standard","meta":{"_themeisle_gutenberg_block_has_review":false,"footnotes":""},"categories":[157],"tags":[419,483],"class_list":["post-8523","post","type-post","status-publish","format-standard","has-post-thumbnail","hentry","category-web","tag-espagne","tag-podemos"],"_links":{"self":[{"href":"https:\/\/archives.regards.fr\/index.php?rest_route=\/wp\/v2\/posts\/8523","targetHints":{"allow":["GET"]}}],"collection":[{"href":"https:\/\/archives.regards.fr\/index.php?rest_route=\/wp\/v2\/posts"}],"about":[{"href":"https:\/\/archives.regards.fr\/index.php?rest_route=\/wp\/v2\/types\/post"}],"author":[{"embeddable":true,"href":"https:\/\/archives.regards.fr\/index.php?rest_route=\/wp\/v2\/users\/1203"}],"replies":[{"embeddable":true,"href":"https:\/\/archives.regards.fr\/index.php?rest_route=%2Fwp%2Fv2%2Fcomments&post=8523"}],"version-history":[{"count":0,"href":"https:\/\/archives.regards.fr\/index.php?rest_route=\/wp\/v2\/posts\/8523\/revisions"}],"wp:featuredmedia":[{"embeddable":true,"href":"https:\/\/archives.regards.fr\/index.php?rest_route=\/wp\/v2\/media\/21708"}],"wp:attachment":[{"href":"https:\/\/archives.regards.fr\/index.php?rest_route=%2Fwp%2Fv2%2Fmedia&parent=8523"}],"wp:term":[{"taxonomy":"category","embeddable":true,"href":"https:\/\/archives.regards.fr\/index.php?rest_route=%2Fwp%2Fv2%2Fcategories&post=8523"},{"taxonomy":"post_tag","embeddable":true,"href":"https:\/\/archives.regards.fr\/index.php?rest_route=%2Fwp%2Fv2%2Ftags&post=8523"}],"curies":[{"name":"wp","href":"https:\/\/api.w.org\/{rel}","templated":true}]}}